{"id":4579,"date":"2024-06-28T16:47:13","date_gmt":"2024-06-28T16:47:13","guid":{"rendered":"https:\/\/pornuestrolaredo.com\/?p=4579"},"modified":"2024-06-28T16:47:13","modified_gmt":"2024-06-28T16:47:13","slug":"deja-la-princesa-ana-el-hospital","status":"publish","type":"post","link":"https:\/\/pornuestrolaredo.com\/?p=4579","title":{"rendered":"Deja la Princesa Ana el hospital"},"content":{"rendered":"<p><strong><em>LONDRES.-<\/em><\/strong> La princesa Ana, hermana menor del rey brit\u00e1nico Carlos III, fue dada de alta hoy 28 de junio del hospital tras cinco d\u00edas internada debido a una lesi\u00f3n en la cabeza, inform\u00f3 el Palacio de Buckingham este viernes.<\/p>\n<p>Tras haber salido del hospital, la princesa brit\u00e1nica de 73 a\u00f1os continuar\u00e1 con su recuperaci\u00f3n en su casa en Gatcombe Park, en el suroeste de Inglaterra. De acuerdo con el Palacio regresar\u00e1 a sus funciones p\u00fablicas cuando su equipo m\u00e9dico lo permita.<\/p>\n<p>&#8220;Me gustar\u00eda expresar mi m\u00e1s sincero agradecimiento a todo el equipo del Hospital Southmead por su atenci\u00f3n, experiencia y amabilidad durante la corta estad\u00eda de mi esposa&#8221;, dijo su esposo Tim Laurence.<\/p>\n<p>El tambi\u00e9n oficial retirado de la Marina Real brit\u00e1nica hab\u00eda afirmado el mi\u00e9rcoles que su esposa se recuperaba &#8220;lentamente&#8221; tras el accidente provocado supuestamente por un caballo, aunque se desconoce exactamente su origen.<\/p>\n<p>Seg\u00fan medios brit\u00e1nicos, el accidente le provoc\u00f3 problemas de memoria, y la princesa no pod\u00eda recordar con precisi\u00f3n lo que le sucedi\u00f3 mientras caminaba por su propiedad. <\/p>\n<p>La \u00fanica hija de la reina Isabel II result\u00f3 herida el domingo mientras caminaba por los terrenos de su propiedad. Hab\u00eda caballos en las cercan\u00edas en el momento del incidente y su equipo m\u00e9dico dijo que las lesiones en la cabeza eran consistentes con el impacto de la cabeza o las patas de un caballo.<\/p>\n<p>Una fuente real dijo que Ana, una excampeona de Equitaci\u00f3n, hab\u00eda sufrido una conmoci\u00f3n cerebral y no pod\u00eda recordar lo sucedido.<\/p>\n<p>El Palacio hab\u00eda informado este lunes que se esperaba que se recuperara completamente de la lesi\u00f3n. Sin embargo, sus pr\u00f3ximos compromisos se pospusieron y la lesi\u00f3n llev\u00f3 a la princesa a cancelar un viaje a Canad\u00e1 que estaba previsto para esta semana.<\/p>\n<p>La princesa Ana es el miembro m\u00e1s activo de la familia real, con cientos de compromisos al a\u00f1o. En 2023, asisti\u00f3 a m\u00e1s actos que el rey Carlos III.<\/p>\n","protected":false},"excerpt":{"rendered":"<p>La hermana menor del rey rey brit\u00e1nico Carlos III estuvo internada cinco d\u00edas por una lesi\u00f3n en la cabeza<\/p>\n","protected":false},"author":1,"featured_media":4580,"comment_status":"closed","ping_status":"closed","sticky":false,"template":"","format":"standard","meta":{"_crdt_document":"","_jetpack_memberships_contains_paid_content":false,"footnotes":"","jetpack_publicize_message":"","jetpack_publicize_feature_enabled":true,"jetpack_social_post_already_shared":true,"jetpack_social_options":{"image_generator_settings":{"template":"highway","default_image_id":0,"font":"","enabled":false},"version":2},"_wpas_customize_per_network":false},"categories":[9],"tags":[],"class_list":["post-4579","post","type-post","status-publish","format-standard","has-post-thumbnail","hentry","category-el-mundo"],"magazineBlocksPostFeaturedMedia":{"thumbnail":"https:\/\/pornuestrolaredo.com\/wp-content\/uploads\/2024\/06\/107FM-20240628-1-150x150.jpg","medium":"https:\/\/pornuestrolaredo.com\/wp-content\/uploads\/2024\/06\/107FM-20240628-1-300x212.jpg","medium_large":"https:\/\/pornuestrolaredo.com\/wp-content\/uploads\/2024\/06\/107FM-20240628-1-768x542.jpg","large":"https:\/\/pornuestrolaredo.com\/wp-content\/uploads\/2024\/06\/107FM-20240628-1.jpg","1536x1536":"https:\/\/pornuestrolaredo.com\/wp-content\/uploads\/2024\/06\/107FM-20240628-1.jpg","2048x2048":"https:\/\/pornuestrolaredo.com\/wp-content\/uploads\/2024\/06\/107FM-20240628-1.jpg","morenews-large":"https:\/\/pornuestrolaredo.com\/wp-content\/uploads\/2024\/06\/107FM-20240628-1.jpg","morenews-medium":"https:\/\/pornuestrolaredo.com\/wp-content\/uploads\/2024\/06\/107FM-20240628-1.jpg"},"magazineBlocksPostAuthor":{"name":"Redactor","avatar":"https:\/\/pornuestrolaredo.com\/wp-content\/litespeed\/avatar\/dca1d7ec750c399f025f23b0b314f4cf.jpg?ver=1777612120"},"magazineBlocksPostCommentsNumber":false,"magazineBlocksPostExcerpt":"La hermana menor del rey rey brit\u00e1nico Carlos III estuvo internada cinco d\u00edas por una lesi\u00f3n en la cabeza","magazineBlocksPostCategories":["El Mundo"],"magazineBlocksPostViewCount":123,"magazineBlocksPostReadTime":2,"magazine_blocks_featured_image_url":{"full":["https:\/\/pornuestrolaredo.com\/wp-content\/uploads\/2024\/06\/107FM-20240628-1.jpg",800,565,false],"medium":["https:\/\/pornuestrolaredo.com\/wp-content\/uploads\/2024\/06\/107FM-20240628-1-300x212.jpg",300,212,true],"thumbnail":["https:\/\/pornuestrolaredo.com\/wp-content\/uploads\/2024\/06\/107FM-20240628-1-150x150.jpg",150,150,true]},"magazine_blocks_author":{"display_name":"Redactor","author_link":"https:\/\/pornuestrolaredo.com\/?author=1"},"magazine_blocks_comment":0,"magazine_blocks_author_image":"https:\/\/pornuestrolaredo.com\/wp-content\/litespeed\/avatar\/dca1d7ec750c399f025f23b0b314f4cf.jpg?ver=1777612120","magazine_blocks_category":"<a href=\"#\" class=\"category-link category-link-9\">El Mundo<\/a>","jetpack_publicize_connections":[],"featured_image_urls":{"full":["https:\/\/pornuestrolaredo.com\/wp-content\/uploads\/2024\/06\/107FM-20240628-1.jpg",800,565,false],"thumbnail":["https:\/\/pornuestrolaredo.com\/wp-content\/uploads\/2024\/06\/107FM-20240628-1-150x150.jpg",150,150,true],"medium":["https:\/\/pornuestrolaredo.com\/wp-content\/uploads\/2024\/06\/107FM-20240628-1-300x212.jpg",300,212,true],"medium_large":["https:\/\/pornuestrolaredo.com\/wp-content\/uploads\/2024\/06\/107FM-20240628-1-768x542.jpg",640,452,true],"large":["https:\/\/pornuestrolaredo.com\/wp-content\/uploads\/2024\/06\/107FM-20240628-1.jpg",640,452,false],"1536x1536":["https:\/\/pornuestrolaredo.com\/wp-content\/uploads\/2024\/06\/107FM-20240628-1.jpg",800,565,false],"2048x2048":["https:\/\/pornuestrolaredo.com\/wp-content\/uploads\/2024\/06\/107FM-20240628-1.jpg",800,565,false],"morenews-large":["https:\/\/pornuestrolaredo.com\/wp-content\/uploads\/2024\/06\/107FM-20240628-1.jpg",800,565,false],"morenews-medium":["https:\/\/pornuestrolaredo.com\/wp-content\/uploads\/2024\/06\/107FM-20240628-1.jpg",581,410,false]},"author_info":{"info":["Redactor"]},"category_info":"<a href=\"https:\/\/pornuestrolaredo.com\/?cat=9\" rel=\"category\">El Mundo<\/a>","tag_info":"El Mundo","comment_count":"0","jetpack_featured_media_url":"https:\/\/pornuestrolaredo.com\/wp-content\/uploads\/2024\/06\/107FM-20240628-1.jpg","jetpack_sharing_enabled":true,"_links":{"self":[{"href":"https:\/\/pornuestrolaredo.com\/index.php?rest_route=\/wp\/v2\/posts\/4579","targetHints":{"allow":["GET"]}}],"collection":[{"href":"https:\/\/pornuestrolaredo.com\/index.php?rest_route=\/wp\/v2\/posts"}],"about":[{"href":"https:\/\/pornuestrolaredo.com\/index.php?rest_route=\/wp\/v2\/types\/post"}],"author":[{"embeddable":true,"href":"https:\/\/pornuestrolaredo.com\/index.php?rest_route=\/wp\/v2\/users\/1"}],"replies":[{"embeddable":true,"href":"https:\/\/pornuestrolaredo.com\/index.php?rest_route=%2Fwp%2Fv2%2Fcomments&post=4579"}],"version-history":[{"count":1,"href":"https:\/\/pornuestrolaredo.com\/index.php?rest_route=\/wp\/v2\/posts\/4579\/revisions"}],"predecessor-version":[{"id":4581,"href":"https:\/\/pornuestrolaredo.com\/index.php?rest_route=\/wp\/v2\/posts\/4579\/revisions\/4581"}],"wp:featuredmedia":[{"embeddable":true,"href":"https:\/\/pornuestrolaredo.com\/index.php?rest_route=\/wp\/v2\/media\/4580"}],"wp:attachment":[{"href":"https:\/\/pornuestrolaredo.com\/index.php?rest_route=%2Fwp%2Fv2%2Fmedia&parent=4579"}],"wp:term":[{"taxonomy":"category","embeddable":true,"href":"https:\/\/pornuestrolaredo.com\/index.php?rest_route=%2Fwp%2Fv2%2Fcategories&post=4579"},{"taxonomy":"post_tag","embeddable":true,"href":"https:\/\/pornuestrolaredo.com\/index.php?rest_route=%2Fwp%2Fv2%2Ftags&post=4579"}],"curies":[{"name":"wp","href":"https:\/\/api.w.org\/{rel}","templated":true}]}}