{"id":4582,"date":"2024-06-28T23:16:26","date_gmt":"2024-06-28T23:16:26","guid":{"rendered":"https:\/\/pornuestrolaredo.com\/?p=4582"},"modified":"2024-06-28T23:16:26","modified_gmt":"2024-06-28T23:16:26","slug":"arranca-el-lunes-pago-a-los-abuelitos","status":"publish","type":"post","link":"https:\/\/pornuestrolaredo.com\/?p=4582","title":{"rendered":"Arranca el lunes pago a los abuelitos"},"content":{"rendered":"<p><strong><em>CIUDAD DE M\u00c9XICO.-<\/em><\/strong> Tras finalizar la veda electoral de este 2024, la Secretar\u00eda del Bienestar anunci\u00f3 que se reanudar\u00e1n los pagos de los programas sociales que benefician a m\u00e1s de 12 millones de personas adultas mayores con un pago bimestral de 6 mil pesos; a  1 mill\u00f3n 004 mil personas con discapacidad que reciben 3 mil 100 pesos cada dos meses; y a hijas e hijos de madres trabajadoras que se benefician con un apoyo bimestral de mil 600 pesos.<\/p>\n<p>Del 1 al 31 de julio se realizar\u00e1 el pago correspondiente al bimestre julio &#8211; agosto, as\u00ed lo inform\u00f3 la titular del Bienestar, Ariadna Montiel Reyes, a trav\u00e9s de sus redes sociales, mismo medio por el cual se dar\u00e1 a conocer el calendario de pago en pr\u00f3ximos d\u00edas. Aunque no se han dado fechas exactas, la entrega de apoyos se realiza de acuerdo al primer apellido de los benficiarios.<\/p>\n<p>Montiel se\u00f1al\u00f3 que las pensiones y programas del bienestar llegan a 14 millones 433 mil 422 derechohabientes, los cuales reciben su apoyo a trav\u00e9s de la tarjeta tarjeta del banco del bienestar de manera directa y sin intermediarios.<\/p>\n<p><strong>PR\u00d3XIMAS NOTICIAS<br \/>\n<\/strong><br \/>\nAsimismo, pidi\u00f3 permanecer atentos a las redes sociales de la Secretar\u00eda del Bienestar, donde se prev\u00e9 haya noticias el pr\u00f3ximo lunes 24 de junio.<\/p>\n<p> Adicionalmente, la Secretar\u00eda del Bienestar ha confirmado que se est\u00e1n tomando medidas para asegurar que la distribuci\u00f3n de los fondos se realice de manera eficiente y transparente. Esto incluye la implementaci\u00f3n de nuevas tecnolog\u00edas y la colaboraci\u00f3n con otras instituciones gubernamentales para evitar cualquier retraso en los pagos y garantizar que los beneficios lleguen directamente a los beneficiarios. <\/p>\n<p>Se ha hecho \u00e9nfasis en la importancia de estos programas en la mejora de la calidad de vida de millones de mexicanos, destacando el compromiso del gobierno para con sus ciudadanos m\u00e1s vulnerables.<\/p>\n","protected":false},"excerpt":{"rendered":"<p>La Secretar\u00eda del Bienestar anuncia que tambi\u00e9n se entregar\u00e1n pensiones a personas con discapacidad y a a hijas e hijos de madres trabajadoras<\/p>\n","protected":false},"author":1,"featured_media":4583,"comment_status":"closed","ping_status":"closed","sticky":false,"template":"","format":"standard","meta":{"_crdt_document":"","_jetpack_memberships_contains_paid_content":false,"footnotes":"","jetpack_publicize_message":"","jetpack_publicize_feature_enabled":true,"jetpack_social_post_already_shared":true,"jetpack_social_options":{"image_generator_settings":{"template":"highway","default_image_id":0,"font":"","enabled":false},"version":2},"_wpas_customize_per_network":false},"categories":[33],"tags":[],"class_list":["post-4582","post","type-post","status-publish","format-standard","has-post-thumbnail","hentry","category-mexico"],"magazineBlocksPostFeaturedMedia":{"thumbnail":"https:\/\/pornuestrolaredo.com\/wp-content\/uploads\/2024\/06\/Stereo91-20240628-1-150x150.jpg","medium":"https:\/\/pornuestrolaredo.com\/wp-content\/uploads\/2024\/06\/Stereo91-20240628-1-300x186.jpg","medium_large":"https:\/\/pornuestrolaredo.com\/wp-content\/uploads\/2024\/06\/Stereo91-20240628-1-768x475.jpg","large":"https:\/\/pornuestrolaredo.com\/wp-content\/uploads\/2024\/06\/Stereo91-20240628-1.jpg","1536x1536":"https:\/\/pornuestrolaredo.com\/wp-content\/uploads\/2024\/06\/Stereo91-20240628-1.jpg","2048x2048":"https:\/\/pornuestrolaredo.com\/wp-content\/uploads\/2024\/06\/Stereo91-20240628-1.jpg","morenews-large":"https:\/\/pornuestrolaredo.com\/wp-content\/uploads\/2024\/06\/Stereo91-20240628-1.jpg","morenews-medium":"https:\/\/pornuestrolaredo.com\/wp-content\/uploads\/2024\/06\/Stereo91-20240628-1.jpg"},"magazineBlocksPostAuthor":{"name":"Redactor","avatar":"https:\/\/pornuestrolaredo.com\/wp-content\/litespeed\/avatar\/dca1d7ec750c399f025f23b0b314f4cf.jpg?ver=1777612120"},"magazineBlocksPostCommentsNumber":false,"magazineBlocksPostExcerpt":"La Secretar\u00eda del Bienestar anuncia que tambi\u00e9n se entregar\u00e1n pensiones a personas con discapacidad y a a hijas e hijos de madres trabajadoras","magazineBlocksPostCategories":["Mexico"],"magazineBlocksPostViewCount":177,"magazineBlocksPostReadTime":2,"magazine_blocks_featured_image_url":{"full":["https:\/\/pornuestrolaredo.com\/wp-content\/uploads\/2024\/06\/Stereo91-20240628-1.jpg",800,495,false],"medium":["https:\/\/pornuestrolaredo.com\/wp-content\/uploads\/2024\/06\/Stereo91-20240628-1-300x186.jpg",300,186,true],"thumbnail":["https:\/\/pornuestrolaredo.com\/wp-content\/uploads\/2024\/06\/Stereo91-20240628-1-150x150.jpg",150,150,true]},"magazine_blocks_author":{"display_name":"Redactor","author_link":"https:\/\/pornuestrolaredo.com\/?author=1"},"magazine_blocks_comment":0,"magazine_blocks_author_image":"https:\/\/pornuestrolaredo.com\/wp-content\/litespeed\/avatar\/dca1d7ec750c399f025f23b0b314f4cf.jpg?ver=1777612120","magazine_blocks_category":"<a href=\"#\" class=\"category-link category-link-33\">Mexico<\/a>","jetpack_publicize_connections":[],"featured_image_urls":{"full":["https:\/\/pornuestrolaredo.com\/wp-content\/uploads\/2024\/06\/Stereo91-20240628-1.jpg",800,495,false],"thumbnail":["https:\/\/pornuestrolaredo.com\/wp-content\/uploads\/2024\/06\/Stereo91-20240628-1-150x150.jpg",150,150,true],"medium":["https:\/\/pornuestrolaredo.com\/wp-content\/uploads\/2024\/06\/Stereo91-20240628-1-300x186.jpg",300,186,true],"medium_large":["https:\/\/pornuestrolaredo.com\/wp-content\/uploads\/2024\/06\/Stereo91-20240628-1-768x475.jpg",640,396,true],"large":["https:\/\/pornuestrolaredo.com\/wp-content\/uploads\/2024\/06\/Stereo91-20240628-1.jpg",640,396,false],"1536x1536":["https:\/\/pornuestrolaredo.com\/wp-content\/uploads\/2024\/06\/Stereo91-20240628-1.jpg",800,495,false],"2048x2048":["https:\/\/pornuestrolaredo.com\/wp-content\/uploads\/2024\/06\/Stereo91-20240628-1.jpg",800,495,false],"morenews-large":["https:\/\/pornuestrolaredo.com\/wp-content\/uploads\/2024\/06\/Stereo91-20240628-1.jpg",800,495,false],"morenews-medium":["https:\/\/pornuestrolaredo.com\/wp-content\/uploads\/2024\/06\/Stereo91-20240628-1.jpg",590,365,false]},"author_info":{"info":["Redactor"]},"category_info":"<a href=\"https:\/\/pornuestrolaredo.com\/?cat=33\" rel=\"category\">Mexico<\/a>","tag_info":"Mexico","comment_count":"0","jetpack_featured_media_url":"https:\/\/pornuestrolaredo.com\/wp-content\/uploads\/2024\/06\/Stereo91-20240628-1.jpg","jetpack_sharing_enabled":true,"_links":{"self":[{"href":"https:\/\/pornuestrolaredo.com\/index.php?rest_route=\/wp\/v2\/posts\/4582","targetHints":{"allow":["GET"]}}],"collection":[{"href":"https:\/\/pornuestrolaredo.com\/index.php?rest_route=\/wp\/v2\/posts"}],"about":[{"href":"https:\/\/pornuestrolaredo.com\/index.php?rest_route=\/wp\/v2\/types\/post"}],"author":[{"embeddable":true,"href":"https:\/\/pornuestrolaredo.com\/index.php?rest_route=\/wp\/v2\/users\/1"}],"replies":[{"embeddable":true,"href":"https:\/\/pornuestrolaredo.com\/index.php?rest_route=%2Fwp%2Fv2%2Fcomments&post=4582"}],"version-history":[{"count":1,"href":"https:\/\/pornuestrolaredo.com\/index.php?rest_route=\/wp\/v2\/posts\/4582\/revisions"}],"predecessor-version":[{"id":4584,"href":"https:\/\/pornuestrolaredo.com\/index.php?rest_route=\/wp\/v2\/posts\/4582\/revisions\/4584"}],"wp:featuredmedia":[{"embeddable":true,"href":"https:\/\/pornuestrolaredo.com\/index.php?rest_route=\/wp\/v2\/media\/4583"}],"wp:attachment":[{"href":"https:\/\/pornuestrolaredo.com\/index.php?rest_route=%2Fwp%2Fv2%2Fmedia&parent=4582"}],"wp:term":[{"taxonomy":"category","embeddable":true,"href":"https:\/\/pornuestrolaredo.com\/index.php?rest_route=%2Fwp%2Fv2%2Fcategories&post=4582"},{"taxonomy":"post_tag","embeddable":true,"href":"https:\/\/pornuestrolaredo.com\/index.php?rest_route=%2Fwp%2Fv2%2Ftags&post=4582"}],"curies":[{"name":"wp","href":"https:\/\/api.w.org\/{rel}","templated":true}]}}