{"id":4585,"date":"2024-06-28T23:29:16","date_gmt":"2024-06-28T23:29:16","guid":{"rendered":"https:\/\/pornuestrolaredo.com\/?p=4585"},"modified":"2024-06-28T23:29:16","modified_gmt":"2024-06-28T23:29:16","slug":"en-eu-es-delito-dormir-en-las-calles","status":"publish","type":"post","link":"https:\/\/pornuestrolaredo.com\/?p=4585","title":{"rendered":"En EU, es delito dormir en las calles"},"content":{"rendered":"<p><strong>WASHINGTON.- <\/strong>La Corte Suprema de Estados Unidos calific\u00f3 este viernes de constitucionales las leyes que proh\u00edben a las personas sin hogar dormir al aire libre, rechazando los argumentos de que esa pr\u00e1ctica equival\u00eda a un castigo cruel. Un r\u00e9cord de 653 mil 100 personas est\u00e1n sin hogar en todo Estados Unidos, seg\u00fan un recuento de 2023.<\/p>\n<p>El caso abordado por el m\u00e1ximo tribunal se origin\u00f3 en las regulaciones de la ciudad de Grants Pass, en el occidental estado de Oreg\u00f3n, que proh\u00edben acampar o utilizar cualquier tipo de ropa de cama en una propiedad p\u00fablica. Esa disposici\u00f3n fue tomada despu\u00e9s que los parques de la ciudad se llenaran de tiendas de campa\u00f1a, mantas y cartones. <\/p>\n<p>Quienes la infrinjan se enfrentan a una multa de 100 d\u00f3lares y posibles penas de prisi\u00f3n para los reincidentes. La decisi\u00f3n de la Corte, tomada por sus seis jueces conservadores con el voto disidente de los tres de la minor\u00eda progresista, estipula que la falta de vivienda no es una condici\u00f3n que habilite a nadie a invocar la enmienda constitucional que proh\u00edbe los castigos corporales. <\/p>\n<blockquote><p>La Octava Enmienda de la Constituci\u00f3n cumple muchas funciones importantes, pero no autoriza a los jueces federales a arrebatar esos derechos y responsabilidades al pueblo estadounidense y, en su lugar, dictar la pol\u00edtica de esta naci\u00f3n para las personas sin hogar&#8221;, escribi\u00f3 el juez Neil Gorsuch a nombre de la mayor\u00eda.<\/p><\/blockquote>\n<p>La Corte Suprema asumi\u00f3 el caso despu\u00e9s de que una coalici\u00f3n de estados liderados por republicanos, como Arizona, y dirigentes progresistas como el gobernador de California, Gavin Newsom, se quejaran de que un fallo de un tribunal inferior les imped\u00eda abordar la crisis de las personas sin hogar. <\/p>\n<p>El ala conservadora de la Corte Suprema sostuvo durante las discusiones que se trata de un asunto que debe ser resuelto por cada estado y cada ciudad. Abogados de las personas sin hogar han argumentado que prohibir acampar a gente que no tiene d\u00f3nde pasar la noche equivale a un &#8220;castigo cruel e inusual&#8221; sancionado por la Octava Enmienda de la Constituci\u00f3n estadunidense. <\/p>\n<blockquote><p>Dormir es una necesidad biol\u00f3gica, no un delito. Para algunas personas, dormir al aire libre es su \u00fanica opci\u00f3n&#8221;, dijo la jueza Sonia Sotomayor, de la minor\u00eda progresista.<\/p><\/blockquote>\n<p>Grants Pass, un municipio de 40 mil habitantes, carece de refugios p\u00fablicos para personas sin hogar.  Economistas sostienen que Estados Unidos no dispone de un stock de viviendas suficiente para satisfacer la demanda, lo que impulsa los precios al alza, afectando fundamentalmente a los sectores m\u00e1s pobres y favoreciendo la expansi\u00f3n del fen\u00f3meno de los &#8220;sin techo&#8221;.<\/p>\n<p>La Corte Suprema de Estados Unidos tambi\u00e9n limit\u00f3 el campo de acci\u00f3n de una ley utilizada contra los partidarios del expresidente republicano Donald Trump que asaltaron el Capitolio el 6 de enero de 2021, al anular un cargo contra uno de ellos.  Esta decisi\u00f3n podr\u00eda tener consecuencias indirectas en el juicio federal contra Donald Trump por supuestamente haber intentado alterar el resultado de las elecciones de 2020, ya que este cargo es uno de los que pesan sobre \u00e9l. <\/p>\n<p>Este juicio de Trump est\u00e1 suspendido a la espera de que la Corte Suprema se pronuncie \u2014en principio el lunes\u2014 sobre la inmunidad penal que reclama como expresidente. El fallo del viernes se centra en si el cargo de obstrucci\u00f3n de un procedimiento oficial se aplica al asalto al Capitolio, es decir, al intento de impedir que el Congreso validara los resultados de las elecciones.<\/p>\n<p>El tribunal, por mayor\u00eda de seis votos contra tres considera que no puede aplicarse al expolic\u00eda Joseph Fischer por lo que hizo el 6 de enero de 2021. <\/p>\n<p>Para probar que la ley se ha violado en este caso, la fiscal\u00eda debe &#8220;establecer que el imputado comprometi\u00f3 la disponibilidad o integridad de registros, documentos u objetos destinados a ser utilizados en un procedimiento oficial&#8221;, escribi\u00f3 el presidente de la Corte, John Roberts, en nombre de la mayor\u00eda. <\/p>\n<p>Por el contrario, la jueza conservadora Amy Coney Barrett y dos colegas progresistas discrepan. Estima que se trata de &#8220;contorsiones sem\u00e1nticas&#8221; para dar a la ley una interpretaci\u00f3n m\u00e1s restrictiva que la que, seg\u00fan ella, pretend\u00eda el Congreso. <\/p>\n<p>El secretario de Justicia, Merrick Garland, deplor\u00f3 en un comunicado esta decisi\u00f3n, que &#8220;limita una importante ley federal&#8221; utilizada por sus servicios para responsabilizar a los principales autores del &#8220;ataque sin precedentes&#8221; contra el sistema institucional del 6 de enero de 2021.<\/p>\n<p>Pero &#8220;s\u00f3lo tendr\u00e1 consecuencias en un peque\u00f1o n\u00famero de casos&#8221;, seg\u00fan el departamento, que precisa que de las m\u00e1s de mil 400 personas acusadas por su participaci\u00f3n en el asalto al Capitolio, menos del 18% fueron procesadas o declaradas culpables de este cargo. De los que lo fueron, unos 50 fueron condenados s\u00f3lo por este cargo y 27 cumplen actualmente pena de prisi\u00f3n, seg\u00fan la misma fuente.<\/p>\n","protected":false},"excerpt":{"rendered":"<p>Avala la Corte Suprema leyes de estados que quieren castigar a las personas indigentes<\/p>\n","protected":false},"author":1,"featured_media":4586,"comment_status":"closed","ping_status":"closed","sticky":false,"template":"","format":"standard","meta":{"_crdt_document":"","_jetpack_memberships_contains_paid_content":false,"footnotes":"","jetpack_publicize_message":"","jetpack_publicize_feature_enabled":true,"jetpack_social_post_already_shared":true,"jetpack_social_options":{"image_generator_settings":{"template":"highway","default_image_id":0,"font":"","enabled":false},"version":2},"_wpas_customize_per_network":false},"categories":[9],"tags":[],"class_list":["post-4585","post","type-post","status-publish","format-standard","has-post-thumbnail","hentry","category-el-mundo"],"magazineBlocksPostFeaturedMedia":{"thumbnail":"https:\/\/pornuestrolaredo.com\/wp-content\/uploads\/2024\/06\/Stereo91-20240628-2-150x150.jpg","medium":"https:\/\/pornuestrolaredo.com\/wp-content\/uploads\/2024\/06\/Stereo91-20240628-2-300x169.jpg","medium_large":"https:\/\/pornuestrolaredo.com\/wp-content\/uploads\/2024\/06\/Stereo91-20240628-2-768x432.jpg","large":"https:\/\/pornuestrolaredo.com\/wp-content\/uploads\/2024\/06\/Stereo91-20240628-2.jpg","1536x1536":"https:\/\/pornuestrolaredo.com\/wp-content\/uploads\/2024\/06\/Stereo91-20240628-2.jpg","2048x2048":"https:\/\/pornuestrolaredo.com\/wp-content\/uploads\/2024\/06\/Stereo91-20240628-2.jpg","morenews-large":"https:\/\/pornuestrolaredo.com\/wp-content\/uploads\/2024\/06\/Stereo91-20240628-2.jpg","morenews-medium":"https:\/\/pornuestrolaredo.com\/wp-content\/uploads\/2024\/06\/Stereo91-20240628-2.jpg"},"magazineBlocksPostAuthor":{"name":"Redactor","avatar":"https:\/\/pornuestrolaredo.com\/wp-content\/litespeed\/avatar\/dca1d7ec750c399f025f23b0b314f4cf.jpg?ver=1777612120"},"magazineBlocksPostCommentsNumber":false,"magazineBlocksPostExcerpt":"Avala la Corte Suprema leyes de estados que quieren castigar a las personas indigentes","magazineBlocksPostCategories":["El Mundo"],"magazineBlocksPostViewCount":143,"magazineBlocksPostReadTime":5,"magazine_blocks_featured_image_url":{"full":["https:\/\/pornuestrolaredo.com\/wp-content\/uploads\/2024\/06\/Stereo91-20240628-2.jpg",850,478,false],"medium":["https:\/\/pornuestrolaredo.com\/wp-content\/uploads\/2024\/06\/Stereo91-20240628-2-300x169.jpg",300,169,true],"thumbnail":["https:\/\/pornuestrolaredo.com\/wp-content\/uploads\/2024\/06\/Stereo91-20240628-2-150x150.jpg",150,150,true]},"magazine_blocks_author":{"display_name":"Redactor","author_link":"https:\/\/pornuestrolaredo.com\/?author=1"},"magazine_blocks_comment":0,"magazine_blocks_author_image":"https:\/\/pornuestrolaredo.com\/wp-content\/litespeed\/avatar\/dca1d7ec750c399f025f23b0b314f4cf.jpg?ver=1777612120","magazine_blocks_category":"<a href=\"#\" class=\"category-link category-link-9\">El Mundo<\/a>","jetpack_publicize_connections":[],"featured_image_urls":{"full":["https:\/\/pornuestrolaredo.com\/wp-content\/uploads\/2024\/06\/Stereo91-20240628-2.jpg",850,478,false],"thumbnail":["https:\/\/pornuestrolaredo.com\/wp-content\/uploads\/2024\/06\/Stereo91-20240628-2-150x150.jpg",150,150,true],"medium":["https:\/\/pornuestrolaredo.com\/wp-content\/uploads\/2024\/06\/Stereo91-20240628-2-300x169.jpg",300,169,true],"medium_large":["https:\/\/pornuestrolaredo.com\/wp-content\/uploads\/2024\/06\/Stereo91-20240628-2-768x432.jpg",640,360,true],"large":["https:\/\/pornuestrolaredo.com\/wp-content\/uploads\/2024\/06\/Stereo91-20240628-2.jpg",640,360,false],"1536x1536":["https:\/\/pornuestrolaredo.com\/wp-content\/uploads\/2024\/06\/Stereo91-20240628-2.jpg",850,478,false],"2048x2048":["https:\/\/pornuestrolaredo.com\/wp-content\/uploads\/2024\/06\/Stereo91-20240628-2.jpg",850,478,false],"morenews-large":["https:\/\/pornuestrolaredo.com\/wp-content\/uploads\/2024\/06\/Stereo91-20240628-2.jpg",825,464,false],"morenews-medium":["https:\/\/pornuestrolaredo.com\/wp-content\/uploads\/2024\/06\/Stereo91-20240628-2.jpg",590,332,false]},"author_info":{"info":["Redactor"]},"category_info":"<a href=\"https:\/\/pornuestrolaredo.com\/?cat=9\" rel=\"category\">El Mundo<\/a>","tag_info":"El Mundo","comment_count":"0","jetpack_featured_media_url":"https:\/\/pornuestrolaredo.com\/wp-content\/uploads\/2024\/06\/Stereo91-20240628-2.jpg","jetpack_sharing_enabled":true,"_links":{"self":[{"href":"https:\/\/pornuestrolaredo.com\/index.php?rest_route=\/wp\/v2\/posts\/4585","targetHints":{"allow":["GET"]}}],"collection":[{"href":"https:\/\/pornuestrolaredo.com\/index.php?rest_route=\/wp\/v2\/posts"}],"about":[{"href":"https:\/\/pornuestrolaredo.com\/index.php?rest_route=\/wp\/v2\/types\/post"}],"author":[{"embeddable":true,"href":"https:\/\/pornuestrolaredo.com\/index.php?rest_route=\/wp\/v2\/users\/1"}],"replies":[{"embeddable":true,"href":"https:\/\/pornuestrolaredo.com\/index.php?rest_route=%2Fwp%2Fv2%2Fcomments&post=4585"}],"version-history":[{"count":1,"href":"https:\/\/pornuestrolaredo.com\/index.php?rest_route=\/wp\/v2\/posts\/4585\/revisions"}],"predecessor-version":[{"id":4587,"href":"https:\/\/pornuestrolaredo.com\/index.php?rest_route=\/wp\/v2\/posts\/4585\/revisions\/4587"}],"wp:featuredmedia":[{"embeddable":true,"href":"https:\/\/pornuestrolaredo.com\/index.php?rest_route=\/wp\/v2\/media\/4586"}],"wp:attachment":[{"href":"https:\/\/pornuestrolaredo.com\/index.php?rest_route=%2Fwp%2Fv2%2Fmedia&parent=4585"}],"wp:term":[{"taxonomy":"category","embeddable":true,"href":"https:\/\/pornuestrolaredo.com\/index.php?rest_route=%2Fwp%2Fv2%2Fcategories&post=4585"},{"taxonomy":"post_tag","embeddable":true,"href":"https:\/\/pornuestrolaredo.com\/index.php?rest_route=%2Fwp%2Fv2%2Ftags&post=4585"}],"curies":[{"name":"wp","href":"https:\/\/api.w.org\/{rel}","templated":true}]}}