{"id":4592,"date":"2024-06-29T18:53:01","date_gmt":"2024-06-29T18:53:01","guid":{"rendered":"https:\/\/pornuestrolaredo.com\/?p=4592"},"modified":"2024-06-29T18:55:47","modified_gmt":"2024-06-29T18:55:47","slug":"surge-tormenta-tropical-beryl-llegara-a-tamaulipas","status":"publish","type":"post","link":"https:\/\/pornuestrolaredo.com\/?p=4592","title":{"rendered":"Surge tormenta tropical Beryl \u00bfllegar\u00e1 a Tamaulipas?"},"content":{"rendered":"<p><strong><em>SAN JUAN.-<\/em> <\/strong>La tormenta tropical Beryl avanzaba el s\u00e1bado hacia el sureste del Caribe y podr\u00eda convertirse en el primer hurac\u00e1n del a\u00f1o antes de llegar a Barbados a \u00faltima hora del domingo y su trayectoria parec\u00eda apuntar hacia tierras tamaulipecas.<\/p>\n<p>El Centro Nacional de Huracanes traz\u00f3 una ruta de Beryl que hasta el 4 de julio lo ubica a medio camino entre Canc\u00fan y la isla de Cuba. Si mantiene esa direcci\u00f3n ingresar\u00e1 al Golfo de M\u00e9xico en un punto muy cercano a donde naci\u00f3 Alberto, la tormenta tropical que golpe\u00f3 tierras tamaulipecas.<\/p>\n<p>A diferencia con Alberto, Beryl ya ser\u00eda un hurac\u00e1n categor\u00eda 1, con vientos de 145 kil\u00f3metros y las c\u00e1lidas aguas del Golfo de M\u00e9xico podr\u00edan darle a\u00fan m\u00e1s fuerza.<\/p>\n<p>El Servicio Meteorol\u00f3gico de Barbados activ\u00f3 una alerta por hurac\u00e1n para la isla y advirti\u00f3 de posibles inundaciones repentinas y cortes de electricidad.<\/p>\n<p>Beryl podr\u00eda ganar fuerza hasta convertirse en un meteoro de categor\u00eda 2 antes de llegar a Barbados, donde se prev\u00e9 que su v\u00f3rtice pase a unos 45 kil\u00f3metros (26 millas) al sur de la isla, explic\u00f3 Sabu Best, director de la agencia meteorol\u00f3gica.<\/p>\n<p>El s\u00e1bado, Beryl estaba a unos 1.570 kms (975 millas) al este-sureste de Barbados con vientos m\u00e1ximos sostenidos de 95 km\/h (60 mph), y avanzaba en direcci\u00f3n oeste a 33 km\/h (21 mph).<\/p>\n<blockquote><p>Tenemos que estar preparados\u201d, dijo la primera ministra de Barbados, Mia Mottley, en un mensaje a la naci\u00f3n el viernes por la noche. \u201cUstedes y yo sabemos que cuando ocurren estas cosas, lo mejor es prepararse para lo peor y rezar por lo mejor\u201d.<\/p><\/blockquote>\n<p>El pa\u00eds acoge a miles de personas con motivo de la final de la Copa Mundial de Cr\u00edquet T20, que enfrent\u00f3 a India y Sud\u00e1frica este s\u00e1bado en la capital, Bridgetown, agreg\u00f3 la mandataria.<\/p>\n<p>Beryl es la segunda tormenta con nombre en lo que se prev\u00e9 ser\u00e1 una temporada de huracanes muy activa y que se extiende desde el 1 de junio al 30 de noviembre en el Atl\u00e1ntico. Hace pocos d\u00edas, la tormenta tropical Alberto toc\u00f3 tierra en tierras tamaulipecas de M\u00e9xico, generando intensas lluvias que provocaron el fallecimiento de cuatro personas.<\/p>\n<p>La Oficina Nacional de Administraci\u00f3n Nacional Oce\u00e1nica y Atmosf\u00e9rica de Estados Unidos pronostica que la temporada de huracanes de 2024 probablemente tenga una actividad bastante por encima del promedio, con entre 17 y 25 tormentas con nombre. Se calcula que habr\u00e1 hasta 13 huracanes y cuatro de ellos de categor\u00eda 3 o mayor.<\/p>\n<p>La temporada promedio de huracanes en el Atl\u00e1ntico tiene unas 14 tormentas con nombre, de las cuales siete son huracanes y tres de ellas de categor\u00eda 3 o mayor.<\/p>\n","protected":false},"excerpt":{"rendered":"<p>Mientras avanza hacia el sureste del Caribe podr\u00eda convertirse en el primer hurac\u00e1n del a\u00f1o antes de llegar a Barbados; podr\u00eda dirigirse luego a Tamaulipas<\/p>\n","protected":false},"author":1,"featured_media":4595,"comment_status":"closed","ping_status":"closed","sticky":false,"template":"","format":"standard","meta":{"_crdt_document":"","_jetpack_memberships_contains_paid_content":false,"footnotes":"","jetpack_publicize_message":"","jetpack_publicize_feature_enabled":true,"jetpack_social_post_already_shared":true,"jetpack_social_options":{"image_generator_settings":{"template":"highway","default_image_id":0,"font":"","enabled":false},"version":2},"_wpas_customize_per_network":false},"categories":[9],"tags":[],"class_list":["post-4592","post","type-post","status-publish","format-standard","has-post-thumbnail","hentry","category-el-mundo"],"magazineBlocksPostFeaturedMedia":{"thumbnail":"https:\/\/pornuestrolaredo.com\/wp-content\/uploads\/2024\/06\/Stereo91-20240629-1-150x150.jpg","medium":"https:\/\/pornuestrolaredo.com\/wp-content\/uploads\/2024\/06\/Stereo91-20240629-1-300x120.jpg","medium_large":"https:\/\/pornuestrolaredo.com\/wp-content\/uploads\/2024\/06\/Stereo91-20240629-1-768x307.jpg","large":"https:\/\/pornuestrolaredo.com\/wp-content\/uploads\/2024\/06\/Stereo91-20240629-1.jpg","1536x1536":"https:\/\/pornuestrolaredo.com\/wp-content\/uploads\/2024\/06\/Stereo91-20240629-1.jpg","2048x2048":"https:\/\/pornuestrolaredo.com\/wp-content\/uploads\/2024\/06\/Stereo91-20240629-1.jpg","morenews-large":"https:\/\/pornuestrolaredo.com\/wp-content\/uploads\/2024\/06\/Stereo91-20240629-1.jpg","morenews-medium":"https:\/\/pornuestrolaredo.com\/wp-content\/uploads\/2024\/06\/Stereo91-20240629-1.jpg"},"magazineBlocksPostAuthor":{"name":"Redactor","avatar":"https:\/\/pornuestrolaredo.com\/wp-content\/litespeed\/avatar\/dca1d7ec750c399f025f23b0b314f4cf.jpg?ver=1777612120"},"magazineBlocksPostCommentsNumber":false,"magazineBlocksPostExcerpt":"Mientras avanza hacia el sureste del Caribe podr\u00eda convertirse en el primer hurac\u00e1n del a\u00f1o antes de llegar a Barbados; podr\u00eda dirigirse luego a Tamaulipas","magazineBlocksPostCategories":["El Mundo"],"magazineBlocksPostViewCount":141,"magazineBlocksPostReadTime":3,"magazine_blocks_featured_image_url":{"full":["https:\/\/pornuestrolaredo.com\/wp-content\/uploads\/2024\/06\/Stereo91-20240629-1.jpg",850,340,false],"medium":["https:\/\/pornuestrolaredo.com\/wp-content\/uploads\/2024\/06\/Stereo91-20240629-1-300x120.jpg",300,120,true],"thumbnail":["https:\/\/pornuestrolaredo.com\/wp-content\/uploads\/2024\/06\/Stereo91-20240629-1-150x150.jpg",150,150,true]},"magazine_blocks_author":{"display_name":"Redactor","author_link":"https:\/\/pornuestrolaredo.com\/?author=1"},"magazine_blocks_comment":0,"magazine_blocks_author_image":"https:\/\/pornuestrolaredo.com\/wp-content\/litespeed\/avatar\/dca1d7ec750c399f025f23b0b314f4cf.jpg?ver=1777612120","magazine_blocks_category":"<a href=\"#\" class=\"category-link category-link-9\">El Mundo<\/a>","jetpack_publicize_connections":[],"featured_image_urls":{"full":["https:\/\/pornuestrolaredo.com\/wp-content\/uploads\/2024\/06\/Stereo91-20240629-1.jpg",850,340,false],"thumbnail":["https:\/\/pornuestrolaredo.com\/wp-content\/uploads\/2024\/06\/Stereo91-20240629-1-150x150.jpg",150,150,true],"medium":["https:\/\/pornuestrolaredo.com\/wp-content\/uploads\/2024\/06\/Stereo91-20240629-1-300x120.jpg",300,120,true],"medium_large":["https:\/\/pornuestrolaredo.com\/wp-content\/uploads\/2024\/06\/Stereo91-20240629-1-768x307.jpg",640,256,true],"large":["https:\/\/pornuestrolaredo.com\/wp-content\/uploads\/2024\/06\/Stereo91-20240629-1.jpg",640,256,false],"1536x1536":["https:\/\/pornuestrolaredo.com\/wp-content\/uploads\/2024\/06\/Stereo91-20240629-1.jpg",850,340,false],"2048x2048":["https:\/\/pornuestrolaredo.com\/wp-content\/uploads\/2024\/06\/Stereo91-20240629-1.jpg",850,340,false],"morenews-large":["https:\/\/pornuestrolaredo.com\/wp-content\/uploads\/2024\/06\/Stereo91-20240629-1.jpg",825,330,false],"morenews-medium":["https:\/\/pornuestrolaredo.com\/wp-content\/uploads\/2024\/06\/Stereo91-20240629-1.jpg",590,236,false]},"author_info":{"info":["Redactor"]},"category_info":"<a href=\"https:\/\/pornuestrolaredo.com\/?cat=9\" rel=\"category\">El Mundo<\/a>","tag_info":"El Mundo","comment_count":"0","jetpack_featured_media_url":"https:\/\/pornuestrolaredo.com\/wp-content\/uploads\/2024\/06\/Stereo91-20240629-1.jpg","jetpack_sharing_enabled":true,"_links":{"self":[{"href":"https:\/\/pornuestrolaredo.com\/index.php?rest_route=\/wp\/v2\/posts\/4592","targetHints":{"allow":["GET"]}}],"collection":[{"href":"https:\/\/pornuestrolaredo.com\/index.php?rest_route=\/wp\/v2\/posts"}],"about":[{"href":"https:\/\/pornuestrolaredo.com\/index.php?rest_route=\/wp\/v2\/types\/post"}],"author":[{"embeddable":true,"href":"https:\/\/pornuestrolaredo.com\/index.php?rest_route=\/wp\/v2\/users\/1"}],"replies":[{"embeddable":true,"href":"https:\/\/pornuestrolaredo.com\/index.php?rest_route=%2Fwp%2Fv2%2Fcomments&post=4592"}],"version-history":[{"count":1,"href":"https:\/\/pornuestrolaredo.com\/index.php?rest_route=\/wp\/v2\/posts\/4592\/revisions"}],"predecessor-version":[{"id":4594,"href":"https:\/\/pornuestrolaredo.com\/index.php?rest_route=\/wp\/v2\/posts\/4592\/revisions\/4594"}],"wp:featuredmedia":[{"embeddable":true,"href":"https:\/\/pornuestrolaredo.com\/index.php?rest_route=\/wp\/v2\/media\/4595"}],"wp:attachment":[{"href":"https:\/\/pornuestrolaredo.com\/index.php?rest_route=%2Fwp%2Fv2%2Fmedia&parent=4592"}],"wp:term":[{"taxonomy":"category","embeddable":true,"href":"https:\/\/pornuestrolaredo.com\/index.php?rest_route=%2Fwp%2Fv2%2Fcategories&post=4592"},{"taxonomy":"post_tag","embeddable":true,"href":"https:\/\/pornuestrolaredo.com\/index.php?rest_route=%2Fwp%2Fv2%2Ftags&post=4592"}],"curies":[{"name":"wp","href":"https:\/\/api.w.org\/{rel}","templated":true}]}}