{"id":463,"date":"2022-10-04T19:26:11","date_gmt":"2022-10-04T19:26:11","guid":{"rendered":"https:\/\/pornuestrolaredo.com\/?p=463"},"modified":"2022-10-04T22:22:26","modified_gmt":"2022-10-04T22:22:26","slug":"responde-ciudadania-y-va-por-becas-municipales","status":"publish","type":"post","link":"https:\/\/pornuestrolaredo.com\/?p=463","title":{"rendered":"Responde ciudadan\u00eda y va por becas municipales"},"content":{"rendered":"\n<p class=\"wp-block-paragraph\"><strong><em>NUEVO LAREDO.-<\/em><\/strong> A dos d\u00edas de haber iniciado la entrega de solicitudes para las Becas Una Nueva Era (UNE), madres y padres de familia han abarrotado los centros de entrega para acceder a este beneficio del Gobierno Municipal.<\/p>\n\n\n\n<p class=\"wp-block-paragraph\">Los padres de familia agradecieron a la alcaldesa Carmen Lilia Canturosas&nbsp; por el impulso que est\u00e1 encabezando para la educaci\u00f3n con becas, apoyos escolares e infraestructura educativa.<\/p>\n\n\n\n<blockquote class=\"wp-block-quote is-layout-flow wp-block-quote-is-layout-flow\"><p>Gracias por el apoyo para que los ni\u00f1os estudien, es la primera vez que voy a sacar una beca y la voy a utilizar para mi hijo, para lo que ocupe en su escuela\u201d, dijo la se\u00f1ora Guadalupe del&nbsp; Carmen&nbsp; Morales Luna, cuyo hijo cursa el tercer a\u00f1o de primaria.<\/p><\/blockquote>\n\n\n\n<p class=\"wp-block-paragraph\">El apoyo econ\u00f3mico que entrega el Gobierno Municipal es para estudiantes de escuelas p\u00fablicas desde segundo a\u00f1o de primaria hasta secundaria, sirve tambi\u00e9n para motivar a los alumnos a mejorar en sus estudios.<\/p>\n\n\n\n<p class=\"wp-block-paragraph\">Tal es el caso de la hija de la se\u00f1ora Ver\u00f3nica Garibay, quien cursa el cuarto a\u00f1o de primaria en la escuela \u201cJes\u00fas del \u00c1ngel\u201d, ubicada en Ampliaci\u00f3n Los Fresnos.<\/p>\n\n\n\n<blockquote class=\"wp-block-quote is-layout-flow wp-block-quote-is-layout-flow\"><p>Es la primera vez que voy aplicar para esto y pues est\u00e1 bien; es un apoyo para ellos; es una ayuda y una motivaci\u00f3n para&nbsp; que sigan&nbsp; estudiando\u201d, menciona la madre de familia, quien agreg\u00f3 que esto incentivar\u00e1 a su hija a mantener su buen promedio.<\/p><\/blockquote>\n\n\n\n<p class=\"wp-block-paragraph\">En la Biblioteca Octavio Paz, las filas para recibir las solicitudes se formaron desde muy temprano y se mantuvieron a lo largo del d\u00eda.&nbsp;<\/p>\n\n\n\n<blockquote class=\"wp-block-quote is-layout-flow wp-block-quote-is-layout-flow\"><p>Me parece muy bien la beca, porque motiva mucho a los estudiantes. Muchas gracias por seguir apoyando a los ni\u00f1os\u201d, dijo por su parte, Patricia Gonz\u00e1lez, cuya&nbsp; hija de 11 a\u00f1os estudia en la primaria Amalia Gonz\u00e1lez Caballero y puntualiz\u00f3 que la peque\u00f1a tiene el h\u00e1bito del ahorro, por lo que el apoyo le cae a la perfecci\u00f3n para continuar con esta costumbre.<\/p><\/blockquote>\n\n\n\n<p class=\"wp-block-paragraph\">Por su parte,&nbsp; la se\u00f1ora Claudia Iveth de la&nbsp; Fuente, coment\u00f3 que este recurso lo utilizar\u00e1 en la compra del uniforme de invierno para su hijo.<\/p>\n\n\n\n<blockquote class=\"wp-block-quote is-layout-flow wp-block-quote-is-layout-flow\"><p>Est\u00e1 muy bien para las cosas que le piden en la escuela. Yo lo voy a utilizar para comprar el uniforme de invierno\u201d, explic\u00f3.<\/p><\/blockquote>\n\n\n\n<p class=\"wp-block-paragraph\">La entrega de solicitudes continuar\u00e1 durante esta semana de lunes a viernes de&nbsp; 8:00 de la ma\u00f1ana a las 4:00 de la tarde, en las seis bibliotecas municipales: Rub\u00e9n Miranda, Emiliano Zapata, Jos\u00e9 Vasconcelos, Jos\u00e9 Mar\u00eda Mart\u00ednez, Fidel Cu\u00e9llar, Octavio Paz.<\/p>\n\n\n\n<p class=\"wp-block-paragraph\">Tambi\u00e9n en las Preparatorias Municipales Jos\u00e9 Vasconcelos, Elena Poniatowska y Manuel G\u00f3mez Mor\u00edn.<\/p>\n\n\n\n<p class=\"wp-block-paragraph\">Igualmente en el Centro Cultural Comunitario Palmares; m\u00f3dulos deportivos ubicado en la Colonia Institucional y en la Colonia El Progreso; Espacio de Artes y Oficios Maquila Creativa y el Instituto Municipal para el Desarrollo de la Juventud (IMJUVE).<\/p>\n","protected":false},"excerpt":{"rendered":"<p>NUEVO LAREDO.- A dos d\u00edas de haber iniciado la entrega de solicitudes para las Becas Una Nueva Era<\/p>\n","protected":false},"author":1,"featured_media":464,"comment_status":"closed","ping_status":"closed","sticky":false,"template":"","format":"standard","meta":{"_crdt_document":"","_jetpack_memberships_contains_paid_content":false,"footnotes":"","jetpack_publicize_message":"Abarrotan los centros de entrega de solicitudes que el Gobierno Municipal de Nuevo Laredo abri\u00f3 en varios puntos de la ciudad","jetpack_publicize_feature_enabled":true,"jetpack_social_post_already_shared":true,"jetpack_social_options":{"image_generator_settings":{"template":"highway","default_image_id":0,"font":"","enabled":false},"version":2},"_wpas_customize_per_network":false},"categories":[5],"tags":[],"class_list":["post-463","post","type-post","status-publish","format-standard","has-post-thumbnail","hentry","category-dos-laredos"],"magazineBlocksPostFeaturedMedia":{"thumbnail":"https:\/\/pornuestrolaredo.com\/wp-content\/uploads\/2022\/10\/PNL-20221004-5-150x150.jpg","medium":"https:\/\/pornuestrolaredo.com\/wp-content\/uploads\/2022\/10\/PNL-20221004-5-300x200.jpg","medium_large":"https:\/\/pornuestrolaredo.com\/wp-content\/uploads\/2022\/10\/PNL-20221004-5-768x512.jpg","large":"https:\/\/pornuestrolaredo.com\/wp-content\/uploads\/2022\/10\/PNL-20221004-5-1024x682.jpg","1536x1536":"https:\/\/pornuestrolaredo.com\/wp-content\/uploads\/2022\/10\/PNL-20221004-5.jpg","2048x2048":"https:\/\/pornuestrolaredo.com\/wp-content\/uploads\/2022\/10\/PNL-20221004-5.jpg","morenews-large":"https:\/\/pornuestrolaredo.com\/wp-content\/uploads\/2022\/10\/PNL-20221004-5.jpg","morenews-medium":"https:\/\/pornuestrolaredo.com\/wp-content\/uploads\/2022\/10\/PNL-20221004-5.jpg"},"magazineBlocksPostAuthor":{"name":"Redactor","avatar":"https:\/\/pornuestrolaredo.com\/wp-content\/litespeed\/avatar\/dca1d7ec750c399f025f23b0b314f4cf.jpg?ver=1777007253"},"magazineBlocksPostCommentsNumber":false,"magazineBlocksPostExcerpt":"NUEVO LAREDO.- A dos d\u00edas de haber iniciado la entrega de solicitudes para las Becas Una Nueva Era","magazineBlocksPostCategories":["Dos Laredos"],"magazineBlocksPostViewCount":120,"magazineBlocksPostReadTime":3,"magazine_blocks_featured_image_url":{"full":["https:\/\/pornuestrolaredo.com\/wp-content\/uploads\/2022\/10\/PNL-20221004-5.jpg",1280,853,false],"medium":["https:\/\/pornuestrolaredo.com\/wp-content\/uploads\/2022\/10\/PNL-20221004-5-300x200.jpg",300,200,true],"thumbnail":["https:\/\/pornuestrolaredo.com\/wp-content\/uploads\/2022\/10\/PNL-20221004-5-150x150.jpg",150,150,true]},"magazine_blocks_author":{"display_name":"Redactor","author_link":"https:\/\/pornuestrolaredo.com\/?author=1"},"magazine_blocks_comment":0,"magazine_blocks_author_image":"https:\/\/pornuestrolaredo.com\/wp-content\/litespeed\/avatar\/dca1d7ec750c399f025f23b0b314f4cf.jpg?ver=1777007253","magazine_blocks_category":"<a href=\"#\" class=\"category-link category-link-5\">Dos Laredos<\/a>","jetpack_publicize_connections":[],"featured_image_urls":{"full":["https:\/\/pornuestrolaredo.com\/wp-content\/uploads\/2022\/10\/PNL-20221004-5.jpg",1280,853,false],"thumbnail":["https:\/\/pornuestrolaredo.com\/wp-content\/uploads\/2022\/10\/PNL-20221004-5-150x150.jpg",150,150,true],"medium":["https:\/\/pornuestrolaredo.com\/wp-content\/uploads\/2022\/10\/PNL-20221004-5-300x200.jpg",300,200,true],"medium_large":["https:\/\/pornuestrolaredo.com\/wp-content\/uploads\/2022\/10\/PNL-20221004-5-768x512.jpg",640,427,true],"large":["https:\/\/pornuestrolaredo.com\/wp-content\/uploads\/2022\/10\/PNL-20221004-5-1024x682.jpg",640,426,true],"1536x1536":["https:\/\/pornuestrolaredo.com\/wp-content\/uploads\/2022\/10\/PNL-20221004-5.jpg",1280,853,false],"2048x2048":["https:\/\/pornuestrolaredo.com\/wp-content\/uploads\/2022\/10\/PNL-20221004-5.jpg",1280,853,false],"morenews-large":["https:\/\/pornuestrolaredo.com\/wp-content\/uploads\/2022\/10\/PNL-20221004-5.jpg",825,550,false],"morenews-medium":["https:\/\/pornuestrolaredo.com\/wp-content\/uploads\/2022\/10\/PNL-20221004-5.jpg",590,393,false]},"author_info":{"info":["Redactor"]},"category_info":"<a href=\"https:\/\/pornuestrolaredo.com\/?cat=5\" rel=\"category\">Dos Laredos<\/a>","tag_info":"Dos Laredos","comment_count":"0","jetpack_featured_media_url":"https:\/\/pornuestrolaredo.com\/wp-content\/uploads\/2022\/10\/PNL-20221004-5.jpg","jetpack_sharing_enabled":true,"_links":{"self":[{"href":"https:\/\/pornuestrolaredo.com\/index.php?rest_route=\/wp\/v2\/posts\/463","targetHints":{"allow":["GET"]}}],"collection":[{"href":"https:\/\/pornuestrolaredo.com\/index.php?rest_route=\/wp\/v2\/posts"}],"about":[{"href":"https:\/\/pornuestrolaredo.com\/index.php?rest_route=\/wp\/v2\/types\/post"}],"author":[{"embeddable":true,"href":"https:\/\/pornuestrolaredo.com\/index.php?rest_route=\/wp\/v2\/users\/1"}],"replies":[{"embeddable":true,"href":"https:\/\/pornuestrolaredo.com\/index.php?rest_route=%2Fwp%2Fv2%2Fcomments&post=463"}],"version-history":[{"count":2,"href":"https:\/\/pornuestrolaredo.com\/index.php?rest_route=\/wp\/v2\/posts\/463\/revisions"}],"predecessor-version":[{"id":472,"href":"https:\/\/pornuestrolaredo.com\/index.php?rest_route=\/wp\/v2\/posts\/463\/revisions\/472"}],"wp:featuredmedia":[{"embeddable":true,"href":"https:\/\/pornuestrolaredo.com\/index.php?rest_route=\/wp\/v2\/media\/464"}],"wp:attachment":[{"href":"https:\/\/pornuestrolaredo.com\/index.php?rest_route=%2Fwp%2Fv2%2Fmedia&parent=463"}],"wp:term":[{"taxonomy":"category","embeddable":true,"href":"https:\/\/pornuestrolaredo.com\/index.php?rest_route=%2Fwp%2Fv2%2Fcategories&post=463"},{"taxonomy":"post_tag","embeddable":true,"href":"https:\/\/pornuestrolaredo.com\/index.php?rest_route=%2Fwp%2Fv2%2Ftags&post=463"}],"curies":[{"name":"wp","href":"https:\/\/api.w.org\/{rel}","templated":true}]}}