{"id":4650,"date":"2024-07-10T18:43:10","date_gmt":"2024-07-10T18:43:10","guid":{"rendered":"https:\/\/pornuestrolaredo.com\/?p=4650"},"modified":"2024-07-10T18:43:10","modified_gmt":"2024-07-10T18:43:10","slug":"pide-george-clooney-a-biden-que-se-retire","status":"publish","type":"post","link":"https:\/\/pornuestrolaredo.com\/?p=4650","title":{"rendered":"Pide George Clooney a Biden que se retire"},"content":{"rendered":"<p><strong><strong>WASHINGTON<\/strong>.-<\/strong> George Clooney, el c\u00e9lebre actor de Hollywood y veterano activista dem\u00f3crata, sum\u00f3 el mi\u00e9rcoles su voz a los llamados a que el presidente Joe Biden se retire de la campa\u00f1a presidencial.<\/p>\n<p>En un art\u00edculo de opini\u00f3n en el New York Times, Clooney enfatiz\u00f3 que es partidario de Biden, pero que el Partido Dem\u00f3crata perder\u00e1 las elecciones y cualquier posibilidad de controlar el Congreso si Biden sigue siendo el candidato.<\/p>\n<blockquote><p>Esta no es solo mi opini\u00f3n; es la opini\u00f3n de todos los congresistas y gobernadores con los que he hablado en privado\u201d, escribi\u00f3 Clooney, quien ha sido anfitri\u00f3n de varios eventos de recaudaci\u00f3n de fondos, incluso uno para Biden el mes pasado.<\/p><\/blockquote>\n<p>Clooney argument\u00f3 que el partido debe elegir a un nuevo candidato en la convenci\u00f3n el mes entrante, admitiendo que el proceso ser\u00e1 \u201cdesordenado\u201d pero asegurando que ello \u201cdespertar\u00e1\u201d a los votantes.<\/p>\n<p>Mencion\u00f3 otros posibles candidatos como la vicepresidenta Kamala Harris, el gobernador Wes Moore de Maryland, la gobernadora Gretchen Whitmer de Michigan y el gobernador Gavin Newsom de California.<\/p>\n<p>Clooney enfoc\u00f3 gran parte del art\u00edculo en la edad de Biden, diciendo que en un reciente evento en Los \u00c1ngeles not\u00f3 diferencias en el mandatario de 81 a\u00f1os, comparado con a\u00f1os anteriores.<\/p>\n<blockquote><p>Es devastador decirlo, pero el Joe Biden que yo vi hace tres semanas en el evento de recaudaci\u00f3n de fondos no era el Joe Biden que lanz\u00f3 un improperio al celebrar la aprobaci\u00f3n de una ley en el 2010\u201d, escribi\u00f3 Clooney. \u201cNi siquiera era el Joe Biden del 2020. Era el mismo hombre que todos vimos en el debate\u201d.<\/p><\/blockquote>\n<p>El mes pasado, Clooney, Julia Roberts y Barbra Streisand estuvieron entre las celebridades en un evento que recaud\u00f3 un r\u00e9cord de m\u00e1s de 30 millones de d\u00f3lares para Biden, con la esperanza de energizar a los dem\u00f3cratas para unas elecciones que, dicen, podr\u00edan estar entre las m\u00e1s importantes en la historia estadounidense.<\/p>\n<p>Muchas celebridades se han plantado para ayudar a la campa\u00f1a de Biden. Antes incluso del evento para recaudar fondos, la campa\u00f1a hab\u00eda enviado mensajes usando el nombre de Clooney para lo que \u00e9l llam\u00f3 \u201cla lucha de nuestras vidas\u201d.<\/p>\n<p>Representantes de Clooney no respondieron inmediatamente a mensajes pidi\u00e9ndoles m\u00e1s detalles, como cu\u00e1ndo el actor tom\u00f3 la decisi\u00f3n o cu\u00e1ndo fue la \u00faltima vez que habl\u00f3 con Biden.<\/p>\n<p>Biden se ha negado a retirarse de la contienda, pese a numerosas cr\u00edticas por su d\u00e9bil desempe\u00f1o en el debate contra el virtual candidato presidencial republicano Donald Trump.<\/p>\n","protected":false},"excerpt":{"rendered":"<p>El actor y veterano activista dem\u00f3crata considera que el presidente ya no es el mismo que conoci\u00f3 en el pasado<\/p>\n","protected":false},"author":1,"featured_media":4651,"comment_status":"closed","ping_status":"closed","sticky":false,"template":"","format":"standard","meta":{"_crdt_document":"","_jetpack_memberships_contains_paid_content":false,"footnotes":"","jetpack_publicize_message":"","jetpack_publicize_feature_enabled":true,"jetpack_social_post_already_shared":true,"jetpack_social_options":{"image_generator_settings":{"template":"highway","default_image_id":0,"font":"","enabled":false},"version":2},"_wpas_customize_per_network":false},"categories":[9],"tags":[],"class_list":["post-4650","post","type-post","status-publish","format-standard","has-post-thumbnail","hentry","category-el-mundo"],"magazineBlocksPostFeaturedMedia":{"thumbnail":"https:\/\/pornuestrolaredo.com\/wp-content\/uploads\/2024\/07\/Stereo91-20240710-2-150x150.jpg","medium":"https:\/\/pornuestrolaredo.com\/wp-content\/uploads\/2024\/07\/Stereo91-20240710-2-300x160.jpg","medium_large":"https:\/\/pornuestrolaredo.com\/wp-content\/uploads\/2024\/07\/Stereo91-20240710-2-768x409.jpg","large":"https:\/\/pornuestrolaredo.com\/wp-content\/uploads\/2024\/07\/Stereo91-20240710-2.jpg","1536x1536":"https:\/\/pornuestrolaredo.com\/wp-content\/uploads\/2024\/07\/Stereo91-20240710-2.jpg","2048x2048":"https:\/\/pornuestrolaredo.com\/wp-content\/uploads\/2024\/07\/Stereo91-20240710-2.jpg","morenews-large":"https:\/\/pornuestrolaredo.com\/wp-content\/uploads\/2024\/07\/Stereo91-20240710-2.jpg","morenews-medium":"https:\/\/pornuestrolaredo.com\/wp-content\/uploads\/2024\/07\/Stereo91-20240710-2.jpg"},"magazineBlocksPostAuthor":{"name":"Redactor","avatar":"https:\/\/pornuestrolaredo.com\/wp-content\/litespeed\/avatar\/dca1d7ec750c399f025f23b0b314f4cf.jpg?ver=1777612120"},"magazineBlocksPostCommentsNumber":false,"magazineBlocksPostExcerpt":"El actor y veterano activista dem\u00f3crata considera que el presidente ya no es el mismo que conoci\u00f3 en el pasado","magazineBlocksPostCategories":["El Mundo"],"magazineBlocksPostViewCount":113,"magazineBlocksPostReadTime":3,"magazine_blocks_featured_image_url":{"full":["https:\/\/pornuestrolaredo.com\/wp-content\/uploads\/2024\/07\/Stereo91-20240710-2.jpg",980,522,false],"medium":["https:\/\/pornuestrolaredo.com\/wp-content\/uploads\/2024\/07\/Stereo91-20240710-2-300x160.jpg",300,160,true],"thumbnail":["https:\/\/pornuestrolaredo.com\/wp-content\/uploads\/2024\/07\/Stereo91-20240710-2-150x150.jpg",150,150,true]},"magazine_blocks_author":{"display_name":"Redactor","author_link":"https:\/\/pornuestrolaredo.com\/?author=1"},"magazine_blocks_comment":0,"magazine_blocks_author_image":"https:\/\/pornuestrolaredo.com\/wp-content\/litespeed\/avatar\/dca1d7ec750c399f025f23b0b314f4cf.jpg?ver=1777612120","magazine_blocks_category":"<a href=\"#\" class=\"category-link category-link-9\">El Mundo<\/a>","jetpack_publicize_connections":[],"featured_image_urls":{"full":["https:\/\/pornuestrolaredo.com\/wp-content\/uploads\/2024\/07\/Stereo91-20240710-2.jpg",980,522,false],"thumbnail":["https:\/\/pornuestrolaredo.com\/wp-content\/uploads\/2024\/07\/Stereo91-20240710-2-150x150.jpg",150,150,true],"medium":["https:\/\/pornuestrolaredo.com\/wp-content\/uploads\/2024\/07\/Stereo91-20240710-2-300x160.jpg",300,160,true],"medium_large":["https:\/\/pornuestrolaredo.com\/wp-content\/uploads\/2024\/07\/Stereo91-20240710-2-768x409.jpg",640,341,true],"large":["https:\/\/pornuestrolaredo.com\/wp-content\/uploads\/2024\/07\/Stereo91-20240710-2.jpg",640,341,false],"1536x1536":["https:\/\/pornuestrolaredo.com\/wp-content\/uploads\/2024\/07\/Stereo91-20240710-2.jpg",980,522,false],"2048x2048":["https:\/\/pornuestrolaredo.com\/wp-content\/uploads\/2024\/07\/Stereo91-20240710-2.jpg",980,522,false],"morenews-large":["https:\/\/pornuestrolaredo.com\/wp-content\/uploads\/2024\/07\/Stereo91-20240710-2.jpg",825,439,false],"morenews-medium":["https:\/\/pornuestrolaredo.com\/wp-content\/uploads\/2024\/07\/Stereo91-20240710-2.jpg",590,314,false]},"author_info":{"info":["Redactor"]},"category_info":"<a href=\"https:\/\/pornuestrolaredo.com\/?cat=9\" rel=\"category\">El Mundo<\/a>","tag_info":"El Mundo","comment_count":"0","jetpack_featured_media_url":"https:\/\/pornuestrolaredo.com\/wp-content\/uploads\/2024\/07\/Stereo91-20240710-2.jpg","jetpack_sharing_enabled":true,"_links":{"self":[{"href":"https:\/\/pornuestrolaredo.com\/index.php?rest_route=\/wp\/v2\/posts\/4650","targetHints":{"allow":["GET"]}}],"collection":[{"href":"https:\/\/pornuestrolaredo.com\/index.php?rest_route=\/wp\/v2\/posts"}],"about":[{"href":"https:\/\/pornuestrolaredo.com\/index.php?rest_route=\/wp\/v2\/types\/post"}],"author":[{"embeddable":true,"href":"https:\/\/pornuestrolaredo.com\/index.php?rest_route=\/wp\/v2\/users\/1"}],"replies":[{"embeddable":true,"href":"https:\/\/pornuestrolaredo.com\/index.php?rest_route=%2Fwp%2Fv2%2Fcomments&post=4650"}],"version-history":[{"count":1,"href":"https:\/\/pornuestrolaredo.com\/index.php?rest_route=\/wp\/v2\/posts\/4650\/revisions"}],"predecessor-version":[{"id":4652,"href":"https:\/\/pornuestrolaredo.com\/index.php?rest_route=\/wp\/v2\/posts\/4650\/revisions\/4652"}],"wp:featuredmedia":[{"embeddable":true,"href":"https:\/\/pornuestrolaredo.com\/index.php?rest_route=\/wp\/v2\/media\/4651"}],"wp:attachment":[{"href":"https:\/\/pornuestrolaredo.com\/index.php?rest_route=%2Fwp%2Fv2%2Fmedia&parent=4650"}],"wp:term":[{"taxonomy":"category","embeddable":true,"href":"https:\/\/pornuestrolaredo.com\/index.php?rest_route=%2Fwp%2Fv2%2Fcategories&post=4650"},{"taxonomy":"post_tag","embeddable":true,"href":"https:\/\/pornuestrolaredo.com\/index.php?rest_route=%2Fwp%2Fv2%2Ftags&post=4650"}],"curies":[{"name":"wp","href":"https:\/\/api.w.org\/{rel}","templated":true}]}}