{"id":466,"date":"2022-10-04T19:34:49","date_gmt":"2022-10-04T19:34:49","guid":{"rendered":"https:\/\/pornuestrolaredo.com\/?p=466"},"modified":"2022-10-04T22:22:20","modified_gmt":"2022-10-04T22:22:20","slug":"cierran-todo-un-pueblo-para-detener-a-pandilleros","status":"publish","type":"post","link":"https:\/\/pornuestrolaredo.com\/?p=466","title":{"rendered":"Cierran todo un pueblo para detener a pandilleros"},"content":{"rendered":"\n<p class=\"wp-block-paragraph\"><strong><em>COMASAGUA, El Salvador.- <\/em><\/strong>Las autoridades de seguridad de El Salvador presentaron el lunes a dos presuntos cabecillas de la Mara Salvatrucha a los que responsabiliza del asesinato de un humilde campesino en el municipio de Comasagua, al suroeste de la capital, mientras que m\u00e1s de 2 mil soldados apoyados por unos 500 polic\u00edas de las fuerzas elites mantienen desde el domingo un cerco en ese poblado en persecuci\u00f3n de m\u00e1s pandilleros.<\/p>\n\n\n\n<p class=\"wp-block-paragraph\">Los presuntos cabecillas fueron identificados como Carlos Antonio Valladares, alias \u201cDelincuente o Flash\u201d y Carlos Alberto Menc\u00eda P\u00e9rez, alias \u201cChan Chun o Ni\u00f1o\u201d. Tambi\u00e9n se mostr\u00f3 a la prensa a dos supuestos miembros de la clica \u201cWitmer Locos Salvatruchos\u201d que por a\u00f1os \u201cha estado amenazando y destrozando a las familias de Comasagua\u201d, manifest\u00f3 en conferencia de prensa el director de la Polic\u00eda Nacional Civil, comisionado Mauricio Arriaza Chicas.<\/p>\n\n\n\n<p class=\"wp-block-paragraph\">Desde las primeras horas del domingo, unidades de la Secci\u00f3n T\u00e1ctica Operativa de la Polic\u00eda tomaron control de la carretera de acceso a Comasagua, ubicada a 29 kil\u00f3metros de San Salvador, con patrullajes y registros en la carretera y calles del municipio para verificar que las personas no tengan cuentas pendientes con la justicia.<\/p>\n\n\n\n<p class=\"wp-block-paragraph\">Todos los veh\u00edculos del trasporte de pasajeros y particulares fueron inspeccionados y \u00fanicamente las personas que residen en Comasagua pod\u00edan salir o entrar a la zona previa identificaci\u00f3n. Polic\u00edas informaron que el control es indefinido, ya que sigue la persecuci\u00f3n de otros pandilleros que han buscado refugio en la zona monta\u00f1osa del lugar.<\/p>\n\n\n\n<p class=\"wp-block-paragraph\">Un polic\u00eda que cubr\u00eda su rostro y que pidi\u00f3 que no se lo identificara dijo a The Associated Press que, adem\u00e1s de los presuntos responsables del asesinato del campesino, se hab\u00edan detenido hasta el momento a m\u00e1s de 20 pandilleros.<\/p>\n\n\n\n<blockquote class=\"wp-block-quote is-layout-flow wp-block-quote-is-layout-flow\"><p>Ya todo est\u00e1 tranquilo, la periferia, (aunque) en los cafetales es que ha estado fregado; aqu\u00ed en el pueblo no hemos tenido problemas\u201d, afirm\u00f3 Carlos Pe\u00f1a, un profesor de Educaci\u00f3n F\u00edsca que vive en el lugar y que cont\u00f3 que los militares lo detuvieron, le pidieron los documentos de identidad, le preguntaron si ten\u00eda tatuajes y si portaba armas.<\/p><\/blockquote>\n\n\n\n<blockquote class=\"wp-block-quote is-layout-flow wp-block-quote-is-layout-flow\"><p>Les dije que no, me levant\u00e9 la camisa y me dejaron pasar\u201d, asegur\u00f3.<\/p><\/blockquote>\n\n\n\n<p class=\"wp-block-paragraph\">Las autoridades explicaron que antes de montar el cerco militar se hizo un trabajo de inteligencia para capturar a supuestos asesinos, que ya hab\u00edan contactado con sus \u201ccompinches para sacarlos\u201d. Se\u00f1alaron que les decomisaron armas, drogas y celulares.<\/p>\n\n\n\n<p class=\"wp-block-paragraph\">El ministro de Seguridad, Gustavo Villatoro, aprovech\u00f3 para llamar nuevamente a las pandillas a que se rindan. \u201cS\u00f3lo tienen dos caminos: la c\u00e1rcel o caer a manos de nuestras fuerzas del orden\u201d.<\/p>\n\n\n\n<p class=\"wp-block-paragraph\">Recientemente el Congreso reform\u00f3 el C\u00f3digo Penal para convertir en delito el formar parte de una pandilla, lo que podr\u00eda sancionarse con penas de 20 a 40 a\u00f1os de prisi\u00f3n, mientras que los cabecillas podr\u00edan recibir sentencias de 40 a 45 a\u00f1os de c\u00e1rcel.<\/p>\n\n\n\n<p class=\"wp-block-paragraph\">Despu\u00e9s de que el 26 de marzo se reportaron 62 homicidios en un d\u00eda, un nivel de criminalidad que no se hab\u00eda visto en El Salvador en mucho tiempo, el Congreso aprob\u00f3 el estado de excepci\u00f3n, el cual limita la libertad de asociaci\u00f3n, suspende el derecho de una persona a ser debidamente informada de sus derechos y motivo de arresto, as\u00ed como la asistencia de un abogado. Adem\u00e1s, ampl\u00eda de 72 horas a 15 d\u00edas el plazo de detenci\u00f3n preventiva y permite a las autoridades intervenir la correspondencia y celulares de aquellos considerados sospechosos.<\/p>\n\n\n\n<p class=\"wp-block-paragraph\">Las autoridades han informado que en lo que va del estado de excepci\u00f3n se han capturado 54 mil 044 personas, de las cuales 47 mil 893 han pasado a detenci\u00f3n preventiva, en su mayor\u00eda acusadas de formar parte de estructuras criminales o ser colaboradores de las pandillas, y el resto han sido liberados. <\/p>\n\n\n\n<p class=\"wp-block-paragraph\">En agosto de 2015, la Corte Suprema de Justicia declar\u00f3 grupos terroristas a las pandillas Mara Salvatrucha y Barrio 18. En su sentencia declar\u00f3 terroristas a los jefes, miembros y colaboradores de esos grupos.<\/p>\n","protected":false},"excerpt":{"rendered":"<p>COMASAGUA, El Salvador.- Las autoridades de seguridad de El Salvador presentaron el lunes a dos presuntos cabecillas de<\/p>\n","protected":false},"author":1,"featured_media":467,"comment_status":"closed","ping_status":"closed","sticky":false,"template":"","format":"standard","meta":{"_crdt_document":"","_jetpack_memberships_contains_paid_content":false,"footnotes":"","jetpack_publicize_message":"Unos 2 mil soldados y 500 polic\u00edas de elite tienen bajo control el municipio de Comasagua, en El Salvador; arrestan a dos cabecillas","jetpack_publicize_feature_enabled":true,"jetpack_social_post_already_shared":true,"jetpack_social_options":{"image_generator_settings":{"template":"highway","default_image_id":0,"font":"","enabled":false},"version":2},"_wpas_customize_per_network":false},"categories":[9],"tags":[],"class_list":["post-466","post","type-post","status-publish","format-standard","has-post-thumbnail","hentry","category-el-mundo"],"magazineBlocksPostFeaturedMedia":{"thumbnail":"https:\/\/pornuestrolaredo.com\/wp-content\/uploads\/2022\/10\/Stereo91-20221004-3-150x150.jpeg","medium":"https:\/\/pornuestrolaredo.com\/wp-content\/uploads\/2022\/10\/Stereo91-20221004-3-300x216.jpeg","medium_large":"https:\/\/pornuestrolaredo.com\/wp-content\/uploads\/2022\/10\/Stereo91-20221004-3-768x553.jpeg","large":"https:\/\/pornuestrolaredo.com\/wp-content\/uploads\/2022\/10\/Stereo91-20221004-3.jpeg","1536x1536":"https:\/\/pornuestrolaredo.com\/wp-content\/uploads\/2022\/10\/Stereo91-20221004-3.jpeg","2048x2048":"https:\/\/pornuestrolaredo.com\/wp-content\/uploads\/2022\/10\/Stereo91-20221004-3.jpeg","morenews-large":"https:\/\/pornuestrolaredo.com\/wp-content\/uploads\/2022\/10\/Stereo91-20221004-3.jpeg","morenews-medium":"https:\/\/pornuestrolaredo.com\/wp-content\/uploads\/2022\/10\/Stereo91-20221004-3.jpeg"},"magazineBlocksPostAuthor":{"name":"Redactor","avatar":"https:\/\/pornuestrolaredo.com\/wp-content\/litespeed\/avatar\/dca1d7ec750c399f025f23b0b314f4cf.jpg?ver=1777007253"},"magazineBlocksPostCommentsNumber":false,"magazineBlocksPostExcerpt":"COMASAGUA, El Salvador.- Las autoridades de seguridad de El Salvador presentaron el lunes a dos presuntos cabecillas de","magazineBlocksPostCategories":["El Mundo"],"magazineBlocksPostViewCount":158,"magazineBlocksPostReadTime":4,"magazine_blocks_featured_image_url":{"full":["https:\/\/pornuestrolaredo.com\/wp-content\/uploads\/2022\/10\/Stereo91-20221004-3.jpeg",1000,720,false],"medium":["https:\/\/pornuestrolaredo.com\/wp-content\/uploads\/2022\/10\/Stereo91-20221004-3-300x216.jpeg",300,216,true],"thumbnail":["https:\/\/pornuestrolaredo.com\/wp-content\/uploads\/2022\/10\/Stereo91-20221004-3-150x150.jpeg",150,150,true]},"magazine_blocks_author":{"display_name":"Redactor","author_link":"https:\/\/pornuestrolaredo.com\/?author=1"},"magazine_blocks_comment":0,"magazine_blocks_author_image":"https:\/\/pornuestrolaredo.com\/wp-content\/litespeed\/avatar\/dca1d7ec750c399f025f23b0b314f4cf.jpg?ver=1777007253","magazine_blocks_category":"<a href=\"#\" class=\"category-link category-link-9\">El Mundo<\/a>","jetpack_publicize_connections":[],"featured_image_urls":{"full":["https:\/\/pornuestrolaredo.com\/wp-content\/uploads\/2022\/10\/Stereo91-20221004-3.jpeg",1000,720,false],"thumbnail":["https:\/\/pornuestrolaredo.com\/wp-content\/uploads\/2022\/10\/Stereo91-20221004-3-150x150.jpeg",150,150,true],"medium":["https:\/\/pornuestrolaredo.com\/wp-content\/uploads\/2022\/10\/Stereo91-20221004-3-300x216.jpeg",300,216,true],"medium_large":["https:\/\/pornuestrolaredo.com\/wp-content\/uploads\/2022\/10\/Stereo91-20221004-3-768x553.jpeg",640,461,true],"large":["https:\/\/pornuestrolaredo.com\/wp-content\/uploads\/2022\/10\/Stereo91-20221004-3.jpeg",640,461,false],"1536x1536":["https:\/\/pornuestrolaredo.com\/wp-content\/uploads\/2022\/10\/Stereo91-20221004-3.jpeg",1000,720,false],"2048x2048":["https:\/\/pornuestrolaredo.com\/wp-content\/uploads\/2022\/10\/Stereo91-20221004-3.jpeg",1000,720,false],"morenews-large":["https:\/\/pornuestrolaredo.com\/wp-content\/uploads\/2022\/10\/Stereo91-20221004-3.jpeg",799,575,false],"morenews-medium":["https:\/\/pornuestrolaredo.com\/wp-content\/uploads\/2022\/10\/Stereo91-20221004-3.jpeg",569,410,false]},"author_info":{"info":["Redactor"]},"category_info":"<a href=\"https:\/\/pornuestrolaredo.com\/?cat=9\" rel=\"category\">El Mundo<\/a>","tag_info":"El Mundo","comment_count":"0","jetpack_featured_media_url":"https:\/\/pornuestrolaredo.com\/wp-content\/uploads\/2022\/10\/Stereo91-20221004-3.jpeg","jetpack_sharing_enabled":true,"_links":{"self":[{"href":"https:\/\/pornuestrolaredo.com\/index.php?rest_route=\/wp\/v2\/posts\/466","targetHints":{"allow":["GET"]}}],"collection":[{"href":"https:\/\/pornuestrolaredo.com\/index.php?rest_route=\/wp\/v2\/posts"}],"about":[{"href":"https:\/\/pornuestrolaredo.com\/index.php?rest_route=\/wp\/v2\/types\/post"}],"author":[{"embeddable":true,"href":"https:\/\/pornuestrolaredo.com\/index.php?rest_route=\/wp\/v2\/users\/1"}],"replies":[{"embeddable":true,"href":"https:\/\/pornuestrolaredo.com\/index.php?rest_route=%2Fwp%2Fv2%2Fcomments&post=466"}],"version-history":[{"count":2,"href":"https:\/\/pornuestrolaredo.com\/index.php?rest_route=\/wp\/v2\/posts\/466\/revisions"}],"predecessor-version":[{"id":473,"href":"https:\/\/pornuestrolaredo.com\/index.php?rest_route=\/wp\/v2\/posts\/466\/revisions\/473"}],"wp:featuredmedia":[{"embeddable":true,"href":"https:\/\/pornuestrolaredo.com\/index.php?rest_route=\/wp\/v2\/media\/467"}],"wp:attachment":[{"href":"https:\/\/pornuestrolaredo.com\/index.php?rest_route=%2Fwp%2Fv2%2Fmedia&parent=466"}],"wp:term":[{"taxonomy":"category","embeddable":true,"href":"https:\/\/pornuestrolaredo.com\/index.php?rest_route=%2Fwp%2Fv2%2Fcategories&post=466"},{"taxonomy":"post_tag","embeddable":true,"href":"https:\/\/pornuestrolaredo.com\/index.php?rest_route=%2Fwp%2Fv2%2Ftags&post=466"}],"curies":[{"name":"wp","href":"https:\/\/api.w.org\/{rel}","templated":true}]}}