{"id":4681,"date":"2024-07-17T02:03:20","date_gmt":"2024-07-17T02:03:20","guid":{"rendered":"https:\/\/pornuestrolaredo.com\/?p=4681"},"modified":"2024-07-17T02:03:20","modified_gmt":"2024-07-17T02:03:20","slug":"dan-de-baja-al-dt-de-la-seleccion-mexicana","status":"publish","type":"post","link":"https:\/\/pornuestrolaredo.com\/?p=4681","title":{"rendered":"Dan de baja al DT de la Selecci\u00f3n Mexicana"},"content":{"rendered":"<p>CIUDAD DE M\u00c9XICO.- Ya es oficial la baja de Jaime Lozano como t\u00e9cnico de la Selecci\u00f3n Mexicana.<\/p>\n<p>La Federaci\u00f3n Mexicana de Futbol argument\u00f3 que Jimmy no cumpli\u00f3 la petici\u00f3n de integrar a un auxiliar de gran jerarqu\u00eda a su cuerpo t\u00e9cnico, como tampoco el convertirse en asistente de otro timonel en este proceso al Mundial del 2026 y luego encabezar el proceso rumbo a 2030.<\/p>\n<p>&#8220;Uno de los objetivos m\u00e1s importantes para fortalecer nuestro camino a largo plazo siempre fue el de apuntalar el cuerpo t\u00e9cnico, por lo que desde la llegada de Jaime Lozano se le pidi\u00f3 fortalecer su equipo sumando a alguien de m\u00e1s experiencia que viniera a complementar su talento y capacidad como estratega, en medio de un entorno sumamente retador. Sin embargo, un a\u00f1o despu\u00e9s y por distintas razones, esto no se concret\u00f3.<\/p>\n<p>&#8220;En d\u00edas recientes se plante\u00f3 una alternativa que siguiera viendo por el largo plazo. A Jaime Lozano se le ofreci\u00f3 (junto a su cuerpo t\u00e9cnico), un contrato hasta el 2030 en el que, durante el periodo 2024-26, acompa\u00f1aran a un director t\u00e9cnico de mayor experiencia rumbo a nuestra Copa del Mundo y posteriormente fuera el mismo Jaime quien retomara las riendas de la direcci\u00f3n t\u00e9cnica en el proceso 2026-30&#8221;, inform\u00f3 la FMF en un comunicado.<\/p>\n<p>Previo a la Copa Am\u00e9rica, la FMF prometi\u00f3 que Jaime Lozano continuar\u00eda en el cargo sin importar lo que ocurriera en el torneo.<\/p>\n<p>La promesa fue de papel. La Federaci\u00f3n realiz\u00f3 un an\u00e1lisis del informe del t\u00e9cnico y de otras discusiones con las \u00e1reas involucradas.<\/p>\n<p>&#8220;Despu\u00e9s de analizar la propuesta, Jaime Lozano nos comunic\u00f3 que no desea continuar. Respetamos su decisi\u00f3n, reconocemos su gran profesionalismo, capacidad y entrega.<\/p>\n<p>&#8220;La primera semana de agosto daremos a conocer los ajustes que se implementar\u00e1n al proyecto de Selecciones Nacionales para seguir construyendo en el corto, mediano y largo plazo&#8221;, inform\u00f3 el organismo.<\/p>\n","protected":false},"excerpt":{"rendered":"<p>Jaime Lozano se va pese a que la Federaci\u00f3n Mexicana de Futbol prometi\u00f3 mantenerlo \u2018sin importar lo que pasara en la Copa Am\u00e9rica\u2019<\/p>\n","protected":false},"author":1,"featured_media":4682,"comment_status":"closed","ping_status":"closed","sticky":false,"template":"","format":"standard","meta":{"_crdt_document":"","_jetpack_memberships_contains_paid_content":false,"footnotes":"","jetpack_publicize_message":"","jetpack_publicize_feature_enabled":true,"jetpack_social_post_already_shared":true,"jetpack_social_options":{"image_generator_settings":{"template":"highway","default_image_id":0,"font":"","enabled":false},"version":2},"_wpas_customize_per_network":false},"categories":[10],"tags":[],"class_list":["post-4681","post","type-post","status-publish","format-standard","has-post-thumbnail","hentry","category-deportes"],"magazineBlocksPostFeaturedMedia":{"thumbnail":"https:\/\/pornuestrolaredo.com\/wp-content\/uploads\/2024\/07\/Stereo91-20240716-4-150x150.jpg","medium":"https:\/\/pornuestrolaredo.com\/wp-content\/uploads\/2024\/07\/Stereo91-20240716-4-300x200.jpg","medium_large":"https:\/\/pornuestrolaredo.com\/wp-content\/uploads\/2024\/07\/Stereo91-20240716-4-768x512.jpg","large":"https:\/\/pornuestrolaredo.com\/wp-content\/uploads\/2024\/07\/Stereo91-20240716-4.jpg","1536x1536":"https:\/\/pornuestrolaredo.com\/wp-content\/uploads\/2024\/07\/Stereo91-20240716-4.jpg","2048x2048":"https:\/\/pornuestrolaredo.com\/wp-content\/uploads\/2024\/07\/Stereo91-20240716-4.jpg","morenews-large":"https:\/\/pornuestrolaredo.com\/wp-content\/uploads\/2024\/07\/Stereo91-20240716-4.jpg","morenews-medium":"https:\/\/pornuestrolaredo.com\/wp-content\/uploads\/2024\/07\/Stereo91-20240716-4.jpg"},"magazineBlocksPostAuthor":{"name":"Redactor","avatar":"https:\/\/pornuestrolaredo.com\/wp-content\/litespeed\/avatar\/dca1d7ec750c399f025f23b0b314f4cf.jpg?ver=1777612120"},"magazineBlocksPostCommentsNumber":false,"magazineBlocksPostExcerpt":"Jaime Lozano se va pese a que la Federaci\u00f3n Mexicana de Futbol prometi\u00f3 mantenerlo \u2018sin importar lo que pasara en la Copa Am\u00e9rica\u2019","magazineBlocksPostCategories":["Deportes"],"magazineBlocksPostViewCount":139,"magazineBlocksPostReadTime":2,"magazine_blocks_featured_image_url":{"full":["https:\/\/pornuestrolaredo.com\/wp-content\/uploads\/2024\/07\/Stereo91-20240716-4.jpg",960,640,false],"medium":["https:\/\/pornuestrolaredo.com\/wp-content\/uploads\/2024\/07\/Stereo91-20240716-4-300x200.jpg",300,200,true],"thumbnail":["https:\/\/pornuestrolaredo.com\/wp-content\/uploads\/2024\/07\/Stereo91-20240716-4-150x150.jpg",150,150,true]},"magazine_blocks_author":{"display_name":"Redactor","author_link":"https:\/\/pornuestrolaredo.com\/?author=1"},"magazine_blocks_comment":0,"magazine_blocks_author_image":"https:\/\/pornuestrolaredo.com\/wp-content\/litespeed\/avatar\/dca1d7ec750c399f025f23b0b314f4cf.jpg?ver=1777612120","magazine_blocks_category":"<a href=\"#\" class=\"category-link category-link-10\">Deportes<\/a>","jetpack_publicize_connections":[],"featured_image_urls":{"full":["https:\/\/pornuestrolaredo.com\/wp-content\/uploads\/2024\/07\/Stereo91-20240716-4.jpg",960,640,false],"thumbnail":["https:\/\/pornuestrolaredo.com\/wp-content\/uploads\/2024\/07\/Stereo91-20240716-4-150x150.jpg",150,150,true],"medium":["https:\/\/pornuestrolaredo.com\/wp-content\/uploads\/2024\/07\/Stereo91-20240716-4-300x200.jpg",300,200,true],"medium_large":["https:\/\/pornuestrolaredo.com\/wp-content\/uploads\/2024\/07\/Stereo91-20240716-4-768x512.jpg",640,427,true],"large":["https:\/\/pornuestrolaredo.com\/wp-content\/uploads\/2024\/07\/Stereo91-20240716-4.jpg",640,427,false],"1536x1536":["https:\/\/pornuestrolaredo.com\/wp-content\/uploads\/2024\/07\/Stereo91-20240716-4.jpg",960,640,false],"2048x2048":["https:\/\/pornuestrolaredo.com\/wp-content\/uploads\/2024\/07\/Stereo91-20240716-4.jpg",960,640,false],"morenews-large":["https:\/\/pornuestrolaredo.com\/wp-content\/uploads\/2024\/07\/Stereo91-20240716-4.jpg",825,550,false],"morenews-medium":["https:\/\/pornuestrolaredo.com\/wp-content\/uploads\/2024\/07\/Stereo91-20240716-4.jpg",590,393,false]},"author_info":{"info":["Redactor"]},"category_info":"<a href=\"https:\/\/pornuestrolaredo.com\/?cat=10\" rel=\"category\">Deportes<\/a>","tag_info":"Deportes","comment_count":"0","jetpack_featured_media_url":"https:\/\/pornuestrolaredo.com\/wp-content\/uploads\/2024\/07\/Stereo91-20240716-4.jpg","jetpack_sharing_enabled":true,"_links":{"self":[{"href":"https:\/\/pornuestrolaredo.com\/index.php?rest_route=\/wp\/v2\/posts\/4681","targetHints":{"allow":["GET"]}}],"collection":[{"href":"https:\/\/pornuestrolaredo.com\/index.php?rest_route=\/wp\/v2\/posts"}],"about":[{"href":"https:\/\/pornuestrolaredo.com\/index.php?rest_route=\/wp\/v2\/types\/post"}],"author":[{"embeddable":true,"href":"https:\/\/pornuestrolaredo.com\/index.php?rest_route=\/wp\/v2\/users\/1"}],"replies":[{"embeddable":true,"href":"https:\/\/pornuestrolaredo.com\/index.php?rest_route=%2Fwp%2Fv2%2Fcomments&post=4681"}],"version-history":[{"count":1,"href":"https:\/\/pornuestrolaredo.com\/index.php?rest_route=\/wp\/v2\/posts\/4681\/revisions"}],"predecessor-version":[{"id":4683,"href":"https:\/\/pornuestrolaredo.com\/index.php?rest_route=\/wp\/v2\/posts\/4681\/revisions\/4683"}],"wp:featuredmedia":[{"embeddable":true,"href":"https:\/\/pornuestrolaredo.com\/index.php?rest_route=\/wp\/v2\/media\/4682"}],"wp:attachment":[{"href":"https:\/\/pornuestrolaredo.com\/index.php?rest_route=%2Fwp%2Fv2%2Fmedia&parent=4681"}],"wp:term":[{"taxonomy":"category","embeddable":true,"href":"https:\/\/pornuestrolaredo.com\/index.php?rest_route=%2Fwp%2Fv2%2Fcategories&post=4681"},{"taxonomy":"post_tag","embeddable":true,"href":"https:\/\/pornuestrolaredo.com\/index.php?rest_route=%2Fwp%2Fv2%2Ftags&post=4681"}],"curies":[{"name":"wp","href":"https:\/\/api.w.org\/{rel}","templated":true}]}}