{"id":4690,"date":"2024-07-18T01:58:15","date_gmt":"2024-07-18T01:58:15","guid":{"rendered":"https:\/\/pornuestrolaredo.com\/?p=4690"},"modified":"2024-07-18T01:58:15","modified_gmt":"2024-07-18T01:58:15","slug":"suspenden-citas-para-pasaportes","status":"publish","type":"post","link":"https:\/\/pornuestrolaredo.com\/?p=4690","title":{"rendered":"Suspenden citas para pasaportes"},"content":{"rendered":"<p><strong><em>NUEVO LAREDO.-<\/em><\/strong>  A partir del pr\u00f3ximo lunes la Oficina Municipal de Pasaportes iniciar\u00e1 el primer periodo vacacional por lo que atender\u00e1 con personal de guardia para brindar informaci\u00f3n a los ciudadanos.<\/p>\n<p>Yadira Lara Ram\u00edrez, directora municipal de Enlace con la Secretar\u00eda de Relaciones Exteriores (SRE) dijo que el periodo de vacaciones es a partir del 22 de julio al 2 de agosto, sin embargo habr\u00e1 m\u00f3dulos de informaci\u00f3n y asesor\u00eda, as\u00ed como la entrega de pasaportes a quienes as\u00ed lo tienen agendado.  <\/p>\n<blockquote><p>La reanudaci\u00f3n de labores ser\u00e1 el 5 de agosto, pero continuaremos dando asesor\u00eda sobre c\u00f3mo agendar su cita y la documentaci\u00f3n que deben tener los ciudadanos al momento de hacerla, adem\u00e1s de aclarar dudas que pueden tener\u201d, dijo Lara Ram\u00edrez, funcionaria municipal.<\/p><\/blockquote>\n<p>Indic\u00f3 que al momento se encuentran atendiendo un n\u00famero significativo de familias completas por el periodo de vacaciones ya que en su mayor\u00eda viajan a otro pa\u00eds.<\/p>\n<p>El horario con el que estar\u00e1n atendiendo es de lunes a viernes de 9:00 de la ma\u00f1ana a 1:00 de la tarde.<\/p>\n<p>Por \u00faltimo record\u00f3 a la poblaci\u00f3n el costo de los pasaportes: por 1 a\u00f1o para ni\u00f1os de 0 a tres a\u00f1os de edad tiene un costo de 850 pesos; por 3 a\u00f1os, mil 655 pesos; por 6 a\u00f1os, 2 mil 250; y por 10 a\u00f1os, 3 mil 950 pesos.  <\/p>\n<p>Los adultos mayores y personas con discapacidad tienen un 50 por ciento de descuento en su pasaporte.<\/p>\n","protected":false},"excerpt":{"rendered":"<p>La Oficina Municipal trabajar\u00e1 solo con personal de guardia por vacaciones<\/p>\n","protected":false},"author":1,"featured_media":4691,"comment_status":"closed","ping_status":"closed","sticky":false,"template":"","format":"standard","meta":{"_crdt_document":"","_jetpack_memberships_contains_paid_content":false,"footnotes":"","jetpack_publicize_message":"","jetpack_publicize_feature_enabled":true,"jetpack_social_post_already_shared":true,"jetpack_social_options":{"image_generator_settings":{"template":"highway","default_image_id":0,"font":"","enabled":false},"version":2},"_wpas_customize_per_network":false},"categories":[4],"tags":[],"class_list":["post-4690","post","type-post","status-publish","format-standard","has-post-thumbnail","hentry","category-los-dos-laredos"],"magazineBlocksPostFeaturedMedia":{"thumbnail":"https:\/\/pornuestrolaredo.com\/wp-content\/uploads\/2024\/07\/Pasaportes2-150x150.jpg","medium":"https:\/\/pornuestrolaredo.com\/wp-content\/uploads\/2024\/07\/Pasaportes2-300x200.jpg","medium_large":"https:\/\/pornuestrolaredo.com\/wp-content\/uploads\/2024\/07\/Pasaportes2-768x513.jpg","large":"https:\/\/pornuestrolaredo.com\/wp-content\/uploads\/2024\/07\/Pasaportes2-1000x668.jpg","1536x1536":"https:\/\/pornuestrolaredo.com\/wp-content\/uploads\/2024\/07\/Pasaportes2.jpg","2048x2048":"https:\/\/pornuestrolaredo.com\/wp-content\/uploads\/2024\/07\/Pasaportes2.jpg","morenews-large":"https:\/\/pornuestrolaredo.com\/wp-content\/uploads\/2024\/07\/Pasaportes2.jpg","morenews-medium":"https:\/\/pornuestrolaredo.com\/wp-content\/uploads\/2024\/07\/Pasaportes2.jpg"},"magazineBlocksPostAuthor":{"name":"Redactor","avatar":"https:\/\/pornuestrolaredo.com\/wp-content\/litespeed\/avatar\/dca1d7ec750c399f025f23b0b314f4cf.jpg?ver=1777612120"},"magazineBlocksPostCommentsNumber":false,"magazineBlocksPostExcerpt":"La Oficina Municipal trabajar\u00e1 solo con personal de guardia por vacaciones","magazineBlocksPostCategories":["Los dos Laredos"],"magazineBlocksPostViewCount":143,"magazineBlocksPostReadTime":2,"magazine_blocks_featured_image_url":{"full":["https:\/\/pornuestrolaredo.com\/wp-content\/uploads\/2024\/07\/Pasaportes2.jpg",1280,855,false],"medium":["https:\/\/pornuestrolaredo.com\/wp-content\/uploads\/2024\/07\/Pasaportes2-300x200.jpg",300,200,true],"thumbnail":["https:\/\/pornuestrolaredo.com\/wp-content\/uploads\/2024\/07\/Pasaportes2-150x150.jpg",150,150,true]},"magazine_blocks_author":{"display_name":"Redactor","author_link":"https:\/\/pornuestrolaredo.com\/?author=1"},"magazine_blocks_comment":0,"magazine_blocks_author_image":"https:\/\/pornuestrolaredo.com\/wp-content\/litespeed\/avatar\/dca1d7ec750c399f025f23b0b314f4cf.jpg?ver=1777612120","magazine_blocks_category":"<a href=\"#\" class=\"category-link category-link-4\">Los dos Laredos<\/a>","jetpack_publicize_connections":[],"featured_image_urls":{"full":["https:\/\/pornuestrolaredo.com\/wp-content\/uploads\/2024\/07\/Pasaportes2.jpg",1280,855,false],"thumbnail":["https:\/\/pornuestrolaredo.com\/wp-content\/uploads\/2024\/07\/Pasaportes2-150x150.jpg",150,150,true],"medium":["https:\/\/pornuestrolaredo.com\/wp-content\/uploads\/2024\/07\/Pasaportes2-300x200.jpg",300,200,true],"medium_large":["https:\/\/pornuestrolaredo.com\/wp-content\/uploads\/2024\/07\/Pasaportes2-768x513.jpg",640,428,true],"large":["https:\/\/pornuestrolaredo.com\/wp-content\/uploads\/2024\/07\/Pasaportes2-1000x668.jpg",640,428,true],"1536x1536":["https:\/\/pornuestrolaredo.com\/wp-content\/uploads\/2024\/07\/Pasaportes2.jpg",1280,855,false],"2048x2048":["https:\/\/pornuestrolaredo.com\/wp-content\/uploads\/2024\/07\/Pasaportes2.jpg",1280,855,false],"morenews-large":["https:\/\/pornuestrolaredo.com\/wp-content\/uploads\/2024\/07\/Pasaportes2.jpg",825,551,false],"morenews-medium":["https:\/\/pornuestrolaredo.com\/wp-content\/uploads\/2024\/07\/Pasaportes2.jpg",590,394,false]},"author_info":{"info":["Redactor"]},"category_info":"<a href=\"https:\/\/pornuestrolaredo.com\/?cat=4\" rel=\"category\">Los dos Laredos<\/a>","tag_info":"Los dos Laredos","comment_count":"0","jetpack_featured_media_url":"https:\/\/pornuestrolaredo.com\/wp-content\/uploads\/2024\/07\/Pasaportes2.jpg","jetpack_sharing_enabled":true,"_links":{"self":[{"href":"https:\/\/pornuestrolaredo.com\/index.php?rest_route=\/wp\/v2\/posts\/4690","targetHints":{"allow":["GET"]}}],"collection":[{"href":"https:\/\/pornuestrolaredo.com\/index.php?rest_route=\/wp\/v2\/posts"}],"about":[{"href":"https:\/\/pornuestrolaredo.com\/index.php?rest_route=\/wp\/v2\/types\/post"}],"author":[{"embeddable":true,"href":"https:\/\/pornuestrolaredo.com\/index.php?rest_route=\/wp\/v2\/users\/1"}],"replies":[{"embeddable":true,"href":"https:\/\/pornuestrolaredo.com\/index.php?rest_route=%2Fwp%2Fv2%2Fcomments&post=4690"}],"version-history":[{"count":1,"href":"https:\/\/pornuestrolaredo.com\/index.php?rest_route=\/wp\/v2\/posts\/4690\/revisions"}],"predecessor-version":[{"id":4692,"href":"https:\/\/pornuestrolaredo.com\/index.php?rest_route=\/wp\/v2\/posts\/4690\/revisions\/4692"}],"wp:featuredmedia":[{"embeddable":true,"href":"https:\/\/pornuestrolaredo.com\/index.php?rest_route=\/wp\/v2\/media\/4691"}],"wp:attachment":[{"href":"https:\/\/pornuestrolaredo.com\/index.php?rest_route=%2Fwp%2Fv2%2Fmedia&parent=4690"}],"wp:term":[{"taxonomy":"category","embeddable":true,"href":"https:\/\/pornuestrolaredo.com\/index.php?rest_route=%2Fwp%2Fv2%2Fcategories&post=4690"},{"taxonomy":"post_tag","embeddable":true,"href":"https:\/\/pornuestrolaredo.com\/index.php?rest_route=%2Fwp%2Fv2%2Ftags&post=4690"}],"curies":[{"name":"wp","href":"https:\/\/api.w.org\/{rel}","templated":true}]}}