{"id":4697,"date":"2024-07-18T19:36:51","date_gmt":"2024-07-18T19:36:51","guid":{"rendered":"https:\/\/pornuestrolaredo.com\/?p=4697"},"modified":"2024-07-18T19:36:51","modified_gmt":"2024-07-18T19:36:51","slug":"invita-gobierno-municipal-a-realizar-sus-reportes-al-072-mx","status":"publish","type":"post","link":"https:\/\/pornuestrolaredo.com\/?p=4697","title":{"rendered":"Invita Gobierno Municipal a realizar sus reportes al 072.mx"},"content":{"rendered":"<p><strong<em>>NUEVO LAREDO.-<\/em><\/strong> Si por su casa, barrio, vencindario o ruta diaria hay baches, fugas de agua, fallas de alumbrado p\u00fablico o cualquier otro problema urbano \u00a1rep\u00f3rtelo al 072.mx!<\/p>\n<p>La p\u00e1gina web del Gobierno de Nuevo Laredo funciona las 24 horas, los siete d\u00edas de la semana.<\/p>\n<p>Mariano de la Cruz Gamboa, director de Atenci\u00f3n Ciudadana del Gobierno Municipal mencion\u00f3 que se trata del portal del 072.mx un sitio r\u00e1pido y accesible para los ciudadanos pues no tienen que trasladarse al centro de la ciudad.<\/p>\n<blockquote><p>Invitamos a los ciudadanos que si tienen alg\u00fan reporte urbano lo hagan mediante esta plataforma web el cual es muy amigable para todos, pues es f\u00e1cil de usar y en cualquier horario\u201d, indic\u00f3 de la Cruz Gamboa, funcionario municipal.<\/p><\/blockquote>\n<p>Explic\u00f3 que tambi\u00e9n lo pueden hacer marcando al n\u00famero de tel\u00e9fono 072, as\u00ed como asistir al m\u00f3dulo del CIGA que se encuentra en el anexo a presidencia  municipal en un horario de lunes a viernes de 8:00 de la ma\u00f1ana a 8:00 de la noche y s\u00e1bados de 9:00 de la ma\u00f1ana a 2:00 de la tarde.<\/p>\n<p>Por el periodo vacacional que inicia este 22 de julio el horario en m\u00f3dulo y atenci\u00f3n telef\u00f3nica ser\u00e1 de lunes a viernes de 8:00 de la ma\u00f1ana a 3:30 de la tarde.<\/p>\n<p>A los ciudadanos que hacen su reporte se les entrega un n\u00famero de folio con el cual tienen la oportunidad de darle seguimiento a su petici\u00f3n.<\/p>\n","protected":false},"excerpt":{"rendered":"<p>La p\u00e1gina web est\u00e1 disponible todo el d\u00eda, los siete d\u00edas de la semana para pedir que arreglen baches, fugas de agua y otros problemas urbanos<\/p>\n","protected":false},"author":1,"featured_media":4698,"comment_status":"closed","ping_status":"closed","sticky":false,"template":"","format":"standard","meta":{"_crdt_document":"","_jetpack_memberships_contains_paid_content":false,"footnotes":"","jetpack_publicize_message":"","jetpack_publicize_feature_enabled":true,"jetpack_social_post_already_shared":true,"jetpack_social_options":{"image_generator_settings":{"template":"highway","default_image_id":0,"font":"","enabled":false},"version":2},"_wpas_customize_per_network":false},"categories":[4],"tags":[],"class_list":["post-4697","post","type-post","status-publish","format-standard","has-post-thumbnail","hentry","category-los-dos-laredos"],"magazineBlocksPostFeaturedMedia":{"thumbnail":"https:\/\/pornuestrolaredo.com\/wp-content\/uploads\/2024\/07\/PNL-20240718-2-150x150.jpg","medium":"https:\/\/pornuestrolaredo.com\/wp-content\/uploads\/2024\/07\/PNL-20240718-2-300x200.jpg","medium_large":"https:\/\/pornuestrolaredo.com\/wp-content\/uploads\/2024\/07\/PNL-20240718-2-768x512.jpg","large":"https:\/\/pornuestrolaredo.com\/wp-content\/uploads\/2024\/07\/PNL-20240718-2.jpg","1536x1536":"https:\/\/pornuestrolaredo.com\/wp-content\/uploads\/2024\/07\/PNL-20240718-2.jpg","2048x2048":"https:\/\/pornuestrolaredo.com\/wp-content\/uploads\/2024\/07\/PNL-20240718-2.jpg","morenews-large":"https:\/\/pornuestrolaredo.com\/wp-content\/uploads\/2024\/07\/PNL-20240718-2.jpg","morenews-medium":"https:\/\/pornuestrolaredo.com\/wp-content\/uploads\/2024\/07\/PNL-20240718-2.jpg"},"magazineBlocksPostAuthor":{"name":"Redactor","avatar":"https:\/\/pornuestrolaredo.com\/wp-content\/litespeed\/avatar\/dca1d7ec750c399f025f23b0b314f4cf.jpg?ver=1777612120"},"magazineBlocksPostCommentsNumber":false,"magazineBlocksPostExcerpt":"La p\u00e1gina web est\u00e1 disponible todo el d\u00eda, los siete d\u00edas de la semana para pedir que arreglen baches, fugas de agua y otros problemas urbanos","magazineBlocksPostCategories":["Los dos Laredos"],"magazineBlocksPostViewCount":134,"magazineBlocksPostReadTime":2,"magazine_blocks_featured_image_url":{"full":["https:\/\/pornuestrolaredo.com\/wp-content\/uploads\/2024\/07\/PNL-20240718-2.jpg",850,567,false],"medium":["https:\/\/pornuestrolaredo.com\/wp-content\/uploads\/2024\/07\/PNL-20240718-2-300x200.jpg",300,200,true],"thumbnail":["https:\/\/pornuestrolaredo.com\/wp-content\/uploads\/2024\/07\/PNL-20240718-2-150x150.jpg",150,150,true]},"magazine_blocks_author":{"display_name":"Redactor","author_link":"https:\/\/pornuestrolaredo.com\/?author=1"},"magazine_blocks_comment":0,"magazine_blocks_author_image":"https:\/\/pornuestrolaredo.com\/wp-content\/litespeed\/avatar\/dca1d7ec750c399f025f23b0b314f4cf.jpg?ver=1777612120","magazine_blocks_category":"<a href=\"#\" class=\"category-link category-link-4\">Los dos Laredos<\/a>","jetpack_publicize_connections":[],"featured_image_urls":{"full":["https:\/\/pornuestrolaredo.com\/wp-content\/uploads\/2024\/07\/PNL-20240718-2.jpg",850,567,false],"thumbnail":["https:\/\/pornuestrolaredo.com\/wp-content\/uploads\/2024\/07\/PNL-20240718-2-150x150.jpg",150,150,true],"medium":["https:\/\/pornuestrolaredo.com\/wp-content\/uploads\/2024\/07\/PNL-20240718-2-300x200.jpg",300,200,true],"medium_large":["https:\/\/pornuestrolaredo.com\/wp-content\/uploads\/2024\/07\/PNL-20240718-2-768x512.jpg",640,427,true],"large":["https:\/\/pornuestrolaredo.com\/wp-content\/uploads\/2024\/07\/PNL-20240718-2.jpg",640,427,false],"1536x1536":["https:\/\/pornuestrolaredo.com\/wp-content\/uploads\/2024\/07\/PNL-20240718-2.jpg",850,567,false],"2048x2048":["https:\/\/pornuestrolaredo.com\/wp-content\/uploads\/2024\/07\/PNL-20240718-2.jpg",850,567,false],"morenews-large":["https:\/\/pornuestrolaredo.com\/wp-content\/uploads\/2024\/07\/PNL-20240718-2.jpg",825,550,false],"morenews-medium":["https:\/\/pornuestrolaredo.com\/wp-content\/uploads\/2024\/07\/PNL-20240718-2.jpg",590,394,false]},"author_info":{"info":["Redactor"]},"category_info":"<a href=\"https:\/\/pornuestrolaredo.com\/?cat=4\" rel=\"category\">Los dos Laredos<\/a>","tag_info":"Los dos Laredos","comment_count":"0","jetpack_featured_media_url":"https:\/\/pornuestrolaredo.com\/wp-content\/uploads\/2024\/07\/PNL-20240718-2.jpg","jetpack_sharing_enabled":true,"_links":{"self":[{"href":"https:\/\/pornuestrolaredo.com\/index.php?rest_route=\/wp\/v2\/posts\/4697","targetHints":{"allow":["GET"]}}],"collection":[{"href":"https:\/\/pornuestrolaredo.com\/index.php?rest_route=\/wp\/v2\/posts"}],"about":[{"href":"https:\/\/pornuestrolaredo.com\/index.php?rest_route=\/wp\/v2\/types\/post"}],"author":[{"embeddable":true,"href":"https:\/\/pornuestrolaredo.com\/index.php?rest_route=\/wp\/v2\/users\/1"}],"replies":[{"embeddable":true,"href":"https:\/\/pornuestrolaredo.com\/index.php?rest_route=%2Fwp%2Fv2%2Fcomments&post=4697"}],"version-history":[{"count":1,"href":"https:\/\/pornuestrolaredo.com\/index.php?rest_route=\/wp\/v2\/posts\/4697\/revisions"}],"predecessor-version":[{"id":4699,"href":"https:\/\/pornuestrolaredo.com\/index.php?rest_route=\/wp\/v2\/posts\/4697\/revisions\/4699"}],"wp:featuredmedia":[{"embeddable":true,"href":"https:\/\/pornuestrolaredo.com\/index.php?rest_route=\/wp\/v2\/media\/4698"}],"wp:attachment":[{"href":"https:\/\/pornuestrolaredo.com\/index.php?rest_route=%2Fwp%2Fv2%2Fmedia&parent=4697"}],"wp:term":[{"taxonomy":"category","embeddable":true,"href":"https:\/\/pornuestrolaredo.com\/index.php?rest_route=%2Fwp%2Fv2%2Fcategories&post=4697"},{"taxonomy":"post_tag","embeddable":true,"href":"https:\/\/pornuestrolaredo.com\/index.php?rest_route=%2Fwp%2Fv2%2Ftags&post=4697"}],"curies":[{"name":"wp","href":"https:\/\/api.w.org\/{rel}","templated":true}]}}