{"id":4704,"date":"2024-07-26T17:33:44","date_gmt":"2024-07-26T17:33:44","guid":{"rendered":"https:\/\/pornuestrolaredo.com\/?p=4704"},"modified":"2024-07-26T18:03:47","modified_gmt":"2024-07-26T18:03:47","slug":"atacan-trenes-franceses-a-horas-de-iniciar-lo-olimpicos","status":"publish","type":"post","link":"https:\/\/pornuestrolaredo.com\/?p=4704","title":{"rendered":"Atacan trenes franceses a horas de iniciar los Ol\u00edmpicos"},"content":{"rendered":"<p>PAR\u00cdS.\u2014 La red francesa de trenes de alta velocidad fue golpeada el viernes con numerosos actos \u201ccriminales\u201d de vandalismo, incluidos incendios provocados, que paralizaron los desplazamientos a Par\u00eds desde el resto de Francia y Europa apenas unas horas antes de la gran ceremonia de inauguraci\u00f3n de los Juegos Ol\u00edmpicos.<\/p>\n<p>Las autoridades abrieron una investigaci\u00f3n sobre las \u201cacciones criminales\u201d que pod\u00edan suponer penas de hasta 15 y 20 a\u00f1os de prisi\u00f3n, aunque se\u00f1alaron que no hab\u00eda una conexi\u00f3n directa con la justa ol\u00edmpica.<\/p>\n<p>\u201cMenuda forma de comenzar los Juegos Ol\u00edmpicos\u201d, dijo Sarah Moseley, de 42 a\u00f1os, tras enterarse de que su tren a Londres llevaba un retraso de una hora.<\/p>\n<p>A\u00f1adi\u00f3 que los agresores hab\u00edan atacado de forma estrat\u00e9gica las rutas principales desde el norte, este y oeste hacia Par\u00eds, horas antes de que la ciudad acogiera la ceremonia de apertura de los Juegos Ol\u00edmpicos. A\u00f1adi\u00f3 que habr\u00eda \u201cenormes consecuencias\u201d, con \u201ccientos de miles\u201d personas varadas que intentaban visitar Par\u00eds por vacaciones o los Juegos.<\/p>\n<p>Mientras las autoridades parisinas se preparaban para un desfile por el r\u00edo Sena en medio de fuertes medidas de seguridad, se reportaron tres fuegos cerca de las v\u00edas de las l\u00edneas de alta velocidad Atl\u00e1ntica, Norte y Este, afectando a centenares de miles de viajeros.<\/p>\n<p>Entre ellos estaban deportistas ol\u00edmpicos.<\/p>\n<p>Dos de cuatro tres que trasladaban a deportistas de los Juegos a Par\u00eds en la ruta Atlantique de alta velocidad en el oeste fueron frenados previo a la ceremonia de apertura, afectados por el sabotaje, dijo un funcionario del operador ferroviario SNCF.<\/p>\n<p>Entre los viajeros afectados hab\u00eda dos competidores alemanes de salto ecuestre, que iban en un tren a Par\u00eds para participar en la ceremonia de apertura pero tuvieron que regresar a B\u00e9lgica por los cortes y ahora se perder\u00edan la ceremonia, seg\u00fan dijo la agencia alemana dpa.<\/p>\n<p>El primer ministro saliente de Francia, Gabriel Attal, dijo que los sabotajes e incendios provocados ten\u00edan \u201cun objetivo claro: bloquear la red de tren de alta velocidad\u201d.<\/p>\n<p>\u201cYa no hab\u00eda posibilidades de llegar a tiempo\u201d, dijo a dpa el jinete Philipp Weishaupt, que viajaba con su compa\u00f1ero de equipo Christian Kukuk.<\/p>\n<p>Attal, indic\u00f3 en la red social X que se hab\u00eda movilizado a los servicios de inteligencia franceses para encontrar a los responsables y describi\u00f3 los incidentes de \u201cactos de sabotaje\u201d, que fueron \u201cpreparados y coordinados\u201d.<\/p>\n<p>No se reportaron heridos.<\/p>\n","protected":false},"excerpt":{"rendered":"<p>Las autoridades aseguran que se trata de un \u2018ataques criminales\u2019<\/p>\n","protected":false},"author":1,"featured_media":4705,"comment_status":"closed","ping_status":"closed","sticky":false,"template":"","format":"standard","meta":{"_crdt_document":"","_jetpack_memberships_contains_paid_content":false,"footnotes":"","jetpack_publicize_message":"","jetpack_publicize_feature_enabled":true,"jetpack_social_post_already_shared":true,"jetpack_social_options":{"image_generator_settings":{"template":"highway","default_image_id":0,"font":"","enabled":false},"version":2},"_wpas_customize_per_network":false},"categories":[9],"tags":[],"class_list":["post-4704","post","type-post","status-publish","format-standard","has-post-thumbnail","hentry","category-el-mundo"],"magazineBlocksPostFeaturedMedia":{"thumbnail":"https:\/\/pornuestrolaredo.com\/wp-content\/uploads\/2024\/07\/IMG_0307-150x150.jpeg","medium":"https:\/\/pornuestrolaredo.com\/wp-content\/uploads\/2024\/07\/IMG_0307-300x198.jpeg","medium_large":"https:\/\/pornuestrolaredo.com\/wp-content\/uploads\/2024\/07\/IMG_0307-768x507.jpeg","large":"https:\/\/pornuestrolaredo.com\/wp-content\/uploads\/2024\/07\/IMG_0307-1000x660.jpeg","1536x1536":"https:\/\/pornuestrolaredo.com\/wp-content\/uploads\/2024\/07\/IMG_0307-1536x1014.jpeg","2048x2048":"https:\/\/pornuestrolaredo.com\/wp-content\/uploads\/2024\/07\/IMG_0307.jpeg","morenews-large":"https:\/\/pornuestrolaredo.com\/wp-content\/uploads\/2024\/07\/IMG_0307.jpeg","morenews-medium":"https:\/\/pornuestrolaredo.com\/wp-content\/uploads\/2024\/07\/IMG_0307.jpeg"},"magazineBlocksPostAuthor":{"name":"Redactor","avatar":"https:\/\/pornuestrolaredo.com\/wp-content\/litespeed\/avatar\/dca1d7ec750c399f025f23b0b314f4cf.jpg?ver=1777612120"},"magazineBlocksPostCommentsNumber":false,"magazineBlocksPostExcerpt":"Las autoridades aseguran que se trata de un \u2018ataques criminales\u2019","magazineBlocksPostCategories":["El Mundo"],"magazineBlocksPostViewCount":124,"magazineBlocksPostReadTime":3,"magazine_blocks_featured_image_url":{"full":["https:\/\/pornuestrolaredo.com\/wp-content\/uploads\/2024\/07\/IMG_0307.jpeg",1546,1021,false],"medium":["https:\/\/pornuestrolaredo.com\/wp-content\/uploads\/2024\/07\/IMG_0307-300x198.jpeg",300,198,true],"thumbnail":["https:\/\/pornuestrolaredo.com\/wp-content\/uploads\/2024\/07\/IMG_0307-150x150.jpeg",150,150,true]},"magazine_blocks_author":{"display_name":"Redactor","author_link":"https:\/\/pornuestrolaredo.com\/?author=1"},"magazine_blocks_comment":0,"magazine_blocks_author_image":"https:\/\/pornuestrolaredo.com\/wp-content\/litespeed\/avatar\/dca1d7ec750c399f025f23b0b314f4cf.jpg?ver=1777612120","magazine_blocks_category":"<a href=\"#\" class=\"category-link category-link-9\">El Mundo<\/a>","jetpack_publicize_connections":[],"featured_image_urls":{"full":["https:\/\/pornuestrolaredo.com\/wp-content\/uploads\/2024\/07\/IMG_0307.jpeg",1546,1021,false],"thumbnail":["https:\/\/pornuestrolaredo.com\/wp-content\/uploads\/2024\/07\/IMG_0307-150x150.jpeg",150,150,true],"medium":["https:\/\/pornuestrolaredo.com\/wp-content\/uploads\/2024\/07\/IMG_0307-300x198.jpeg",300,198,true],"medium_large":["https:\/\/pornuestrolaredo.com\/wp-content\/uploads\/2024\/07\/IMG_0307-768x507.jpeg",640,423,true],"large":["https:\/\/pornuestrolaredo.com\/wp-content\/uploads\/2024\/07\/IMG_0307-1000x660.jpeg",640,422,true],"1536x1536":["https:\/\/pornuestrolaredo.com\/wp-content\/uploads\/2024\/07\/IMG_0307-1536x1014.jpeg",1536,1014,true],"2048x2048":["https:\/\/pornuestrolaredo.com\/wp-content\/uploads\/2024\/07\/IMG_0307.jpeg",1546,1021,false],"morenews-large":["https:\/\/pornuestrolaredo.com\/wp-content\/uploads\/2024\/07\/IMG_0307.jpeg",825,545,false],"morenews-medium":["https:\/\/pornuestrolaredo.com\/wp-content\/uploads\/2024\/07\/IMG_0307.jpeg",590,390,false]},"author_info":{"info":["Redactor"]},"category_info":"<a href=\"https:\/\/pornuestrolaredo.com\/?cat=9\" rel=\"category\">El Mundo<\/a>","tag_info":"El Mundo","comment_count":"0","jetpack_featured_media_url":"https:\/\/pornuestrolaredo.com\/wp-content\/uploads\/2024\/07\/IMG_0307.jpeg","jetpack_sharing_enabled":true,"_links":{"self":[{"href":"https:\/\/pornuestrolaredo.com\/index.php?rest_route=\/wp\/v2\/posts\/4704","targetHints":{"allow":["GET"]}}],"collection":[{"href":"https:\/\/pornuestrolaredo.com\/index.php?rest_route=\/wp\/v2\/posts"}],"about":[{"href":"https:\/\/pornuestrolaredo.com\/index.php?rest_route=\/wp\/v2\/types\/post"}],"author":[{"embeddable":true,"href":"https:\/\/pornuestrolaredo.com\/index.php?rest_route=\/wp\/v2\/users\/1"}],"replies":[{"embeddable":true,"href":"https:\/\/pornuestrolaredo.com\/index.php?rest_route=%2Fwp%2Fv2%2Fcomments&post=4704"}],"version-history":[{"count":2,"href":"https:\/\/pornuestrolaredo.com\/index.php?rest_route=\/wp\/v2\/posts\/4704\/revisions"}],"predecessor-version":[{"id":4707,"href":"https:\/\/pornuestrolaredo.com\/index.php?rest_route=\/wp\/v2\/posts\/4704\/revisions\/4707"}],"wp:featuredmedia":[{"embeddable":true,"href":"https:\/\/pornuestrolaredo.com\/index.php?rest_route=\/wp\/v2\/media\/4705"}],"wp:attachment":[{"href":"https:\/\/pornuestrolaredo.com\/index.php?rest_route=%2Fwp%2Fv2%2Fmedia&parent=4704"}],"wp:term":[{"taxonomy":"category","embeddable":true,"href":"https:\/\/pornuestrolaredo.com\/index.php?rest_route=%2Fwp%2Fv2%2Fcategories&post=4704"},{"taxonomy":"post_tag","embeddable":true,"href":"https:\/\/pornuestrolaredo.com\/index.php?rest_route=%2Fwp%2Fv2%2Ftags&post=4704"}],"curies":[{"name":"wp","href":"https:\/\/api.w.org\/{rel}","templated":true}]}}