{"id":4728,"date":"2024-08-02T05:25:54","date_gmt":"2024-08-02T05:25:54","guid":{"rendered":"https:\/\/pornuestrolaredo.com\/?p=4728"},"modified":"2024-08-02T05:25:54","modified_gmt":"2024-08-02T05:25:54","slug":"no-consigue-alegna-gonzalez-regresar-a-mexico-al-podio","status":"publish","type":"post","link":"https:\/\/pornuestrolaredo.com\/?p=4728","title":{"rendered":"No consigue Alegna Gonz\u00e1lez regresar a M\u00e9xico al podio"},"content":{"rendered":"<p><strong><em>PAR\u00cdS.-<\/em> <\/strong>La gran esperanza de M\u00e9xico por regresar a un podio ol\u00edmpico en la marcha atl\u00e9tica se desvaneci\u00f3 el jueves sobre las calles de Par\u00eds.<\/p>\n<p>Alegna Gonz\u00e1lez mejor\u00f3 sus registros personales, pero termin\u00f3 en el quinto puesto de la prueba de 20 de kil\u00f3metros en los Juegos Ol\u00edmpicos.<\/p>\n<p>Gonz\u00e1lez, de 25 a\u00f1os, realiz\u00f3 un tiempo de 1:27:14 y termin\u00f3 en el mismo sitio en los Juegos Ol\u00edmpicos de Tokio realizados hace tres a\u00f1os.<\/p>\n<blockquote><p>No s\u00e9 c\u00f3mo describir lo que siento, quise dar lo mejor de m\u00ed, pero no logr\u00e9 el objetivo\u201d, dijo Gonz\u00e1lez. \u201cNunca me di por vencida, luch\u00e9 cada kil\u00f3metro y no se pudo\u201d.<\/p><\/blockquote>\n<p>M\u00e9xico no tiene representaci\u00f3n en un podio de marcha desde R\u00edo 2016, cuando Guadalupe Gonz\u00e1lez consigui\u00f3 una medalla de plata en los 20 kil\u00f3metros.<\/p>\n<p>La disciplina lleg\u00f3 a ser una de las m\u00e1s exitosas para el olimpismo mexicano. Diez de las 11 medallas mexicanas en atletismo de Juegos Ol\u00edmpicos cayeron en ese deporte que poco a poco fue cediendo terreno a otros como los clavados.<\/p>\n<p>Despu\u00e9s de su destacado papel en sus primeros Juegos Ol\u00edmpicos, Gonz\u00e1lez lleg\u00f3 a Par\u00eds cargando en sus maletas la esperanza de regresar a los mexicanos a los primeros planos en un deporte en el que por un momento fueron potencia mundial.<\/p>\n<p>En Los \u00c1ngeles 1984, M\u00e9xico sac\u00f3 dos medallas de oro y una de plata en la disciplina.<\/p>\n<blockquote><p>No estoy triste, pero si enojada conmigo porque ven\u00eda por una meta fija y no lo logr\u00e9\u201d, dijo molesta la mexicana.<\/p><\/blockquote>\n<p>La medalla de oro en la prueba fue para la china Jiayu Yang con un registro de 1:25:54, la plata se la qued\u00f3 la espa\u00f1ola Mar\u00eda P\u00e9rez, con 1:26.19, y el bronce le correspondi\u00f3 a la australiana Jemima Montag, con 1:26:25.<\/p>\n<p>A diferencia de lo que ocurri\u00f3 en Tokio, donde debut\u00f3 en unos Juegos Ol\u00edmpicos y realiz\u00f3 una prueba conservadora, la mexicana fue m\u00e1s agresiva, pero no le alcanz\u00f3 porque la china y la australiana dominaron casi de punta a punta.<\/p>\n","protected":false},"excerpt":{"rendered":"<p>La mexicana se esforz\u00f3 y hasta mejor\u00f3 su marca, pero no le alcanz\u00f3 para conseguir una medalla<\/p>\n","protected":false},"author":1,"featured_media":4729,"comment_status":"closed","ping_status":"closed","sticky":false,"template":"","format":"standard","meta":{"_crdt_document":"","_jetpack_memberships_contains_paid_content":false,"footnotes":"","jetpack_publicize_message":"","jetpack_publicize_feature_enabled":true,"jetpack_social_post_already_shared":true,"jetpack_social_options":{"image_generator_settings":{"template":"highway","default_image_id":0,"font":"","enabled":false},"version":2},"_wpas_customize_per_network":false},"categories":[10],"tags":[],"class_list":["post-4728","post","type-post","status-publish","format-standard","has-post-thumbnail","hentry","category-deportes"],"magazineBlocksPostFeaturedMedia":{"thumbnail":"https:\/\/pornuestrolaredo.com\/wp-content\/uploads\/2024\/08\/Stereo91-20240801-3-150x150.jpg","medium":"https:\/\/pornuestrolaredo.com\/wp-content\/uploads\/2024\/08\/Stereo91-20240801-3-300x200.jpg","medium_large":"https:\/\/pornuestrolaredo.com\/wp-content\/uploads\/2024\/08\/Stereo91-20240801-3-768x512.jpg","large":"https:\/\/pornuestrolaredo.com\/wp-content\/uploads\/2024\/08\/Stereo91-20240801-3.jpg","1536x1536":"https:\/\/pornuestrolaredo.com\/wp-content\/uploads\/2024\/08\/Stereo91-20240801-3.jpg","2048x2048":"https:\/\/pornuestrolaredo.com\/wp-content\/uploads\/2024\/08\/Stereo91-20240801-3.jpg","morenews-large":"https:\/\/pornuestrolaredo.com\/wp-content\/uploads\/2024\/08\/Stereo91-20240801-3.jpg","morenews-medium":"https:\/\/pornuestrolaredo.com\/wp-content\/uploads\/2024\/08\/Stereo91-20240801-3.jpg"},"magazineBlocksPostAuthor":{"name":"Redactor","avatar":"https:\/\/pornuestrolaredo.com\/wp-content\/litespeed\/avatar\/dca1d7ec750c399f025f23b0b314f4cf.jpg?ver=1777612120"},"magazineBlocksPostCommentsNumber":false,"magazineBlocksPostExcerpt":"La mexicana se esforz\u00f3 y hasta mejor\u00f3 su marca, pero no le alcanz\u00f3 para conseguir una medalla","magazineBlocksPostCategories":["Deportes"],"magazineBlocksPostViewCount":122,"magazineBlocksPostReadTime":2,"magazine_blocks_featured_image_url":{"full":["https:\/\/pornuestrolaredo.com\/wp-content\/uploads\/2024\/08\/Stereo91-20240801-3.jpg",850,567,false],"medium":["https:\/\/pornuestrolaredo.com\/wp-content\/uploads\/2024\/08\/Stereo91-20240801-3-300x200.jpg",300,200,true],"thumbnail":["https:\/\/pornuestrolaredo.com\/wp-content\/uploads\/2024\/08\/Stereo91-20240801-3-150x150.jpg",150,150,true]},"magazine_blocks_author":{"display_name":"Redactor","author_link":"https:\/\/pornuestrolaredo.com\/?author=1"},"magazine_blocks_comment":0,"magazine_blocks_author_image":"https:\/\/pornuestrolaredo.com\/wp-content\/litespeed\/avatar\/dca1d7ec750c399f025f23b0b314f4cf.jpg?ver=1777612120","magazine_blocks_category":"<a href=\"#\" class=\"category-link category-link-10\">Deportes<\/a>","jetpack_publicize_connections":[],"featured_image_urls":{"full":["https:\/\/pornuestrolaredo.com\/wp-content\/uploads\/2024\/08\/Stereo91-20240801-3.jpg",850,567,false],"thumbnail":["https:\/\/pornuestrolaredo.com\/wp-content\/uploads\/2024\/08\/Stereo91-20240801-3-150x150.jpg",150,150,true],"medium":["https:\/\/pornuestrolaredo.com\/wp-content\/uploads\/2024\/08\/Stereo91-20240801-3-300x200.jpg",300,200,true],"medium_large":["https:\/\/pornuestrolaredo.com\/wp-content\/uploads\/2024\/08\/Stereo91-20240801-3-768x512.jpg",640,427,true],"large":["https:\/\/pornuestrolaredo.com\/wp-content\/uploads\/2024\/08\/Stereo91-20240801-3.jpg",640,427,false],"1536x1536":["https:\/\/pornuestrolaredo.com\/wp-content\/uploads\/2024\/08\/Stereo91-20240801-3.jpg",850,567,false],"2048x2048":["https:\/\/pornuestrolaredo.com\/wp-content\/uploads\/2024\/08\/Stereo91-20240801-3.jpg",850,567,false],"morenews-large":["https:\/\/pornuestrolaredo.com\/wp-content\/uploads\/2024\/08\/Stereo91-20240801-3.jpg",825,550,false],"morenews-medium":["https:\/\/pornuestrolaredo.com\/wp-content\/uploads\/2024\/08\/Stereo91-20240801-3.jpg",590,394,false]},"author_info":{"info":["Redactor"]},"category_info":"<a href=\"https:\/\/pornuestrolaredo.com\/?cat=10\" rel=\"category\">Deportes<\/a>","tag_info":"Deportes","comment_count":"0","jetpack_featured_media_url":"https:\/\/pornuestrolaredo.com\/wp-content\/uploads\/2024\/08\/Stereo91-20240801-3.jpg","jetpack_sharing_enabled":true,"_links":{"self":[{"href":"https:\/\/pornuestrolaredo.com\/index.php?rest_route=\/wp\/v2\/posts\/4728","targetHints":{"allow":["GET"]}}],"collection":[{"href":"https:\/\/pornuestrolaredo.com\/index.php?rest_route=\/wp\/v2\/posts"}],"about":[{"href":"https:\/\/pornuestrolaredo.com\/index.php?rest_route=\/wp\/v2\/types\/post"}],"author":[{"embeddable":true,"href":"https:\/\/pornuestrolaredo.com\/index.php?rest_route=\/wp\/v2\/users\/1"}],"replies":[{"embeddable":true,"href":"https:\/\/pornuestrolaredo.com\/index.php?rest_route=%2Fwp%2Fv2%2Fcomments&post=4728"}],"version-history":[{"count":1,"href":"https:\/\/pornuestrolaredo.com\/index.php?rest_route=\/wp\/v2\/posts\/4728\/revisions"}],"predecessor-version":[{"id":4730,"href":"https:\/\/pornuestrolaredo.com\/index.php?rest_route=\/wp\/v2\/posts\/4728\/revisions\/4730"}],"wp:featuredmedia":[{"embeddable":true,"href":"https:\/\/pornuestrolaredo.com\/index.php?rest_route=\/wp\/v2\/media\/4729"}],"wp:attachment":[{"href":"https:\/\/pornuestrolaredo.com\/index.php?rest_route=%2Fwp%2Fv2%2Fmedia&parent=4728"}],"wp:term":[{"taxonomy":"category","embeddable":true,"href":"https:\/\/pornuestrolaredo.com\/index.php?rest_route=%2Fwp%2Fv2%2Fcategories&post=4728"},{"taxonomy":"post_tag","embeddable":true,"href":"https:\/\/pornuestrolaredo.com\/index.php?rest_route=%2Fwp%2Fv2%2Ftags&post=4728"}],"curies":[{"name":"wp","href":"https:\/\/api.w.org\/{rel}","templated":true}]}}