{"id":4748,"date":"2024-08-03T18:12:23","date_gmt":"2024-08-03T18:12:23","guid":{"rendered":"https:\/\/pornuestrolaredo.com\/?p=4748"},"modified":"2024-08-03T18:12:23","modified_gmt":"2024-08-03T18:12:23","slug":"malas-nuevas-se-retira-la-banda-aerosmith","status":"publish","type":"post","link":"https:\/\/pornuestrolaredo.com\/?p=4748","title":{"rendered":"Malas nuevas\u2026 \u00a1se retira la banda Aerosmith!"},"content":{"rendered":"<p><strong><em>LOS \u00c1NGELES.<\/em>&#8211;<\/strong> El sue\u00f1o de rockear sobre el escenario termin\u00f3 abruptamente para Aerosmith.<\/p>\n<p>La banda formada en Boston en 1970 y que gan\u00f3 un nombre poderoso en el g\u00e9nero de la mano de cl\u00e1sicos como &#8220;Dream On&#8221;, &#8220;Walk This Way&#8221;, &#8220;Sweet Emotion&#8221;, &#8220;Love in an Elevator&#8221;, &#8220;Janie&#8217;s Got a Gun&#8221; o &#8220;Livin&#8217; on the Edge&#8221; anunci\u00f3 su adi\u00f3s debido a los problemas que su frontman, Steven Tyler, arrastra en las cuerdas vocales y la laringe y que le impiden recuperarse para continuar con el Peace Out: The Farewell Tour, el cual queda cancelado.<\/p>\n<blockquote><p>Ha sido un honor para nuestras vidas que nuestra m\u00fasica formara parte de la de ustedes. En cada foro, en cada gira masiva y en momentos grandiosos y privados, nos han dado un lugar en la banda sonora de sus vidas.<\/p><\/blockquote>\n<blockquote><p>Siempre hemos querido dejarlos boquiabiertos al tocar en vivo. Como saben, la voz de Steven es un instrumento como ning\u00fan otro. Ha pasado meses trabajando incansablemente para que su voz vuelva a ser como la de antes de su lesi\u00f3n. Lo hemos visto luchar a pesar de tener al mejor equipo m\u00e9dico a su lado. Lamentablemente, est\u00e1 claro que no es posible recuperarse por completo de su lesi\u00f3n vocal. Hemos tomado una decisi\u00f3n desgarradora y dif\u00edcil, pero necesaria, como banda de hermanos: retirarnos de las giras&#8221;, poste\u00f3 el grupo en redes sociales.<\/p><\/blockquote>\n<p>Aerosmith, que ingres\u00f3 en 2001 al Sal\u00f3n de la Fama del Rock and Roll, recalc\u00f3 que salir de gira durante cinco d\u00e9cadas ha sido la mayor alegr\u00eda para sus integrantes, Tyler, los guitarristas Joe Perry y Brad Whitford, el bajista Tom Hamilton y el baterista Joey Kramer, y reconoci\u00f3 a sus legiones de admiradores y a su equipo t\u00e9cnico por hacer posible su desempe\u00f1o y logros.<\/p>\n<blockquote><p>Estamos agradecidos, m\u00e1s all\u00e1 de las palabras, con todos los que estaban entusiasmados por acompa\u00f1arnos en la ruta una \u00faltima vez. Agradecidos con nuestro experto equipo, con nuestro incre\u00edble equipo y los miles de personas talentosas que han hecho posible nuestras hist\u00f3ricas carreras. Un \u00faltimo agradecimiento para ustedes, los mejores fans del planeta Tierra. Toquen nuestra m\u00fasica a todo volumen, ahora y siempre. Sigan so\u00f1ando. Han hecho realidad nuestros sue\u00f1os&#8221;.<\/p><\/blockquote>\n<p>El grupo hab\u00eda emprendido el Peace Out: The Farewell Tour en septiembre pasado en Estados Unidos, pero despu\u00e9s de s\u00f3lo tres conciertos fueron pospuestas 37 fechas m\u00e1s con la idea de retomarlas este a\u00f1o. No pudo ser; adem\u00e1s, otras 40 programadas para el resto de 2024 y 2025 tambi\u00e9n han sido canceladas.<\/p>\n<blockquote><p>Adem\u00e1s del da\u00f1o en sus cuerdas vocales, Tyler se fractur\u00f3 la laringe, lo que requiere atenci\u00f3n constante. Est\u00e1 recibiendo el mejor tratamiento m\u00e9dico disponible para garantizar que su recuperaci\u00f3n sea r\u00e1pida, pero dada la naturaleza de la fractura, se le dice que es esencial tener paciencia&#8221;, hab\u00eda explicado el a\u00f1o pasado, seg\u00fan Deadline, el m\u00e9dico del cantante.<\/p><\/blockquote>\n<p>El nombre de Steven Tyler, de 76 a\u00f1os, fue tendencia este vierne en X al grado de que el comunicado de Aerosmith, considerado como el grupo estadounidense de hard rock m\u00e1s exitoso en ventas de discos y n\u00fameros uno, registr\u00f3 un mill\u00f3n de vistas.<\/p>\n","protected":false},"excerpt":{"rendered":"<p>Anuncian su adi\u00f3s debido a los problemas que su frontman, Steven Tyler, arrastra en las cuerdas vocales y la laringe<\/p>\n","protected":false},"author":1,"featured_media":4749,"comment_status":"closed","ping_status":"closed","sticky":false,"template":"","format":"standard","meta":{"_crdt_document":"","_jetpack_memberships_contains_paid_content":false,"footnotes":"","jetpack_publicize_message":"","jetpack_publicize_feature_enabled":true,"jetpack_social_post_already_shared":true,"jetpack_social_options":{"image_generator_settings":{"template":"highway","default_image_id":0,"font":"","enabled":false},"version":2},"_wpas_customize_per_network":false},"categories":[34],"tags":[],"class_list":["post-4748","post","type-post","status-publish","format-standard","has-post-thumbnail","hentry","category-farandula"],"magazineBlocksPostFeaturedMedia":{"thumbnail":"https:\/\/pornuestrolaredo.com\/wp-content\/uploads\/2024\/08\/107FM-20240803-3-150x150.jpg","medium":"https:\/\/pornuestrolaredo.com\/wp-content\/uploads\/2024\/08\/107FM-20240803-3-300x157.jpg","medium_large":"https:\/\/pornuestrolaredo.com\/wp-content\/uploads\/2024\/08\/107FM-20240803-3-768x401.jpg","large":"https:\/\/pornuestrolaredo.com\/wp-content\/uploads\/2024\/08\/107FM-20240803-3.jpg","1536x1536":"https:\/\/pornuestrolaredo.com\/wp-content\/uploads\/2024\/08\/107FM-20240803-3.jpg","2048x2048":"https:\/\/pornuestrolaredo.com\/wp-content\/uploads\/2024\/08\/107FM-20240803-3.jpg","morenews-large":"https:\/\/pornuestrolaredo.com\/wp-content\/uploads\/2024\/08\/107FM-20240803-3.jpg","morenews-medium":"https:\/\/pornuestrolaredo.com\/wp-content\/uploads\/2024\/08\/107FM-20240803-3.jpg"},"magazineBlocksPostAuthor":{"name":"Redactor","avatar":"https:\/\/pornuestrolaredo.com\/wp-content\/litespeed\/avatar\/dca1d7ec750c399f025f23b0b314f4cf.jpg?ver=1777612120"},"magazineBlocksPostCommentsNumber":false,"magazineBlocksPostExcerpt":"Anuncian su adi\u00f3s debido a los problemas que su frontman, Steven Tyler, arrastra en las cuerdas vocales y la laringe","magazineBlocksPostCategories":["Far\u00e1ndula"],"magazineBlocksPostViewCount":122,"magazineBlocksPostReadTime":3,"magazine_blocks_featured_image_url":{"full":["https:\/\/pornuestrolaredo.com\/wp-content\/uploads\/2024\/08\/107FM-20240803-3.jpg",960,501,false],"medium":["https:\/\/pornuestrolaredo.com\/wp-content\/uploads\/2024\/08\/107FM-20240803-3-300x157.jpg",300,157,true],"thumbnail":["https:\/\/pornuestrolaredo.com\/wp-content\/uploads\/2024\/08\/107FM-20240803-3-150x150.jpg",150,150,true]},"magazine_blocks_author":{"display_name":"Redactor","author_link":"https:\/\/pornuestrolaredo.com\/?author=1"},"magazine_blocks_comment":0,"magazine_blocks_author_image":"https:\/\/pornuestrolaredo.com\/wp-content\/litespeed\/avatar\/dca1d7ec750c399f025f23b0b314f4cf.jpg?ver=1777612120","magazine_blocks_category":"<a href=\"#\" class=\"category-link category-link-34\">Far\u00e1ndula<\/a>","jetpack_publicize_connections":[],"featured_image_urls":{"full":["https:\/\/pornuestrolaredo.com\/wp-content\/uploads\/2024\/08\/107FM-20240803-3.jpg",960,501,false],"thumbnail":["https:\/\/pornuestrolaredo.com\/wp-content\/uploads\/2024\/08\/107FM-20240803-3-150x150.jpg",150,150,true],"medium":["https:\/\/pornuestrolaredo.com\/wp-content\/uploads\/2024\/08\/107FM-20240803-3-300x157.jpg",300,157,true],"medium_large":["https:\/\/pornuestrolaredo.com\/wp-content\/uploads\/2024\/08\/107FM-20240803-3-768x401.jpg",640,334,true],"large":["https:\/\/pornuestrolaredo.com\/wp-content\/uploads\/2024\/08\/107FM-20240803-3.jpg",640,334,false],"1536x1536":["https:\/\/pornuestrolaredo.com\/wp-content\/uploads\/2024\/08\/107FM-20240803-3.jpg",960,501,false],"2048x2048":["https:\/\/pornuestrolaredo.com\/wp-content\/uploads\/2024\/08\/107FM-20240803-3.jpg",960,501,false],"morenews-large":["https:\/\/pornuestrolaredo.com\/wp-content\/uploads\/2024\/08\/107FM-20240803-3.jpg",825,431,false],"morenews-medium":["https:\/\/pornuestrolaredo.com\/wp-content\/uploads\/2024\/08\/107FM-20240803-3.jpg",590,308,false]},"author_info":{"info":["Redactor"]},"category_info":"<a href=\"https:\/\/pornuestrolaredo.com\/?cat=34\" rel=\"category\">Far\u00e1ndula<\/a>","tag_info":"Far\u00e1ndula","comment_count":"0","jetpack_featured_media_url":"https:\/\/pornuestrolaredo.com\/wp-content\/uploads\/2024\/08\/107FM-20240803-3.jpg","jetpack_sharing_enabled":true,"_links":{"self":[{"href":"https:\/\/pornuestrolaredo.com\/index.php?rest_route=\/wp\/v2\/posts\/4748","targetHints":{"allow":["GET"]}}],"collection":[{"href":"https:\/\/pornuestrolaredo.com\/index.php?rest_route=\/wp\/v2\/posts"}],"about":[{"href":"https:\/\/pornuestrolaredo.com\/index.php?rest_route=\/wp\/v2\/types\/post"}],"author":[{"embeddable":true,"href":"https:\/\/pornuestrolaredo.com\/index.php?rest_route=\/wp\/v2\/users\/1"}],"replies":[{"embeddable":true,"href":"https:\/\/pornuestrolaredo.com\/index.php?rest_route=%2Fwp%2Fv2%2Fcomments&post=4748"}],"version-history":[{"count":1,"href":"https:\/\/pornuestrolaredo.com\/index.php?rest_route=\/wp\/v2\/posts\/4748\/revisions"}],"predecessor-version":[{"id":4750,"href":"https:\/\/pornuestrolaredo.com\/index.php?rest_route=\/wp\/v2\/posts\/4748\/revisions\/4750"}],"wp:featuredmedia":[{"embeddable":true,"href":"https:\/\/pornuestrolaredo.com\/index.php?rest_route=\/wp\/v2\/media\/4749"}],"wp:attachment":[{"href":"https:\/\/pornuestrolaredo.com\/index.php?rest_route=%2Fwp%2Fv2%2Fmedia&parent=4748"}],"wp:term":[{"taxonomy":"category","embeddable":true,"href":"https:\/\/pornuestrolaredo.com\/index.php?rest_route=%2Fwp%2Fv2%2Fcategories&post=4748"},{"taxonomy":"post_tag","embeddable":true,"href":"https:\/\/pornuestrolaredo.com\/index.php?rest_route=%2Fwp%2Fv2%2Ftags&post=4748"}],"curies":[{"name":"wp","href":"https:\/\/api.w.org\/{rel}","templated":true}]}}