{"id":4756,"date":"2024-08-04T18:33:01","date_gmt":"2024-08-04T18:33:01","guid":{"rendered":"https:\/\/pornuestrolaredo.com\/?p=4756"},"modified":"2024-08-04T18:33:01","modified_gmt":"2024-08-04T18:33:01","slug":"enfila-tormenta-tropical-debby-hacia-florida","status":"publish","type":"post","link":"https:\/\/pornuestrolaredo.com\/?p=4756","title":{"rendered":"Enfila tormenta tropical Debby hacia Florida"},"content":{"rendered":"<p><strong<em>>MIAMI.-<\/em><\/strong> La tormenta tropical Debby se fortalec\u00eda r\u00e1pidamente el domingo y se espera que se convierta en hurac\u00e1n a medida que avanza por el Golfo de M\u00e9xico hacia Florida, trayendo consigo la amenaza de inundaciones devastadoras a la costa atl\u00e1ntica del sureste m\u00e1s adelante en la semana.<\/p>\n<p>La tormenta probablemente se convertir\u00e1 en un hurac\u00e1n de categor\u00eda 1 antes de tocar tierra el lunes en la regi\u00f3n Big Bend de Florida, dijo el Centro Nacional de Huracanes de Estados Unidos (NOAA), con sede en Miami.<\/p>\n<p>Desde all\u00ed, se espera que la tormenta se mueva hacia el este sobre el norte de Florida y luego se detenga sobre las regiones costeras de Georgia y Carolina del Sur, empapando la regi\u00f3n con el potencial de lluvias r\u00e9cord de hasta 76 cm (30 pulgadas) a partir del martes.<\/p>\n<blockquote><p>Se pronostican algunos totales de lluvia realmente sorprendentes y sorprendentes en el mal sentido\u201d, dijo Michael Brennan, director del NOAA, en una conferencia de prensa el domingo. \u201cEso ser\u00eda una lluvia r\u00e9cord asociada con un cicl\u00f3n tropical para los estados de Georgia y Carolina del Sur si llegamos al nivel de 30 pulgadas\u201d.<\/p><\/blockquote>\n<p>Se espera que los efectos de las inundaciones, que podr\u00edan durar hasta el viernes, sean especialmente graves en las zonas bajas cercanas a la costa, incluidas Savannah, Georgia; Hilton Head, Carolina del Sur; y Charleston, Carolina del Sur.<\/p>\n<p>El centro de huracanes dijo a las 11 a.m. del domingo que Debby estaba ubicada a unos 210 kil\u00f3metros (130 millas) al oeste-suroeste de Tampa, Florida, y a unos 260 kil\u00f3metros (160 millas) al sur-suroeste de Cedar Key, Florida. La tormenta se mov\u00eda hacia el norte-noroeste a 21 kil\u00f3metros por hora (13 millas por hora) con vientos m\u00e1ximos sostenidos de 105 km\/h (65 mph), frente a los 80 km\/h (50 mph) de hace apenas unas horas.<\/p>\n<p>Las autoridades tambi\u00e9n advirtieron sobre una marejada cicl\u00f3nica potencialmente mortal a lo largo de la costa del Golfo de Florida, con una inundaci\u00f3n de 1,8 a 3 metros (6 a 10 pies) esperada el lunes entre los r\u00edos Ochlockonee y Suwannee.<\/p>\n<blockquote><p>Insto a todos los floridanos a que sean conscientes de que un hurac\u00e1n azotar\u00e1 el estado, probablemente de categor\u00eda 1, pero podr\u00eda ser un poco m\u00e1s potente que eso\u201d, dijo el gobernador de Florida, Ron DeSantis, en una sesi\u00f3n informativa el domingo por la ma\u00f1ana.<\/p><\/blockquote>\n<blockquote><p>Pero definitivamente vamos a ver mucha lluvia. Vamos a ver mucha saturaci\u00f3n. Vamos a ver inundaciones\u201d, alert\u00f3. \u201cTambi\u00e9n habr\u00e1 cortes de energ\u00eda\u201d.<\/p><\/blockquote>\n","protected":false},"excerpt":{"rendered":"<p>Advierten expertos que podr\u00eda convertirse en hurac\u00e1n antes de tocar tierra en la regi\u00f3n Big Bend<\/p>\n","protected":false},"author":1,"featured_media":4757,"comment_status":"closed","ping_status":"closed","sticky":false,"template":"","format":"standard","meta":{"_crdt_document":"","_jetpack_memberships_contains_paid_content":false,"footnotes":"","jetpack_publicize_message":"","jetpack_publicize_feature_enabled":true,"jetpack_social_post_already_shared":true,"jetpack_social_options":{"image_generator_settings":{"template":"highway","default_image_id":0,"font":"","enabled":false},"version":2},"_wpas_customize_per_network":false},"categories":[9],"tags":[],"class_list":["post-4756","post","type-post","status-publish","format-standard","has-post-thumbnail","hentry","category-el-mundo"],"magazineBlocksPostFeaturedMedia":{"thumbnail":"https:\/\/pornuestrolaredo.com\/wp-content\/uploads\/2024\/08\/Stereo91-20240804-1-150x150.jpg","medium":"https:\/\/pornuestrolaredo.com\/wp-content\/uploads\/2024\/08\/Stereo91-20240804-1-300x170.jpg","medium_large":"https:\/\/pornuestrolaredo.com\/wp-content\/uploads\/2024\/08\/Stereo91-20240804-1-768x434.jpg","large":"https:\/\/pornuestrolaredo.com\/wp-content\/uploads\/2024\/08\/Stereo91-20240804-1-1000x566.jpg","1536x1536":"https:\/\/pornuestrolaredo.com\/wp-content\/uploads\/2024\/08\/Stereo91-20240804-1-1536x869.jpg","2048x2048":"https:\/\/pornuestrolaredo.com\/wp-content\/uploads\/2024\/08\/Stereo91-20240804-1.jpg","morenews-large":"https:\/\/pornuestrolaredo.com\/wp-content\/uploads\/2024\/08\/Stereo91-20240804-1.jpg","morenews-medium":"https:\/\/pornuestrolaredo.com\/wp-content\/uploads\/2024\/08\/Stereo91-20240804-1.jpg"},"magazineBlocksPostAuthor":{"name":"Redactor","avatar":"https:\/\/pornuestrolaredo.com\/wp-content\/litespeed\/avatar\/dca1d7ec750c399f025f23b0b314f4cf.jpg?ver=1777612120"},"magazineBlocksPostCommentsNumber":false,"magazineBlocksPostExcerpt":"Advierten expertos que podr\u00eda convertirse en hurac\u00e1n antes de tocar tierra en la regi\u00f3n Big Bend","magazineBlocksPostCategories":["El Mundo"],"magazineBlocksPostViewCount":124,"magazineBlocksPostReadTime":3,"magazine_blocks_featured_image_url":{"full":["https:\/\/pornuestrolaredo.com\/wp-content\/uploads\/2024\/08\/Stereo91-20240804-1.jpg",1701,962,false],"medium":["https:\/\/pornuestrolaredo.com\/wp-content\/uploads\/2024\/08\/Stereo91-20240804-1-300x170.jpg",300,170,true],"thumbnail":["https:\/\/pornuestrolaredo.com\/wp-content\/uploads\/2024\/08\/Stereo91-20240804-1-150x150.jpg",150,150,true]},"magazine_blocks_author":{"display_name":"Redactor","author_link":"https:\/\/pornuestrolaredo.com\/?author=1"},"magazine_blocks_comment":0,"magazine_blocks_author_image":"https:\/\/pornuestrolaredo.com\/wp-content\/litespeed\/avatar\/dca1d7ec750c399f025f23b0b314f4cf.jpg?ver=1777612120","magazine_blocks_category":"<a href=\"#\" class=\"category-link category-link-9\">El Mundo<\/a>","jetpack_publicize_connections":[],"featured_image_urls":{"full":["https:\/\/pornuestrolaredo.com\/wp-content\/uploads\/2024\/08\/Stereo91-20240804-1.jpg",1701,962,false],"thumbnail":["https:\/\/pornuestrolaredo.com\/wp-content\/uploads\/2024\/08\/Stereo91-20240804-1-150x150.jpg",150,150,true],"medium":["https:\/\/pornuestrolaredo.com\/wp-content\/uploads\/2024\/08\/Stereo91-20240804-1-300x170.jpg",300,170,true],"medium_large":["https:\/\/pornuestrolaredo.com\/wp-content\/uploads\/2024\/08\/Stereo91-20240804-1-768x434.jpg",640,362,true],"large":["https:\/\/pornuestrolaredo.com\/wp-content\/uploads\/2024\/08\/Stereo91-20240804-1-1000x566.jpg",640,362,true],"1536x1536":["https:\/\/pornuestrolaredo.com\/wp-content\/uploads\/2024\/08\/Stereo91-20240804-1-1536x869.jpg",1536,869,true],"2048x2048":["https:\/\/pornuestrolaredo.com\/wp-content\/uploads\/2024\/08\/Stereo91-20240804-1.jpg",1701,962,false],"morenews-large":["https:\/\/pornuestrolaredo.com\/wp-content\/uploads\/2024\/08\/Stereo91-20240804-1.jpg",825,467,false],"morenews-medium":["https:\/\/pornuestrolaredo.com\/wp-content\/uploads\/2024\/08\/Stereo91-20240804-1.jpg",590,334,false]},"author_info":{"info":["Redactor"]},"category_info":"<a href=\"https:\/\/pornuestrolaredo.com\/?cat=9\" rel=\"category\">El Mundo<\/a>","tag_info":"El Mundo","comment_count":"0","jetpack_featured_media_url":"https:\/\/pornuestrolaredo.com\/wp-content\/uploads\/2024\/08\/Stereo91-20240804-1.jpg","jetpack_sharing_enabled":true,"_links":{"self":[{"href":"https:\/\/pornuestrolaredo.com\/index.php?rest_route=\/wp\/v2\/posts\/4756","targetHints":{"allow":["GET"]}}],"collection":[{"href":"https:\/\/pornuestrolaredo.com\/index.php?rest_route=\/wp\/v2\/posts"}],"about":[{"href":"https:\/\/pornuestrolaredo.com\/index.php?rest_route=\/wp\/v2\/types\/post"}],"author":[{"embeddable":true,"href":"https:\/\/pornuestrolaredo.com\/index.php?rest_route=\/wp\/v2\/users\/1"}],"replies":[{"embeddable":true,"href":"https:\/\/pornuestrolaredo.com\/index.php?rest_route=%2Fwp%2Fv2%2Fcomments&post=4756"}],"version-history":[{"count":1,"href":"https:\/\/pornuestrolaredo.com\/index.php?rest_route=\/wp\/v2\/posts\/4756\/revisions"}],"predecessor-version":[{"id":4758,"href":"https:\/\/pornuestrolaredo.com\/index.php?rest_route=\/wp\/v2\/posts\/4756\/revisions\/4758"}],"wp:featuredmedia":[{"embeddable":true,"href":"https:\/\/pornuestrolaredo.com\/index.php?rest_route=\/wp\/v2\/media\/4757"}],"wp:attachment":[{"href":"https:\/\/pornuestrolaredo.com\/index.php?rest_route=%2Fwp%2Fv2%2Fmedia&parent=4756"}],"wp:term":[{"taxonomy":"category","embeddable":true,"href":"https:\/\/pornuestrolaredo.com\/index.php?rest_route=%2Fwp%2Fv2%2Fcategories&post=4756"},{"taxonomy":"post_tag","embeddable":true,"href":"https:\/\/pornuestrolaredo.com\/index.php?rest_route=%2Fwp%2Fv2%2Ftags&post=4756"}],"curies":[{"name":"wp","href":"https:\/\/api.w.org\/{rel}","templated":true}]}}