{"id":4765,"date":"2024-08-05T18:17:34","date_gmt":"2024-08-05T18:17:34","guid":{"rendered":"https:\/\/pornuestrolaredo.com\/?p=4765"},"modified":"2024-08-05T18:17:34","modified_gmt":"2024-08-05T18:17:34","slug":"se-cuela-mexicano-a-final-de-equitacion","status":"publish","type":"post","link":"https:\/\/pornuestrolaredo.com\/?p=4765","title":{"rendered":"Se cuela mexicano a final de equitaci\u00f3n"},"content":{"rendered":"<p><strong><em>PAR\u00cdS.-<\/em> <\/strong>El ecuestre mexicano tendr\u00e1 representaci\u00f3n en la Final del salto individual de Par\u00eds 2024, gracias a Andr\u00e9s Azc\u00e1rraga.<\/p>\n<p>Su recorrido en tiempo (77.21) y sin penalizaciones por derribos o reh\u00fases, lo coloc\u00f3 en el rango de los 30 mejores binomios de la calificaci\u00f3n, que avanzaron a la disputa de las preseas en la pista en el Castillo de Versalles; Azc\u00e1rraga ocup\u00f3 el casillero 18.<\/p>\n<p>Con las riendas de Contendros 2, Azc\u00e1rraga fue el primero de los tres tricolores en competir, al salir en el cuarto turno, y el \u00fanico que se col\u00f3 a la siguiente fase.<\/p>\n<blockquote><p>Estamos muy contentos, es un sue\u00f1o hecho realidad y me siento realizado con mi caballo y con la experiencia de estar en unos Juegos Ol\u00edmpicos, fue una pista de ensue\u00f1o y estoy muy feliz.<\/p>\n<p>&#8220;Es ventajoso (salir entre los primeros) porque puedes hacer tu plan y no ves a nadie y haces lo que piensas que es mejor para tu caballo&#8221;, expuso el jinete de 32 a\u00f1os.<\/p><\/blockquote>\n<p>Federico Fern\u00e1ndez, el segundo nacional en ver acci\u00f3n, termin\u00f3 su recorrido con 8 puntos malos, mientras que Eugenio Garza lo hizo con 4 puntos de penalizaci\u00f3n. Ambos concluyeron sus pistas en menos de los 79 segundos fijados como m\u00e1ximo. Eugenio se coloc\u00f3 en el pelda\u00f1o 40 y Federico en el 49, de 73 que tomaron la salida.<\/p>\n<p>Aunque la prueba a\u00fan no terminaba al momento de esta informaci\u00f3n, Azc\u00e1rraga ya se encuentra en el grupo de jinetes que saldr\u00e1n a la pista para la Final este 6 de agosto<\/p>\n","protected":false},"excerpt":{"rendered":"<p>PAR\u00cdS.- El ecuestre mexicano tendr\u00e1 representaci\u00f3n en la Final del salto individual de Par\u00eds 2024, gracias a Andr\u00e9s<\/p>\n","protected":false},"author":1,"featured_media":4766,"comment_status":"closed","ping_status":"closed","sticky":false,"template":"","format":"standard","meta":{"_crdt_document":"","_jetpack_memberships_contains_paid_content":false,"footnotes":"","jetpack_publicize_message":"","jetpack_publicize_feature_enabled":true,"jetpack_social_post_already_shared":true,"jetpack_social_options":{"image_generator_settings":{"template":"highway","default_image_id":0,"font":"","enabled":false},"version":2},"_wpas_customize_per_network":false},"categories":[10],"tags":[],"class_list":["post-4765","post","type-post","status-publish","format-standard","has-post-thumbnail","hentry","category-deportes"],"magazineBlocksPostFeaturedMedia":{"thumbnail":"https:\/\/pornuestrolaredo.com\/wp-content\/uploads\/2024\/08\/Stereo91-20240805-3-150x150.jpg","medium":"https:\/\/pornuestrolaredo.com\/wp-content\/uploads\/2024\/08\/Stereo91-20240805-3-300x200.jpg","medium_large":"https:\/\/pornuestrolaredo.com\/wp-content\/uploads\/2024\/08\/Stereo91-20240805-3-768x512.jpg","large":"https:\/\/pornuestrolaredo.com\/wp-content\/uploads\/2024\/08\/Stereo91-20240805-3.jpg","1536x1536":"https:\/\/pornuestrolaredo.com\/wp-content\/uploads\/2024\/08\/Stereo91-20240805-3.jpg","2048x2048":"https:\/\/pornuestrolaredo.com\/wp-content\/uploads\/2024\/08\/Stereo91-20240805-3.jpg","morenews-large":"https:\/\/pornuestrolaredo.com\/wp-content\/uploads\/2024\/08\/Stereo91-20240805-3.jpg","morenews-medium":"https:\/\/pornuestrolaredo.com\/wp-content\/uploads\/2024\/08\/Stereo91-20240805-3.jpg"},"magazineBlocksPostAuthor":{"name":"Redactor","avatar":"https:\/\/pornuestrolaredo.com\/wp-content\/litespeed\/avatar\/dca1d7ec750c399f025f23b0b314f4cf.jpg?ver=1777612120"},"magazineBlocksPostCommentsNumber":false,"magazineBlocksPostExcerpt":"PAR\u00cdS.- El ecuestre mexicano tendr\u00e1 representaci\u00f3n en la Final del salto individual de Par\u00eds 2024, gracias a Andr\u00e9s","magazineBlocksPostCategories":["Deportes"],"magazineBlocksPostViewCount":128,"magazineBlocksPostReadTime":2,"magazine_blocks_featured_image_url":{"full":["https:\/\/pornuestrolaredo.com\/wp-content\/uploads\/2024\/08\/Stereo91-20240805-3.jpg",850,567,false],"medium":["https:\/\/pornuestrolaredo.com\/wp-content\/uploads\/2024\/08\/Stereo91-20240805-3-300x200.jpg",300,200,true],"thumbnail":["https:\/\/pornuestrolaredo.com\/wp-content\/uploads\/2024\/08\/Stereo91-20240805-3-150x150.jpg",150,150,true]},"magazine_blocks_author":{"display_name":"Redactor","author_link":"https:\/\/pornuestrolaredo.com\/?author=1"},"magazine_blocks_comment":0,"magazine_blocks_author_image":"https:\/\/pornuestrolaredo.com\/wp-content\/litespeed\/avatar\/dca1d7ec750c399f025f23b0b314f4cf.jpg?ver=1777612120","magazine_blocks_category":"<a href=\"#\" class=\"category-link category-link-10\">Deportes<\/a>","jetpack_publicize_connections":[],"featured_image_urls":{"full":["https:\/\/pornuestrolaredo.com\/wp-content\/uploads\/2024\/08\/Stereo91-20240805-3.jpg",850,567,false],"thumbnail":["https:\/\/pornuestrolaredo.com\/wp-content\/uploads\/2024\/08\/Stereo91-20240805-3-150x150.jpg",150,150,true],"medium":["https:\/\/pornuestrolaredo.com\/wp-content\/uploads\/2024\/08\/Stereo91-20240805-3-300x200.jpg",300,200,true],"medium_large":["https:\/\/pornuestrolaredo.com\/wp-content\/uploads\/2024\/08\/Stereo91-20240805-3-768x512.jpg",640,427,true],"large":["https:\/\/pornuestrolaredo.com\/wp-content\/uploads\/2024\/08\/Stereo91-20240805-3.jpg",640,427,false],"1536x1536":["https:\/\/pornuestrolaredo.com\/wp-content\/uploads\/2024\/08\/Stereo91-20240805-3.jpg",850,567,false],"2048x2048":["https:\/\/pornuestrolaredo.com\/wp-content\/uploads\/2024\/08\/Stereo91-20240805-3.jpg",850,567,false],"morenews-large":["https:\/\/pornuestrolaredo.com\/wp-content\/uploads\/2024\/08\/Stereo91-20240805-3.jpg",825,550,false],"morenews-medium":["https:\/\/pornuestrolaredo.com\/wp-content\/uploads\/2024\/08\/Stereo91-20240805-3.jpg",590,394,false]},"author_info":{"info":["Redactor"]},"category_info":"<a href=\"https:\/\/pornuestrolaredo.com\/?cat=10\" rel=\"category\">Deportes<\/a>","tag_info":"Deportes","comment_count":"0","jetpack_featured_media_url":"https:\/\/pornuestrolaredo.com\/wp-content\/uploads\/2024\/08\/Stereo91-20240805-3.jpg","jetpack_sharing_enabled":true,"_links":{"self":[{"href":"https:\/\/pornuestrolaredo.com\/index.php?rest_route=\/wp\/v2\/posts\/4765","targetHints":{"allow":["GET"]}}],"collection":[{"href":"https:\/\/pornuestrolaredo.com\/index.php?rest_route=\/wp\/v2\/posts"}],"about":[{"href":"https:\/\/pornuestrolaredo.com\/index.php?rest_route=\/wp\/v2\/types\/post"}],"author":[{"embeddable":true,"href":"https:\/\/pornuestrolaredo.com\/index.php?rest_route=\/wp\/v2\/users\/1"}],"replies":[{"embeddable":true,"href":"https:\/\/pornuestrolaredo.com\/index.php?rest_route=%2Fwp%2Fv2%2Fcomments&post=4765"}],"version-history":[{"count":1,"href":"https:\/\/pornuestrolaredo.com\/index.php?rest_route=\/wp\/v2\/posts\/4765\/revisions"}],"predecessor-version":[{"id":4767,"href":"https:\/\/pornuestrolaredo.com\/index.php?rest_route=\/wp\/v2\/posts\/4765\/revisions\/4767"}],"wp:featuredmedia":[{"embeddable":true,"href":"https:\/\/pornuestrolaredo.com\/index.php?rest_route=\/wp\/v2\/media\/4766"}],"wp:attachment":[{"href":"https:\/\/pornuestrolaredo.com\/index.php?rest_route=%2Fwp%2Fv2%2Fmedia&parent=4765"}],"wp:term":[{"taxonomy":"category","embeddable":true,"href":"https:\/\/pornuestrolaredo.com\/index.php?rest_route=%2Fwp%2Fv2%2Fcategories&post=4765"},{"taxonomy":"post_tag","embeddable":true,"href":"https:\/\/pornuestrolaredo.com\/index.php?rest_route=%2Fwp%2Fv2%2Ftags&post=4765"}],"curies":[{"name":"wp","href":"https:\/\/api.w.org\/{rel}","templated":true}]}}