{"id":4790,"date":"2024-08-13T05:47:09","date_gmt":"2024-08-13T05:47:09","guid":{"rendered":"https:\/\/pornuestrolaredo.com\/?p=4790"},"modified":"2024-08-13T05:50:13","modified_gmt":"2024-08-13T05:50:13","slug":"tormenta-tropical-ernesto-se-dirige-a-puerto-rico","status":"publish","type":"post","link":"https:\/\/pornuestrolaredo.com\/?p=4790","title":{"rendered":"Tormenta tropical Ernesto se dirige a Puerto Rico"},"content":{"rendered":"<p><strong><em>SAN JUAN.-<<\/em>\/strong><em> Puerto Rico activ\u00f3 a la Guardia Nacional el lunes y cancel\u00f3 el inicio de clases en las escuelas p\u00fablicas luego de que los meteor\u00f3logos advirtieron que la isla previsiblemente ser\u00eda golpeada por la tormenta tropical Ernesto, que se form\u00f3 el lunes en el oc\u00e9ano Atl\u00e1ntico.<\/p>\n<p>Se emitieron alertas de tormenta tropical para Puerto Rico, las Islas V\u00edrgenes estadounidenses y brit\u00e1nicas, Antigua, Barbuda, Anguila, San Crist\u00f3bal y Nieves, Montserrat, Guadalupe, San Mart\u00edn, San Bartolom\u00e9 y Saint Maarten.<\/p>\n<p>Ernesto se ubicaba a 370 kil\u00f3metros (230 millas) al este-sureste de Antigua el lunes por la tarde. Ten\u00eda vientos m\u00e1ximos sostenidos de 65 kil\u00f3metros por hora (40 millas por hora) y se mov\u00eda al oeste a 44 km\/h (28 mph). Ernesto es la quinta tormenta con nombre de la temporada de huracanes del Atl\u00e1ntico.<\/p>\n<p>Las autoridades prev\u00e9n que el sistema ocasion\u00f3 lluvias en Guadalupe el lunes y que pasar\u00e1 cerca de San Bartolom\u00e9 y San Mart\u00edn. El Centro Nacional de Huracanes de Estados Unidos (NHC por sus siglas en ingl\u00e9s) inform\u00f3 que se pronostica que Ernesto se acerque a Puerto Rico y a las Islas V\u00edrgenes estadounidenses y brit\u00e1nicas el martes por la noche.<\/p>\n<p>Los meteor\u00f3logos pronostican que el sistema causar\u00e1 inundaciones y deslizamientos de tierra.<\/p>\n<blockquote><p>No se puede bajar la guardia\u201d, dijo Nino Correa, comisionado de manejo de emergencias de Puerto Rico, en conferencia de prensa.<\/p><\/blockquote>\n<p>El gobernador de Puerto Rico, Pedro Pierluisi, dijo que m\u00e1s de 340 albergues en toda la isla estar\u00edan disponibles de ser necesario y que se hab\u00edan movilizado m\u00e1s de 200 elementos de la Guardia Nacional.<\/p>\n<p>Ernesto Morales, del Servicio Meteorol\u00f3gico Nacional de San Juan, dijo que se esperan entre 15 y 20 cent\u00edmetros (6 y 8 pulgadas) de lluvia, con cantidades m\u00e1s altas en \u00e1reas aisladas. Tambi\u00e9n advirti\u00f3 sobre r\u00e1fagas de viento con fuerza de hurac\u00e1n cuando la tormenta golpee el noreste de Puerto Rico y avance por la isla el martes por la noche y en las primeras horas del mi\u00e9rcoles.<\/p>\n<p>Inst\u00f3 a las personas a prepararse y mantenerse alertas dadas las incertidumbres actuales sobre el sistema que se aproxima.<\/p>\n<blockquote><p>Esta trayectoria no est\u00e1 escrita en piedra y va a estar cambiando\u201d, dijo Morales.<\/p><\/blockquote>\n<p>Las autoridades tambi\u00e9n advirtieron que Ernesto provocar\u00eda apagones generalizados dado el fr\u00e1gil estado de la red el\u00e9ctrica de Puerto Rico, que a\u00fan est\u00e1 en reconstrucci\u00f3n despu\u00e9s de que el hurac\u00e1n Mar\u00eda azot\u00f3 la isla en septiembre de 2017 con fuerza de categor\u00eda 4.<\/p>\n<blockquote><p>Eso es una realidad\u201d, dijo Juan Saca, presidente de Luma Energy, una compa\u00f1\u00eda privada que opera la transmisi\u00f3n y distribuci\u00f3n de la energ\u00eda el\u00e9ctrica de Puerto Rico.<\/p><\/blockquote>\n<p>Los apagones tambi\u00e9n eran motivo de preocupaci\u00f3n en las vecinas Islas V\u00edrgenes estadounidenses por razones similares. Incluso antes de que se acercara la tormenta, las autoridades anunciaron apagones en las islas de St. John y St. Thomas que afectaron a todos sus habitantes.<\/p>\n<p>El gobernador de las Islas V\u00edrgenes estadounidenses, Albert Bryan Jr., inst\u00f3 a la gente a tomar la tormenta en serio.<\/p>\n<blockquote><p>Se trata de un ensayo para asegurarnos de que estamos realmente preparados\u201d, dijo, se\u00f1alando que el periodo m\u00e1s activo de la temporada de huracanes a\u00fan est\u00e1 por llegar.<\/p><\/blockquote>\n<p>Se tiene previsto que Ernesto adquiera fuerza de hurac\u00e1n en las primeras horas del jueves mientras gira al norte hacia las Bermudas, y algunos meteor\u00f3logos advirtieron que podr\u00eda fortalecerse hasta convertirse en un cicl\u00f3n de categor\u00eda 3.<\/p>\n<p>La Oficina Nacional de Administraci\u00f3n Oce\u00e1nica y Atmosf\u00e9rica de Estados Unidos (NOAA por sus siglas en ingl\u00e9s) pronostica una temporada de huracanes en el Atl\u00e1ntico superior a la media este a\u00f1o debido a temperaturas r\u00e9cord en el oc\u00e9ano. Pronostica entre 17 y 25 tormentas con nombre, y de cuatro a siete huracanes de categor\u00eda 3 o superior.<\/p>\n","protected":false},"excerpt":{"rendered":"<p>SAN JUAN.- Puerto Rico activ\u00f3 a la Guardia Nacional el lunes y cancel\u00f3 el inicio de clases en<\/p>\n","protected":false},"author":1,"featured_media":4791,"comment_status":"closed","ping_status":"closed","sticky":false,"template":"","format":"standard","meta":{"_crdt_document":"","_jetpack_memberships_contains_paid_content":false,"footnotes":"","jetpack_publicize_message":"","jetpack_publicize_feature_enabled":true,"jetpack_social_post_already_shared":true,"jetpack_social_options":{"image_generator_settings":{"template":"highway","default_image_id":0,"font":"","enabled":false},"version":2},"_wpas_customize_per_network":false},"categories":[9],"tags":[],"class_list":["post-4790","post","type-post","status-publish","format-standard","has-post-thumbnail","hentry","category-el-mundo"],"magazineBlocksPostFeaturedMedia":{"thumbnail":"https:\/\/pornuestrolaredo.com\/wp-content\/uploads\/2024\/08\/Stereo91-20240812-2-150x150.jpg","medium":"https:\/\/pornuestrolaredo.com\/wp-content\/uploads\/2024\/08\/Stereo91-20240812-2-300x185.jpg","medium_large":"https:\/\/pornuestrolaredo.com\/wp-content\/uploads\/2024\/08\/Stereo91-20240812-2-768x474.jpg","large":"https:\/\/pornuestrolaredo.com\/wp-content\/uploads\/2024\/08\/Stereo91-20240812-2.jpg","1536x1536":"https:\/\/pornuestrolaredo.com\/wp-content\/uploads\/2024\/08\/Stereo91-20240812-2.jpg","2048x2048":"https:\/\/pornuestrolaredo.com\/wp-content\/uploads\/2024\/08\/Stereo91-20240812-2.jpg","morenews-large":"https:\/\/pornuestrolaredo.com\/wp-content\/uploads\/2024\/08\/Stereo91-20240812-2.jpg","morenews-medium":"https:\/\/pornuestrolaredo.com\/wp-content\/uploads\/2024\/08\/Stereo91-20240812-2.jpg"},"magazineBlocksPostAuthor":{"name":"Redactor","avatar":"https:\/\/pornuestrolaredo.com\/wp-content\/litespeed\/avatar\/dca1d7ec750c399f025f23b0b314f4cf.jpg?ver=1777612120"},"magazineBlocksPostCommentsNumber":false,"magazineBlocksPostExcerpt":"SAN JUAN.- Puerto Rico activ\u00f3 a la Guardia Nacional el lunes y cancel\u00f3 el inicio de clases en","magazineBlocksPostCategories":["El Mundo"],"magazineBlocksPostViewCount":121,"magazineBlocksPostReadTime":4,"magazine_blocks_featured_image_url":{"full":["https:\/\/pornuestrolaredo.com\/wp-content\/uploads\/2024\/08\/Stereo91-20240812-2.jpg",850,525,false],"medium":["https:\/\/pornuestrolaredo.com\/wp-content\/uploads\/2024\/08\/Stereo91-20240812-2-300x185.jpg",300,185,true],"thumbnail":["https:\/\/pornuestrolaredo.com\/wp-content\/uploads\/2024\/08\/Stereo91-20240812-2-150x150.jpg",150,150,true]},"magazine_blocks_author":{"display_name":"Redactor","author_link":"https:\/\/pornuestrolaredo.com\/?author=1"},"magazine_blocks_comment":0,"magazine_blocks_author_image":"https:\/\/pornuestrolaredo.com\/wp-content\/litespeed\/avatar\/dca1d7ec750c399f025f23b0b314f4cf.jpg?ver=1777612120","magazine_blocks_category":"<a href=\"#\" class=\"category-link category-link-9\">El Mundo<\/a>","jetpack_publicize_connections":[],"featured_image_urls":{"full":["https:\/\/pornuestrolaredo.com\/wp-content\/uploads\/2024\/08\/Stereo91-20240812-2.jpg",850,525,false],"thumbnail":["https:\/\/pornuestrolaredo.com\/wp-content\/uploads\/2024\/08\/Stereo91-20240812-2-150x150.jpg",150,150,true],"medium":["https:\/\/pornuestrolaredo.com\/wp-content\/uploads\/2024\/08\/Stereo91-20240812-2-300x185.jpg",300,185,true],"medium_large":["https:\/\/pornuestrolaredo.com\/wp-content\/uploads\/2024\/08\/Stereo91-20240812-2-768x474.jpg",640,395,true],"large":["https:\/\/pornuestrolaredo.com\/wp-content\/uploads\/2024\/08\/Stereo91-20240812-2.jpg",640,395,false],"1536x1536":["https:\/\/pornuestrolaredo.com\/wp-content\/uploads\/2024\/08\/Stereo91-20240812-2.jpg",850,525,false],"2048x2048":["https:\/\/pornuestrolaredo.com\/wp-content\/uploads\/2024\/08\/Stereo91-20240812-2.jpg",850,525,false],"morenews-large":["https:\/\/pornuestrolaredo.com\/wp-content\/uploads\/2024\/08\/Stereo91-20240812-2.jpg",825,510,false],"morenews-medium":["https:\/\/pornuestrolaredo.com\/wp-content\/uploads\/2024\/08\/Stereo91-20240812-2.jpg",590,364,false]},"author_info":{"info":["Redactor"]},"category_info":"<a href=\"https:\/\/pornuestrolaredo.com\/?cat=9\" rel=\"category\">El Mundo<\/a>","tag_info":"El Mundo","comment_count":"0","jetpack_featured_media_url":"https:\/\/pornuestrolaredo.com\/wp-content\/uploads\/2024\/08\/Stereo91-20240812-2.jpg","jetpack_sharing_enabled":true,"_links":{"self":[{"href":"https:\/\/pornuestrolaredo.com\/index.php?rest_route=\/wp\/v2\/posts\/4790","targetHints":{"allow":["GET"]}}],"collection":[{"href":"https:\/\/pornuestrolaredo.com\/index.php?rest_route=\/wp\/v2\/posts"}],"about":[{"href":"https:\/\/pornuestrolaredo.com\/index.php?rest_route=\/wp\/v2\/types\/post"}],"author":[{"embeddable":true,"href":"https:\/\/pornuestrolaredo.com\/index.php?rest_route=\/wp\/v2\/users\/1"}],"replies":[{"embeddable":true,"href":"https:\/\/pornuestrolaredo.com\/index.php?rest_route=%2Fwp%2Fv2%2Fcomments&post=4790"}],"version-history":[{"count":3,"href":"https:\/\/pornuestrolaredo.com\/index.php?rest_route=\/wp\/v2\/posts\/4790\/revisions"}],"predecessor-version":[{"id":4794,"href":"https:\/\/pornuestrolaredo.com\/index.php?rest_route=\/wp\/v2\/posts\/4790\/revisions\/4794"}],"wp:featuredmedia":[{"embeddable":true,"href":"https:\/\/pornuestrolaredo.com\/index.php?rest_route=\/wp\/v2\/media\/4791"}],"wp:attachment":[{"href":"https:\/\/pornuestrolaredo.com\/index.php?rest_route=%2Fwp%2Fv2%2Fmedia&parent=4790"}],"wp:term":[{"taxonomy":"category","embeddable":true,"href":"https:\/\/pornuestrolaredo.com\/index.php?rest_route=%2Fwp%2Fv2%2Fcategories&post=4790"},{"taxonomy":"post_tag","embeddable":true,"href":"https:\/\/pornuestrolaredo.com\/index.php?rest_route=%2Fwp%2Fv2%2Ftags&post=4790"}],"curies":[{"name":"wp","href":"https:\/\/api.w.org\/{rel}","templated":true}]}}