{"id":4829,"date":"2024-08-19T19:38:52","date_gmt":"2024-08-19T19:38:52","guid":{"rendered":"https:\/\/pornuestrolaredo.com\/?p=4829"},"modified":"2024-08-19T19:45:28","modified_gmt":"2024-08-19T19:45:28","slug":"quiere-el-nottingham-al-mexicano-gimenez","status":"publish","type":"post","link":"https:\/\/pornuestrolaredo.com\/?p=4829","title":{"rendered":"Quiere el Nottingham al mexicano Gim\u00e9nez"},"content":{"rendered":"<p><strong><strong>LONDRES.-<\/strong><\/strong> Varios clubes de la Premier League se dijeron interesados en el delantero mexicano Santiago Gim\u00e9nez, entre ellos el Nottingham Forest y el Arsenal.<\/p>\n<p>Sin embargo, el Nottingham Forest ya puso una oferta sobre la mesa: 25 millones de euros por la transferencia de el &#8220;Bebote&#8221;, de 23 a\u00f1os, desde el Feyenoord.<\/p>\n<p>El club ingl\u00e9s ha estado interesado desde algunos meses atr\u00e1s, sin embargo, la cantidad sigue sin convencer del todo al Feyenoord, que s\u00f3lo considerar\u00eda soltar al mexicano por una cifra cercana a los 35 millones de euros, su valor de mercado actual.<\/p>\n<p>Aunque la negociaci\u00f3n se mantiene abierta, el alto precio solicitado por el conjunto de Rotterdam ser\u00eda una de las principales trabas para la salida de Gim\u00e9nez, quien se mantiene tranquilo y no buscar\u00e1 &#8220;salir por salir&#8221;, considerando que esta temporada volver\u00e1 a disputar la Champions League con el Feyenoord.<\/p>\n<p>\u201cChaquito\u201d arranc\u00f3 encendido el campeonato, pues en la Supercopa de Pa\u00edses Bajos marc\u00f3 un doblete en el empate por 4-4 en tiempo regular frente al PSV. Posteriormente, el equipo de Rotterdam gan\u00f3 el t\u00edtulo en penaltis.<\/p>\n<p>Mientras que en el arranque de la Eredivisie, \u201cSanti\u201d no pudo anotar en la Jornada 1, pero en el segundo partido, de ayer domingo, marc\u00f3 de nuevo un doblete en solo tres minutos, sellando la victoria del Feyenoord frente al Zwolle y atrayendo los reflectores de las mejores ligas.<\/p>\n<p>Al inter\u00e9s del Nottingham Forest se suma el del Arsenal, ya que tambi\u00e9n se report\u00f3 desde Inglaterra que los \u201cGunners\u201d lo tienen en la mira.<\/p>\n<p>Otro de los equipos de la Premier League que hab\u00eda mostrado inter\u00e9s por Santiago era el Tottenham; sin embargo, a\u00fan no ha habido ofertas formales.<\/p>\n<p>A falta de 12 d\u00edas para el cierre de la ventana de transferencias en Europa, el destino del delantero de la Selecci\u00f3n Mexicana a\u00fan sigue en el aire.<\/p>\n","protected":false},"excerpt":{"rendered":"<p>El delantero de 23 a\u00f1os vuelve a estar en la mesa, luego de brillar con un doblete en la victoria de su equipo, el Feyenoord, frente al Zwolle<\/p>\n","protected":false},"author":1,"featured_media":4831,"comment_status":"closed","ping_status":"closed","sticky":false,"template":"","format":"standard","meta":{"_crdt_document":"","_jetpack_memberships_contains_paid_content":false,"footnotes":"","jetpack_publicize_message":"","jetpack_publicize_feature_enabled":true,"jetpack_social_post_already_shared":true,"jetpack_social_options":{"image_generator_settings":{"template":"highway","default_image_id":0,"font":"","enabled":false},"version":2},"_wpas_customize_per_network":false},"categories":[10],"tags":[],"class_list":["post-4829","post","type-post","status-publish","format-standard","has-post-thumbnail","hentry","category-deportes"],"magazineBlocksPostFeaturedMedia":{"thumbnail":"https:\/\/pornuestrolaredo.com\/wp-content\/uploads\/2024\/08\/Stereo91-20240819-3-150x150.jpg","medium":"https:\/\/pornuestrolaredo.com\/wp-content\/uploads\/2024\/08\/Stereo91-20240819-3-300x162.jpg","medium_large":"https:\/\/pornuestrolaredo.com\/wp-content\/uploads\/2024\/08\/Stereo91-20240819-3-768x415.jpg","large":"https:\/\/pornuestrolaredo.com\/wp-content\/uploads\/2024\/08\/Stereo91-20240819-3-1000x541.jpg","1536x1536":"https:\/\/pornuestrolaredo.com\/wp-content\/uploads\/2024\/08\/Stereo91-20240819-3.jpg","2048x2048":"https:\/\/pornuestrolaredo.com\/wp-content\/uploads\/2024\/08\/Stereo91-20240819-3.jpg","morenews-large":"https:\/\/pornuestrolaredo.com\/wp-content\/uploads\/2024\/08\/Stereo91-20240819-3.jpg","morenews-medium":"https:\/\/pornuestrolaredo.com\/wp-content\/uploads\/2024\/08\/Stereo91-20240819-3.jpg"},"magazineBlocksPostAuthor":{"name":"Redactor","avatar":"https:\/\/pornuestrolaredo.com\/wp-content\/litespeed\/avatar\/dca1d7ec750c399f025f23b0b314f4cf.jpg?ver=1777612120"},"magazineBlocksPostCommentsNumber":false,"magazineBlocksPostExcerpt":"El delantero de 23 a\u00f1os vuelve a estar en la mesa, luego de brillar con un doblete en la victoria de su equipo, el Feyenoord, frente al Zwolle","magazineBlocksPostCategories":["Deportes"],"magazineBlocksPostViewCount":135,"magazineBlocksPostReadTime":2,"magazine_blocks_featured_image_url":{"full":["https:\/\/pornuestrolaredo.com\/wp-content\/uploads\/2024\/08\/Stereo91-20240819-3.jpg",1228,664,false],"medium":["https:\/\/pornuestrolaredo.com\/wp-content\/uploads\/2024\/08\/Stereo91-20240819-3-300x162.jpg",300,162,true],"thumbnail":["https:\/\/pornuestrolaredo.com\/wp-content\/uploads\/2024\/08\/Stereo91-20240819-3-150x150.jpg",150,150,true]},"magazine_blocks_author":{"display_name":"Redactor","author_link":"https:\/\/pornuestrolaredo.com\/?author=1"},"magazine_blocks_comment":0,"magazine_blocks_author_image":"https:\/\/pornuestrolaredo.com\/wp-content\/litespeed\/avatar\/dca1d7ec750c399f025f23b0b314f4cf.jpg?ver=1777612120","magazine_blocks_category":"<a href=\"#\" class=\"category-link category-link-10\">Deportes<\/a>","jetpack_publicize_connections":[],"featured_image_urls":{"full":["https:\/\/pornuestrolaredo.com\/wp-content\/uploads\/2024\/08\/Stereo91-20240819-3.jpg",1228,664,false],"thumbnail":["https:\/\/pornuestrolaredo.com\/wp-content\/uploads\/2024\/08\/Stereo91-20240819-3-150x150.jpg",150,150,true],"medium":["https:\/\/pornuestrolaredo.com\/wp-content\/uploads\/2024\/08\/Stereo91-20240819-3-300x162.jpg",300,162,true],"medium_large":["https:\/\/pornuestrolaredo.com\/wp-content\/uploads\/2024\/08\/Stereo91-20240819-3-768x415.jpg",640,346,true],"large":["https:\/\/pornuestrolaredo.com\/wp-content\/uploads\/2024\/08\/Stereo91-20240819-3-1000x541.jpg",640,346,true],"1536x1536":["https:\/\/pornuestrolaredo.com\/wp-content\/uploads\/2024\/08\/Stereo91-20240819-3.jpg",1228,664,false],"2048x2048":["https:\/\/pornuestrolaredo.com\/wp-content\/uploads\/2024\/08\/Stereo91-20240819-3.jpg",1228,664,false],"morenews-large":["https:\/\/pornuestrolaredo.com\/wp-content\/uploads\/2024\/08\/Stereo91-20240819-3.jpg",825,446,false],"morenews-medium":["https:\/\/pornuestrolaredo.com\/wp-content\/uploads\/2024\/08\/Stereo91-20240819-3.jpg",590,319,false]},"author_info":{"info":["Redactor"]},"category_info":"<a href=\"https:\/\/pornuestrolaredo.com\/?cat=10\" rel=\"category\">Deportes<\/a>","tag_info":"Deportes","comment_count":"0","jetpack_featured_media_url":"https:\/\/pornuestrolaredo.com\/wp-content\/uploads\/2024\/08\/Stereo91-20240819-3.jpg","jetpack_sharing_enabled":true,"_links":{"self":[{"href":"https:\/\/pornuestrolaredo.com\/index.php?rest_route=\/wp\/v2\/posts\/4829","targetHints":{"allow":["GET"]}}],"collection":[{"href":"https:\/\/pornuestrolaredo.com\/index.php?rest_route=\/wp\/v2\/posts"}],"about":[{"href":"https:\/\/pornuestrolaredo.com\/index.php?rest_route=\/wp\/v2\/types\/post"}],"author":[{"embeddable":true,"href":"https:\/\/pornuestrolaredo.com\/index.php?rest_route=\/wp\/v2\/users\/1"}],"replies":[{"embeddable":true,"href":"https:\/\/pornuestrolaredo.com\/index.php?rest_route=%2Fwp%2Fv2%2Fcomments&post=4829"}],"version-history":[{"count":1,"href":"https:\/\/pornuestrolaredo.com\/index.php?rest_route=\/wp\/v2\/posts\/4829\/revisions"}],"predecessor-version":[{"id":4832,"href":"https:\/\/pornuestrolaredo.com\/index.php?rest_route=\/wp\/v2\/posts\/4829\/revisions\/4832"}],"wp:featuredmedia":[{"embeddable":true,"href":"https:\/\/pornuestrolaredo.com\/index.php?rest_route=\/wp\/v2\/media\/4831"}],"wp:attachment":[{"href":"https:\/\/pornuestrolaredo.com\/index.php?rest_route=%2Fwp%2Fv2%2Fmedia&parent=4829"}],"wp:term":[{"taxonomy":"category","embeddable":true,"href":"https:\/\/pornuestrolaredo.com\/index.php?rest_route=%2Fwp%2Fv2%2Fcategories&post=4829"},{"taxonomy":"post_tag","embeddable":true,"href":"https:\/\/pornuestrolaredo.com\/index.php?rest_route=%2Fwp%2Fv2%2Ftags&post=4829"}],"curies":[{"name":"wp","href":"https:\/\/api.w.org\/{rel}","templated":true}]}}