{"id":4833,"date":"2024-08-20T16:06:21","date_gmt":"2024-08-20T16:06:21","guid":{"rendered":"https:\/\/pornuestrolaredo.com\/?p=4833"},"modified":"2024-08-20T16:07:07","modified_gmt":"2024-08-20T16:07:07","slug":"se-estrella-ambulancia-con-trailer-mueren-4-personas","status":"publish","type":"post","link":"https:\/\/pornuestrolaredo.com\/?p=4833","title":{"rendered":"Se estrella ambulancia contra tr\u00e1iler; mueren 4 personas"},"content":{"rendered":"<p><strong>VALLECILLO, Nuevo Le\u00f3n.-<\/strong> Una ambulancia se estrell\u00f3 esta madrugada contra una caja tr\u00e1iler estacionada sobre la Autopista Monterrey a Nuevo Laredo. Cuatro personas murieron, al parecer un paciente, personal m\u00e9dico y el conductor de la unidad de emergencia.<\/p>\n<p>Protecci\u00f3n Civil de Nuevo Le\u00f3n inform\u00f3 que el accidente ocurri\u00f3 la madrugada de este martes a las 00:52 horas, en el kil\u00f3metro 137 de la autopista en direcci\u00f3n a Laredo, en el municipio de Vallecillo.<\/p>\n<p>Bomberos y Protecci\u00f3n Civil de Nuevo Le\u00f3n y de Nuevo Laredo acudieron a prestar auxilio y se\u00f1alaron que tres de los fallecidos eran el operador de la unidad, un m\u00e9dico y una enfermera, mientras que el otro era un paciente.<\/p>\n<p>En el accidente result\u00f3 lesionada una mujer identificada como Marta Hurtado de Anda, de 69 a\u00f1os, al parecer acompa\u00f1ante del paciente fallecido, quien fue trasladada al Hospital General de Sabinas Hidalgo.<\/p>\n<blockquote><p>Enviamos nuestras condolencias a los compa\u00f1eros del Estado de Jalisco por el sensible fallecimiento de personal medico y prehospitalario del Hospital Real San Lucas del municipio de Tepatitl\u00e1n de Morelos, Jalisco\u201d, public\u00f3 la Direcci\u00f3n de Protecci\u00f3n Civil de Nuevo Laredo en su p\u00e1gina oficial.<\/p><\/blockquote>\n<p>Debido al fuerte accidente, la Autopista a Laredo fue cerrada en su totalidad en direcci\u00f3n hacia la ciudad fronteriza por personal de la Guardia Nacional divisi\u00f3n carreteras.<\/p>\n<p>Hasta 6:15 horas la autopista permanec\u00eda cerrada a la circulaci\u00f3n, gener\u00e1ndose un congestionamiento vial en direcci\u00f3n de sur a norte.<\/p>\n","protected":false},"excerpt":{"rendered":"<p>Protecci\u00f3n Civil de Nuevo Laredo y de Nuevo Le\u00f3n confirman que se trata de un paciente, un m\u00e9dico, una enfermera y el conductor de la unidad de emergencia<\/p>\n","protected":false},"author":1,"featured_media":4834,"comment_status":"closed","ping_status":"closed","sticky":false,"template":"","format":"standard","meta":{"_crdt_document":"","_jetpack_memberships_contains_paid_content":false,"footnotes":"","jetpack_publicize_message":"","jetpack_publicize_feature_enabled":true,"jetpack_social_post_already_shared":true,"jetpack_social_options":{"image_generator_settings":{"template":"highway","default_image_id":0,"font":"","enabled":false},"version":2},"_wpas_customize_per_network":false},"categories":[33],"tags":[],"class_list":["post-4833","post","type-post","status-publish","format-standard","has-post-thumbnail","hentry","category-mexico"],"magazineBlocksPostFeaturedMedia":{"thumbnail":"https:\/\/pornuestrolaredo.com\/wp-content\/uploads\/2024\/08\/Stereo91-20240820-2-150x150.jpg","medium":"https:\/\/pornuestrolaredo.com\/wp-content\/uploads\/2024\/08\/Stereo91-20240820-2-300x200.jpg","medium_large":"https:\/\/pornuestrolaredo.com\/wp-content\/uploads\/2024\/08\/Stereo91-20240820-2-768x512.jpg","large":"https:\/\/pornuestrolaredo.com\/wp-content\/uploads\/2024\/08\/Stereo91-20240820-2.jpg","1536x1536":"https:\/\/pornuestrolaredo.com\/wp-content\/uploads\/2024\/08\/Stereo91-20240820-2.jpg","2048x2048":"https:\/\/pornuestrolaredo.com\/wp-content\/uploads\/2024\/08\/Stereo91-20240820-2.jpg","morenews-large":"https:\/\/pornuestrolaredo.com\/wp-content\/uploads\/2024\/08\/Stereo91-20240820-2.jpg","morenews-medium":"https:\/\/pornuestrolaredo.com\/wp-content\/uploads\/2024\/08\/Stereo91-20240820-2.jpg"},"magazineBlocksPostAuthor":{"name":"Redactor","avatar":"https:\/\/pornuestrolaredo.com\/wp-content\/litespeed\/avatar\/dca1d7ec750c399f025f23b0b314f4cf.jpg?ver=1777612120"},"magazineBlocksPostCommentsNumber":false,"magazineBlocksPostExcerpt":"Protecci\u00f3n Civil de Nuevo Laredo y de Nuevo Le\u00f3n confirman que se trata de un paciente, un m\u00e9dico, una enfermera y el conductor de la unidad de emergencia","magazineBlocksPostCategories":["Mexico"],"magazineBlocksPostViewCount":167,"magazineBlocksPostReadTime":2,"magazine_blocks_featured_image_url":{"full":["https:\/\/pornuestrolaredo.com\/wp-content\/uploads\/2024\/08\/Stereo91-20240820-2.jpg",960,640,false],"medium":["https:\/\/pornuestrolaredo.com\/wp-content\/uploads\/2024\/08\/Stereo91-20240820-2-300x200.jpg",300,200,true],"thumbnail":["https:\/\/pornuestrolaredo.com\/wp-content\/uploads\/2024\/08\/Stereo91-20240820-2-150x150.jpg",150,150,true]},"magazine_blocks_author":{"display_name":"Redactor","author_link":"https:\/\/pornuestrolaredo.com\/?author=1"},"magazine_blocks_comment":0,"magazine_blocks_author_image":"https:\/\/pornuestrolaredo.com\/wp-content\/litespeed\/avatar\/dca1d7ec750c399f025f23b0b314f4cf.jpg?ver=1777612120","magazine_blocks_category":"<a href=\"#\" class=\"category-link category-link-33\">Mexico<\/a>","jetpack_publicize_connections":[],"featured_image_urls":{"full":["https:\/\/pornuestrolaredo.com\/wp-content\/uploads\/2024\/08\/Stereo91-20240820-2.jpg",960,640,false],"thumbnail":["https:\/\/pornuestrolaredo.com\/wp-content\/uploads\/2024\/08\/Stereo91-20240820-2-150x150.jpg",150,150,true],"medium":["https:\/\/pornuestrolaredo.com\/wp-content\/uploads\/2024\/08\/Stereo91-20240820-2-300x200.jpg",300,200,true],"medium_large":["https:\/\/pornuestrolaredo.com\/wp-content\/uploads\/2024\/08\/Stereo91-20240820-2-768x512.jpg",640,427,true],"large":["https:\/\/pornuestrolaredo.com\/wp-content\/uploads\/2024\/08\/Stereo91-20240820-2.jpg",640,427,false],"1536x1536":["https:\/\/pornuestrolaredo.com\/wp-content\/uploads\/2024\/08\/Stereo91-20240820-2.jpg",960,640,false],"2048x2048":["https:\/\/pornuestrolaredo.com\/wp-content\/uploads\/2024\/08\/Stereo91-20240820-2.jpg",960,640,false],"morenews-large":["https:\/\/pornuestrolaredo.com\/wp-content\/uploads\/2024\/08\/Stereo91-20240820-2.jpg",825,550,false],"morenews-medium":["https:\/\/pornuestrolaredo.com\/wp-content\/uploads\/2024\/08\/Stereo91-20240820-2.jpg",590,393,false]},"author_info":{"info":["Redactor"]},"category_info":"<a href=\"https:\/\/pornuestrolaredo.com\/?cat=33\" rel=\"category\">Mexico<\/a>","tag_info":"Mexico","comment_count":"0","jetpack_featured_media_url":"https:\/\/pornuestrolaredo.com\/wp-content\/uploads\/2024\/08\/Stereo91-20240820-2.jpg","jetpack_sharing_enabled":true,"_links":{"self":[{"href":"https:\/\/pornuestrolaredo.com\/index.php?rest_route=\/wp\/v2\/posts\/4833","targetHints":{"allow":["GET"]}}],"collection":[{"href":"https:\/\/pornuestrolaredo.com\/index.php?rest_route=\/wp\/v2\/posts"}],"about":[{"href":"https:\/\/pornuestrolaredo.com\/index.php?rest_route=\/wp\/v2\/types\/post"}],"author":[{"embeddable":true,"href":"https:\/\/pornuestrolaredo.com\/index.php?rest_route=\/wp\/v2\/users\/1"}],"replies":[{"embeddable":true,"href":"https:\/\/pornuestrolaredo.com\/index.php?rest_route=%2Fwp%2Fv2%2Fcomments&post=4833"}],"version-history":[{"count":2,"href":"https:\/\/pornuestrolaredo.com\/index.php?rest_route=\/wp\/v2\/posts\/4833\/revisions"}],"predecessor-version":[{"id":4836,"href":"https:\/\/pornuestrolaredo.com\/index.php?rest_route=\/wp\/v2\/posts\/4833\/revisions\/4836"}],"wp:featuredmedia":[{"embeddable":true,"href":"https:\/\/pornuestrolaredo.com\/index.php?rest_route=\/wp\/v2\/media\/4834"}],"wp:attachment":[{"href":"https:\/\/pornuestrolaredo.com\/index.php?rest_route=%2Fwp%2Fv2%2Fmedia&parent=4833"}],"wp:term":[{"taxonomy":"category","embeddable":true,"href":"https:\/\/pornuestrolaredo.com\/index.php?rest_route=%2Fwp%2Fv2%2Fcategories&post=4833"},{"taxonomy":"post_tag","embeddable":true,"href":"https:\/\/pornuestrolaredo.com\/index.php?rest_route=%2Fwp%2Fv2%2Ftags&post=4833"}],"curies":[{"name":"wp","href":"https:\/\/api.w.org\/{rel}","templated":true}]}}