{"id":4837,"date":"2024-08-20T16:24:38","date_gmt":"2024-08-20T16:24:38","guid":{"rendered":"https:\/\/pornuestrolaredo.com\/?p=4837"},"modified":"2024-08-20T16:24:38","modified_gmt":"2024-08-20T16:24:38","slug":"biden-elogia-a-harris-y-destaca-su-legado-en-convencion-democrata","status":"publish","type":"post","link":"https:\/\/pornuestrolaredo.com\/?p=4837","title":{"rendered":"Biden elogia a Harris y destaca su legado en convenci\u00f3n dem\u00f3crata"},"content":{"rendered":"<p><strong><em>CHICAGO.-<\/em><\/strong> El presidente de Estados Unidos, Joe Biden, cerr\u00f3 la primera jornada de la Convenci\u00f3n Nacional Dem\u00f3crata con un discurso en el que destac\u00f3 su legado, elogi\u00f3 a la vicepresidenta Kamala Harris y atac\u00f3 al candidato republicano, Donald Trump.<\/p>\n<blockquote><p>\u00bfEst\u00e1n listos para votar por la libertad? \u00bfEst\u00e1n listos para votar por la democracia? \u00bfEst\u00e1n listos para votar por Kamala Harris y Tim Walz&#8221;, dijo Biden tras varios minutos de ovaci\u00f3n por parte de los asistentes al evento, y luego de que agradeciera a su esposa, Jill.<\/p><\/blockquote>\n<p>Biden record\u00f3 el contexto en el que asumi\u00f3 el poder en enero de 2021, luego de la insurrecci\u00f3n de trumpistas en el Capitolio.<\/p>\n<blockquote><p>No hay lugar para la violencia pol\u00edtica en Estados Unidos. No puedes amar a tu pa\u00eds s\u00f3lo cuando ganas&#8221;, declar\u00f3.<\/p><\/blockquote>\n<blockquote><p>Debemos preservar la democracia. Ya lo he dicho antes, estamos en un punto de inflexi\u00f3n. Estamos en una batalla por el alma de Estados Unidos&#8221;, agreg\u00f3.<\/p><\/blockquote>\n<p>Al mencionar los logros de su Gobierno, Biden dijo que nunca antes tantos estadounidenses hab\u00edan accedido a seguro m\u00e9dico.<\/p>\n<blockquote><p>Aprobamos la ley clim\u00e1tica m\u00e1s significativa en la historia de la humanidad&#8221;, agreg\u00f3.<\/p><\/blockquote>\n<p>Biden remarc\u00f3 la urgencia del control de armas, al recordar que en Estados Unidos mueren m\u00e1s ni\u00f1os por impacto de bala que por otra raz\u00f3n.<\/p>\n<blockquote><p>Es momento de prohibir las armas de asalto otra vez, y exigir la revisi\u00f3n universal de antecedentes&#8221;, lanz\u00f3.<\/p><\/blockquote>\n<p>En cuanto a migraci\u00f3n, dijo que Trump sigue mintiendo sobre la frontera. Agreg\u00f3 que el candidato republicano bloque\u00f3 una importante iniciativa bipartidista para aumentar la seguridad fronteriza. <\/p>\n<blockquote><p>Trump se pone por encima del inter\u00e9s de Estados Unidos&#8221;, apunt\u00f3.<\/p><\/blockquote>\n<blockquote><p>A diferencia de Trump, nosotros no vamos a demonizar a los migrantes&#8221;.<\/p><\/blockquote>\n<p>Asimismo, destac\u00f3 el papel pol\u00edtico de las mujeres.<\/p>\n<blockquote><p>Donald Trump va a conocer el poder pol\u00edtico de las mujeres en 2024&#8243;, subray\u00f3.<\/p><\/blockquote>\n<p>Record\u00f3 que nombr\u00f3 a la primera mujer negra en la Suprema Corte de EU, Ketanji Brown Jackson, y a la primera asiaticoestadounidense en ser elegida vicepresidenta &#8220;y quien pronto ser\u00e1 la presidenta n\u00famero 47 de Estados Unidos&#8221;.<\/p>\n<p>Biden hizo un repaso de pol\u00edtica exterior tambi\u00e9n, acus\u00f3 nuevamente a Trump de arrodillarse ante el presidente de Rusia, Vladimir Putin, y asegur\u00f3 que Harris nunca har\u00e1 eso. <\/p>\n<p>Agreg\u00f3 que Ucrania se mantiene en pie, pese a tres a\u00f1os de invasi\u00f3n rusa.<\/p>\n<blockquote><p>Putin pens\u00f3 que tomar\u00eda Kiev en una semana, tres a\u00f1os despu\u00e9s, Ucrania permanece libre&#8221;, resalt\u00f3.<\/p><\/blockquote>\n<p>En cuanto a la guerra en la Franja de Gaza, destac\u00f3 los esfuerzos por alcanzar un cese al fuego. <\/p>\n<blockquote><p>Quienes protestan tienen raz\u00f3n, muchas personas inocentes han fallecido en ambos lados&#8221;, expuso.<\/p><\/blockquote>\n<p>Record\u00f3 que a\u00fan le quedan cinco meses en la Presidencia.<\/p>\n<blockquote><p>Ha sido un honor ser su presidente, pero amo a mi pa\u00eds m\u00e1s, y necesitamos preservar nuestra democracia. Necesitamos que voten, necesitamos mantener el Senado, necesitamos recuperar la C\u00e1mara de Representantes, y sobre todo, necesitamos vencer a Donald Trump. Tenemos que elegir a Kamala Harris y a Tim Walz como presidenta y vicepresidente&#8221;, urgi\u00f3.<\/p><\/blockquote>\n<p>Biden elogi\u00f3 a Harris, y advirti\u00f3 de la amenaza que es Trump para Estados Unidos.<\/p>\n<blockquote><p>Trump ha dicho que no reconocer\u00e1 el resultado si pierde, y promete un derramamiento de sangre&#8221;, dijo.<\/p><\/blockquote>\n<p>El discurso de Biden cierra el primer d\u00eda de la Convenci\u00f3n, que tiene lugar en Chicago.<\/p>\n<p>Se espera que Biden y la Primera Dama Jill Biden vuelen a California para el inicio de unas vacaciones de dos semanas que lo mantendr\u00e1n alejado de los focos mientras Harris asume formalmente su lugar como la nueva cara del Partido Dem\u00f3crata.<\/p>\n","protected":false},"excerpt":{"rendered":"<p>El presidente de Estados Unidos entrega la batuta a su vicepresidenta para que enfrente a Donald Trump en las elecciones de noviembre<\/p>\n","protected":false},"author":1,"featured_media":4838,"comment_status":"closed","ping_status":"closed","sticky":false,"template":"","format":"standard","meta":{"_crdt_document":"","_jetpack_memberships_contains_paid_content":false,"footnotes":"","jetpack_publicize_message":"","jetpack_publicize_feature_enabled":true,"jetpack_social_post_already_shared":true,"jetpack_social_options":{"image_generator_settings":{"template":"highway","default_image_id":0,"font":"","enabled":false},"version":2},"_wpas_customize_per_network":false},"categories":[9],"tags":[],"class_list":["post-4837","post","type-post","status-publish","format-standard","has-post-thumbnail","hentry","category-el-mundo"],"magazineBlocksPostFeaturedMedia":{"thumbnail":"https:\/\/pornuestrolaredo.com\/wp-content\/uploads\/2024\/08\/Stereo91-20240820-3-150x150.jpg","medium":"https:\/\/pornuestrolaredo.com\/wp-content\/uploads\/2024\/08\/Stereo91-20240820-3-300x161.jpg","medium_large":"https:\/\/pornuestrolaredo.com\/wp-content\/uploads\/2024\/08\/Stereo91-20240820-3-768x411.jpg","large":"https:\/\/pornuestrolaredo.com\/wp-content\/uploads\/2024\/08\/Stereo91-20240820-3.jpg","1536x1536":"https:\/\/pornuestrolaredo.com\/wp-content\/uploads\/2024\/08\/Stereo91-20240820-3.jpg","2048x2048":"https:\/\/pornuestrolaredo.com\/wp-content\/uploads\/2024\/08\/Stereo91-20240820-3.jpg","morenews-large":"https:\/\/pornuestrolaredo.com\/wp-content\/uploads\/2024\/08\/Stereo91-20240820-3.jpg","morenews-medium":"https:\/\/pornuestrolaredo.com\/wp-content\/uploads\/2024\/08\/Stereo91-20240820-3.jpg"},"magazineBlocksPostAuthor":{"name":"Redactor","avatar":"https:\/\/pornuestrolaredo.com\/wp-content\/litespeed\/avatar\/dca1d7ec750c399f025f23b0b314f4cf.jpg?ver=1777612120"},"magazineBlocksPostCommentsNumber":false,"magazineBlocksPostExcerpt":"El presidente de Estados Unidos entrega la batuta a su vicepresidenta para que enfrente a Donald Trump en las elecciones de noviembre","magazineBlocksPostCategories":["El Mundo"],"magazineBlocksPostViewCount":123,"magazineBlocksPostReadTime":4,"magazine_blocks_featured_image_url":{"full":["https:\/\/pornuestrolaredo.com\/wp-content\/uploads\/2024\/08\/Stereo91-20240820-3.jpg",980,525,false],"medium":["https:\/\/pornuestrolaredo.com\/wp-content\/uploads\/2024\/08\/Stereo91-20240820-3-300x161.jpg",300,161,true],"thumbnail":["https:\/\/pornuestrolaredo.com\/wp-content\/uploads\/2024\/08\/Stereo91-20240820-3-150x150.jpg",150,150,true]},"magazine_blocks_author":{"display_name":"Redactor","author_link":"https:\/\/pornuestrolaredo.com\/?author=1"},"magazine_blocks_comment":0,"magazine_blocks_author_image":"https:\/\/pornuestrolaredo.com\/wp-content\/litespeed\/avatar\/dca1d7ec750c399f025f23b0b314f4cf.jpg?ver=1777612120","magazine_blocks_category":"<a href=\"#\" class=\"category-link category-link-9\">El Mundo<\/a>","jetpack_publicize_connections":[],"featured_image_urls":{"full":["https:\/\/pornuestrolaredo.com\/wp-content\/uploads\/2024\/08\/Stereo91-20240820-3.jpg",980,525,false],"thumbnail":["https:\/\/pornuestrolaredo.com\/wp-content\/uploads\/2024\/08\/Stereo91-20240820-3-150x150.jpg",150,150,true],"medium":["https:\/\/pornuestrolaredo.com\/wp-content\/uploads\/2024\/08\/Stereo91-20240820-3-300x161.jpg",300,161,true],"medium_large":["https:\/\/pornuestrolaredo.com\/wp-content\/uploads\/2024\/08\/Stereo91-20240820-3-768x411.jpg",640,343,true],"large":["https:\/\/pornuestrolaredo.com\/wp-content\/uploads\/2024\/08\/Stereo91-20240820-3.jpg",640,343,false],"1536x1536":["https:\/\/pornuestrolaredo.com\/wp-content\/uploads\/2024\/08\/Stereo91-20240820-3.jpg",980,525,false],"2048x2048":["https:\/\/pornuestrolaredo.com\/wp-content\/uploads\/2024\/08\/Stereo91-20240820-3.jpg",980,525,false],"morenews-large":["https:\/\/pornuestrolaredo.com\/wp-content\/uploads\/2024\/08\/Stereo91-20240820-3.jpg",825,442,false],"morenews-medium":["https:\/\/pornuestrolaredo.com\/wp-content\/uploads\/2024\/08\/Stereo91-20240820-3.jpg",590,316,false]},"author_info":{"info":["Redactor"]},"category_info":"<a href=\"https:\/\/pornuestrolaredo.com\/?cat=9\" rel=\"category\">El Mundo<\/a>","tag_info":"El Mundo","comment_count":"0","jetpack_featured_media_url":"https:\/\/pornuestrolaredo.com\/wp-content\/uploads\/2024\/08\/Stereo91-20240820-3.jpg","jetpack_sharing_enabled":true,"_links":{"self":[{"href":"https:\/\/pornuestrolaredo.com\/index.php?rest_route=\/wp\/v2\/posts\/4837","targetHints":{"allow":["GET"]}}],"collection":[{"href":"https:\/\/pornuestrolaredo.com\/index.php?rest_route=\/wp\/v2\/posts"}],"about":[{"href":"https:\/\/pornuestrolaredo.com\/index.php?rest_route=\/wp\/v2\/types\/post"}],"author":[{"embeddable":true,"href":"https:\/\/pornuestrolaredo.com\/index.php?rest_route=\/wp\/v2\/users\/1"}],"replies":[{"embeddable":true,"href":"https:\/\/pornuestrolaredo.com\/index.php?rest_route=%2Fwp%2Fv2%2Fcomments&post=4837"}],"version-history":[{"count":1,"href":"https:\/\/pornuestrolaredo.com\/index.php?rest_route=\/wp\/v2\/posts\/4837\/revisions"}],"predecessor-version":[{"id":4839,"href":"https:\/\/pornuestrolaredo.com\/index.php?rest_route=\/wp\/v2\/posts\/4837\/revisions\/4839"}],"wp:featuredmedia":[{"embeddable":true,"href":"https:\/\/pornuestrolaredo.com\/index.php?rest_route=\/wp\/v2\/media\/4838"}],"wp:attachment":[{"href":"https:\/\/pornuestrolaredo.com\/index.php?rest_route=%2Fwp%2Fv2%2Fmedia&parent=4837"}],"wp:term":[{"taxonomy":"category","embeddable":true,"href":"https:\/\/pornuestrolaredo.com\/index.php?rest_route=%2Fwp%2Fv2%2Fcategories&post=4837"},{"taxonomy":"post_tag","embeddable":true,"href":"https:\/\/pornuestrolaredo.com\/index.php?rest_route=%2Fwp%2Fv2%2Ftags&post=4837"}],"curies":[{"name":"wp","href":"https:\/\/api.w.org\/{rel}","templated":true}]}}