{"id":4856,"date":"2024-08-26T18:56:35","date_gmt":"2024-08-26T18:56:35","guid":{"rendered":"https:\/\/pornuestrolaredo.com\/?p=4856"},"modified":"2024-08-26T18:56:35","modified_gmt":"2024-08-26T18:56:35","slug":"pone-trump-en-duda-si-ira-a-debate-con-harris","status":"publish","type":"post","link":"https:\/\/pornuestrolaredo.com\/?p=4856","title":{"rendered":"Pone Trump en duda si ir\u00e1 a debate con Harris"},"content":{"rendered":"<p><strong><em>WASHINGTON.-<\/em><\/strong> El candidato republicano Donald Trump volvi\u00f3 a poner en duda su asistencia al \u00fanico debate acordado con la candidata dem\u00f3crata Kamala Harris, que est\u00e1 previsto que se celebre en unas dos semanas.<\/p>\n<p>Trump, en una publicaci\u00f3n a \u00faltima hora del domingo en su plataforma Truth Social, critic\u00f3 a ABC News (la anfitriona del debate del 10 de septiembre), sugiriendo que estaba sesgada a favor de Harris y preguntando &#8220;\u00bfpor qu\u00e9 har\u00eda el debate contra Kamala Harris en esa cadena?&#8221;.<\/p>\n<blockquote><p>\u00a1\u00a1Tienen muchas preguntas que responder!!!&#8221;, a\u00f1adi\u00f3.<\/p><\/blockquote>\n<blockquote><p>\u00bfPor qu\u00e9 Harris rechaz\u00f3 a Fox, NBC, CBS e incluso CNN? \u00a1\u00a1\u00a1Est\u00e9n atentos!!!&#8221;<\/p><\/blockquote>\n<p>En un comunicado emitido el lunes, el equipo de Harris dijo que las campa\u00f1as estaban en disputa sobre si los micr\u00f3fonos del foro deber\u00edan estar silenciados cuando el otro candidato est\u00e9 hablando.<\/p>\n<blockquote><p>Le hemos dicho a ABC y a otras cadenas que buscan organizar un posible debate en octubre que creemos que los micr\u00f3fonos de ambos candidatos deber\u00edan estar en vivo durante toda la transmisi\u00f3n&#8221;, dijo Brian Fallon, portavoz de Harris, en un comunicado.<\/p><\/blockquote>\n<blockquote><p>Entendemos que los asesores de Trump prefieren el micr\u00f3fono silenciado porque no creen que su candidato pueda actuar como presidente durante 90 minutos por s\u00ed solo&#8221;.<\/p><\/blockquote>\n<blockquote><p>La vicepresidenta est\u00e1 lista para lidiar con las constantes mentiras e interrupciones de Trump en tiempo real&#8221;, agreg\u00f3 Fallon.<\/p><\/blockquote>\n<blockquote><p>Trump deber\u00eda dejar de esconderse detr\u00e1s del bot\u00f3n de silencio&#8221;.<\/p><\/blockquote>\n<p>Los comentarios de Trump y el enfrentamiento sobre las reglas del debate amenazan con poner en peligro el \u00fanico debate al que los dos candidatos de los principales partidos han accedido hasta ahora, a poco m\u00e1s de dos meses del d\u00eda de las elecciones. Trump originalmente acept\u00f3 el debate de ABC News con el presidente Joe Biden, entonces candidato dem\u00f3crata.<\/p>\n<p>Sin embargo, en su primer debate, Biden tuvo una actuaci\u00f3n calamitosa que llev\u00f3 a los dem\u00f3cratas a expulsarlo de la carrera. Despu\u00e9s de la salida de Biden, Trump se neg\u00f3 a comprometerse con el segundo debate. Trump atac\u00f3 a ABC News y sus anfitriones y mencion\u00f3 otros lugares, incluido un debate presentado por Fox News, un medio conservador m\u00e1s amigable con su campa\u00f1a.<\/p>\n<p>Trump finalmente acept\u00f3 asistir al debate de ABC News mientras buscaba contrarrestar la atenci\u00f3n de los medios sobre Harris, cuya entrada en la carrera ha galvanizado a partes clave de la base dem\u00f3crata y la ha visto ascender en las encuestas nacionales y de estados indecisos.<\/p>\n<p>La campa\u00f1a de Harris ha propuesto un segundo debate con Trump, con los detalles por determinar, si asist\u00eda al foro de ABC News. La campa\u00f1a de Harris ha descartado participar en un debate de Fox News.<\/p>\n<p>Los compa\u00f1eros de f\u00f3rmula de Trump y Harris, el senador republicano JD Vance de Ohio y el Gobernador dem\u00f3crata de Minnesota Tim Walz, tienen previsto celebrar su propio debate el 1 de octubre con CBS News.<\/p>\n","protected":false},"excerpt":{"rendered":"<p>Critica a ABC News y sugiere que la televisora est\u00e1 sesgada a favor de la vicepresidenta<\/p>\n","protected":false},"author":1,"featured_media":4857,"comment_status":"closed","ping_status":"closed","sticky":false,"template":"","format":"standard","meta":{"_crdt_document":"","_jetpack_memberships_contains_paid_content":false,"footnotes":"","jetpack_publicize_message":"","jetpack_publicize_feature_enabled":true,"jetpack_social_post_already_shared":true,"jetpack_social_options":{"image_generator_settings":{"template":"highway","default_image_id":0,"font":"","enabled":false},"version":2},"_wpas_customize_per_network":false},"categories":[9],"tags":[],"class_list":["post-4856","post","type-post","status-publish","format-standard","has-post-thumbnail","hentry","category-el-mundo"],"magazineBlocksPostFeaturedMedia":{"thumbnail":"https:\/\/pornuestrolaredo.com\/wp-content\/uploads\/2024\/08\/Stereo91-20240826-1-150x150.jpg","medium":"https:\/\/pornuestrolaredo.com\/wp-content\/uploads\/2024\/08\/Stereo91-20240826-1-300x172.jpg","medium_large":"https:\/\/pornuestrolaredo.com\/wp-content\/uploads\/2024\/08\/Stereo91-20240826-1-768x440.jpg","large":"https:\/\/pornuestrolaredo.com\/wp-content\/uploads\/2024\/08\/Stereo91-20240826-1.jpg","1536x1536":"https:\/\/pornuestrolaredo.com\/wp-content\/uploads\/2024\/08\/Stereo91-20240826-1.jpg","2048x2048":"https:\/\/pornuestrolaredo.com\/wp-content\/uploads\/2024\/08\/Stereo91-20240826-1.jpg","morenews-large":"https:\/\/pornuestrolaredo.com\/wp-content\/uploads\/2024\/08\/Stereo91-20240826-1.jpg","morenews-medium":"https:\/\/pornuestrolaredo.com\/wp-content\/uploads\/2024\/08\/Stereo91-20240826-1.jpg"},"magazineBlocksPostAuthor":{"name":"Redactor","avatar":"https:\/\/pornuestrolaredo.com\/wp-content\/litespeed\/avatar\/dca1d7ec750c399f025f23b0b314f4cf.jpg?ver=1777612120"},"magazineBlocksPostCommentsNumber":false,"magazineBlocksPostExcerpt":"Critica a ABC News y sugiere que la televisora est\u00e1 sesgada a favor de la vicepresidenta","magazineBlocksPostCategories":["El Mundo"],"magazineBlocksPostViewCount":123,"magazineBlocksPostReadTime":3,"magazine_blocks_featured_image_url":{"full":["https:\/\/pornuestrolaredo.com\/wp-content\/uploads\/2024\/08\/Stereo91-20240826-1.jpg",850,487,false],"medium":["https:\/\/pornuestrolaredo.com\/wp-content\/uploads\/2024\/08\/Stereo91-20240826-1-300x172.jpg",300,172,true],"thumbnail":["https:\/\/pornuestrolaredo.com\/wp-content\/uploads\/2024\/08\/Stereo91-20240826-1-150x150.jpg",150,150,true]},"magazine_blocks_author":{"display_name":"Redactor","author_link":"https:\/\/pornuestrolaredo.com\/?author=1"},"magazine_blocks_comment":0,"magazine_blocks_author_image":"https:\/\/pornuestrolaredo.com\/wp-content\/litespeed\/avatar\/dca1d7ec750c399f025f23b0b314f4cf.jpg?ver=1777612120","magazine_blocks_category":"<a href=\"#\" class=\"category-link category-link-9\">El Mundo<\/a>","jetpack_publicize_connections":[],"featured_image_urls":{"full":["https:\/\/pornuestrolaredo.com\/wp-content\/uploads\/2024\/08\/Stereo91-20240826-1.jpg",850,487,false],"thumbnail":["https:\/\/pornuestrolaredo.com\/wp-content\/uploads\/2024\/08\/Stereo91-20240826-1-150x150.jpg",150,150,true],"medium":["https:\/\/pornuestrolaredo.com\/wp-content\/uploads\/2024\/08\/Stereo91-20240826-1-300x172.jpg",300,172,true],"medium_large":["https:\/\/pornuestrolaredo.com\/wp-content\/uploads\/2024\/08\/Stereo91-20240826-1-768x440.jpg",640,367,true],"large":["https:\/\/pornuestrolaredo.com\/wp-content\/uploads\/2024\/08\/Stereo91-20240826-1.jpg",640,367,false],"1536x1536":["https:\/\/pornuestrolaredo.com\/wp-content\/uploads\/2024\/08\/Stereo91-20240826-1.jpg",850,487,false],"2048x2048":["https:\/\/pornuestrolaredo.com\/wp-content\/uploads\/2024\/08\/Stereo91-20240826-1.jpg",850,487,false],"morenews-large":["https:\/\/pornuestrolaredo.com\/wp-content\/uploads\/2024\/08\/Stereo91-20240826-1.jpg",825,473,false],"morenews-medium":["https:\/\/pornuestrolaredo.com\/wp-content\/uploads\/2024\/08\/Stereo91-20240826-1.jpg",590,338,false]},"author_info":{"info":["Redactor"]},"category_info":"<a href=\"https:\/\/pornuestrolaredo.com\/?cat=9\" rel=\"category\">El Mundo<\/a>","tag_info":"El Mundo","comment_count":"0","jetpack_featured_media_url":"https:\/\/pornuestrolaredo.com\/wp-content\/uploads\/2024\/08\/Stereo91-20240826-1.jpg","jetpack_sharing_enabled":true,"_links":{"self":[{"href":"https:\/\/pornuestrolaredo.com\/index.php?rest_route=\/wp\/v2\/posts\/4856","targetHints":{"allow":["GET"]}}],"collection":[{"href":"https:\/\/pornuestrolaredo.com\/index.php?rest_route=\/wp\/v2\/posts"}],"about":[{"href":"https:\/\/pornuestrolaredo.com\/index.php?rest_route=\/wp\/v2\/types\/post"}],"author":[{"embeddable":true,"href":"https:\/\/pornuestrolaredo.com\/index.php?rest_route=\/wp\/v2\/users\/1"}],"replies":[{"embeddable":true,"href":"https:\/\/pornuestrolaredo.com\/index.php?rest_route=%2Fwp%2Fv2%2Fcomments&post=4856"}],"version-history":[{"count":1,"href":"https:\/\/pornuestrolaredo.com\/index.php?rest_route=\/wp\/v2\/posts\/4856\/revisions"}],"predecessor-version":[{"id":4858,"href":"https:\/\/pornuestrolaredo.com\/index.php?rest_route=\/wp\/v2\/posts\/4856\/revisions\/4858"}],"wp:featuredmedia":[{"embeddable":true,"href":"https:\/\/pornuestrolaredo.com\/index.php?rest_route=\/wp\/v2\/media\/4857"}],"wp:attachment":[{"href":"https:\/\/pornuestrolaredo.com\/index.php?rest_route=%2Fwp%2Fv2%2Fmedia&parent=4856"}],"wp:term":[{"taxonomy":"category","embeddable":true,"href":"https:\/\/pornuestrolaredo.com\/index.php?rest_route=%2Fwp%2Fv2%2Fcategories&post=4856"},{"taxonomy":"post_tag","embeddable":true,"href":"https:\/\/pornuestrolaredo.com\/index.php?rest_route=%2Fwp%2Fv2%2Ftags&post=4856"}],"curies":[{"name":"wp","href":"https:\/\/api.w.org\/{rel}","templated":true}]}}