{"id":4863,"date":"2024-08-27T18:57:24","date_gmt":"2024-08-27T18:57:24","guid":{"rendered":"https:\/\/pornuestrolaredo.com\/?p=4863"},"modified":"2024-08-27T18:57:24","modified_gmt":"2024-08-27T18:57:24","slug":"juez-de-texas-ordena-suspender-programa-que-ofrece-estatus-legal-a-conyuges-de-estadounidenses","status":"publish","type":"post","link":"https:\/\/pornuestrolaredo.com\/?p=4863","title":{"rendered":"Juez de Texas ordena suspender programa que ofrece estatus legal a c\u00f3nyuges de estadounidenses"},"content":{"rendered":"<p><strong><em>McALLEN, Texas.-<\/em><\/strong> Un juez federal de Texas orden\u00f3 esta semana la suspensi\u00f3n de una pol\u00edtica del gobierno del presidente Joe Biden que otorgar\u00eda estatus legal a los c\u00f3nyuges de ciudadanos estadounidenses sin tener que salir primero del pa\u00eds, lo que representa un rev\u00e9s por lo menos temporal a una de las acciones presidenciales m\u00e1s significativas en varios a\u00f1os para facilitar el acceso a la naturalizaci\u00f3n.<\/p>\n<p>El juez de distrito J. Campbell Barker orden\u00f3 la suspensi\u00f3n despu\u00e9s de que 16 estados, todos con fiscales republicanos, impugnaron el programa que podr\u00eda beneficiar a unos 500 mil inmigrantes que ya se encuentran actualmente en el pa\u00eds, as\u00ed como a cerca de 50 mil de sus hijos. Los estados acusaron al gobierno federal de eludir al Congreso por \u201cflagrantes fines pol\u00edticos\u201d.<\/p>\n<p>Uno de los estados que encabeza la impugnaci\u00f3n es Texas, el cual asegur\u00f3 en la demanda que ha tenido que pagar decenas de millones de d\u00f3lares cada a\u00f1o en aspectos como atenci\u00f3n m\u00e9dica y seguridad policial debido a los inmigrantes que viven en la entidad sin un estatus legal.<\/p>\n<p>Biden anunci\u00f3 el programa en junio. La suspensi\u00f3n ordenada por la corte, la cual tiene vigencia de dos semanas pero podr\u00eda extenderse, se produce una semana despu\u00e9s de que el Departamento de Seguridad Nacional (DHS por sus siglas en ingl\u00e9s) comenz\u00f3 a aceptar solicitudes.<\/p>\n<blockquote><p>Las acusaciones son significativas y ameritan una mirada m\u00e1s de cerca de lo que la corte ha podido darle hasta el momento\u201d, escribi\u00f3 Barker.<\/p><\/blockquote>\n<p>Barker fue nombrado por el expresidente Donald Trump en 2019 como juez en Tyler, Texas, que se encuentra bajo la jurisdicci\u00f3n de la Corte de Apelaciones del 5to Circuito, un lugar favorito para los defensores que impulsan argumentos conservadores.<\/p>\n<p>El juez estableci\u00f3 un cronograma bajo el cual podr\u00eda darse una decisi\u00f3n poco antes de las elecciones presidenciales del 5 de noviembre o antes de que el nuevo mandatario asuma el cargo en enero. Barker les dio a las dos partes hasta el 10 de octubre para presentar documentos relacionados al caso.<\/p>\n<p>El programa ofrece a los c\u00f3nyuges de ciudadanos estadounidenses que no cuenten con estatus legal \u2014pero que cumplen con ciertos criterios\u2014 una v\u00eda para naturalizarse al permitirles solicitar una tarjeta de residencia y permanecer en el pa\u00eds en lo que se lleva a cabo el proceso. Tradicionalmente, el proceso podr\u00eda incluir una espera de varios a\u00f1os fuera de Estados Unidos, provocando lo que los activistas comparan con una \u201cseparaci\u00f3n de familias\u201d.<\/p>\n<p>El DHS no respondi\u00f3 por el momento a un email enviado para solicitar comentarios al respecto.<\/p>\n<blockquote><p>La decisi\u00f3n del tribunal de impedir que el gobierno federal proporcione alivio es devastadora para las miles de familias de Texas que podr\u00edan haberse beneficiado de este programa\u201d, se\u00f1al\u00f3 el lunes Jessica Cisneros, abogada de la organizaci\u00f3n de defensa Texas Immigration Law Council.<\/p><\/blockquote>\n<p>Varias familias fueron notificadas de que sus solicitudes hab\u00edan sido recibidas, seg\u00fan los abogados que defienden a familias que califican para inscribirse en el programa y que horas antes el lunes hab\u00edan presentado una moci\u00f3n para intervenir.<\/p>\n<blockquote><p>Texas no deber\u00eda ser capaz de decidir el destino de cientos de miles de ciudadanos estadounidenses y sus c\u00f3nyuges inmigrantes sin confrontar su realidad\u201d, dijo Karen Tumlin, fundadora y directora de Justice Action Center, durante una conferencia de prensa antes de que se diera a conocer la orden.<\/p><\/blockquote>\n<p>El programa ha resultado particularmente controversial en un a\u00f1o electoral en el que la inmigraci\u00f3n es uno de los temas principales. Muchos republicanos han atacado la medida y aseguran que, en esencia, es una forma de amnist\u00eda para las personas que violaron la ley.<\/p>\n","protected":false},"excerpt":{"rendered":"<p>La medida es criticada por organizaciones de defensa de migrantes, quienes explican que el apoyo evita que los solicitantes tengan que salir del pa\u00eds al tramitar su estancia legal en Estados Unidos<\/p>\n","protected":false},"author":1,"featured_media":4864,"comment_status":"closed","ping_status":"closed","sticky":false,"template":"","format":"standard","meta":{"_crdt_document":"","_jetpack_memberships_contains_paid_content":false,"footnotes":"","jetpack_publicize_message":"","jetpack_publicize_feature_enabled":true,"jetpack_social_post_already_shared":true,"jetpack_social_options":{"image_generator_settings":{"template":"highway","default_image_id":0,"font":"","enabled":false},"version":2},"_wpas_customize_per_network":false},"categories":[9],"tags":[],"class_list":["post-4863","post","type-post","status-publish","format-standard","has-post-thumbnail","hentry","category-el-mundo"],"magazineBlocksPostFeaturedMedia":{"thumbnail":"https:\/\/pornuestrolaredo.com\/wp-content\/uploads\/2024\/08\/Stereo91-20240827-1-150x150.jpg","medium":"https:\/\/pornuestrolaredo.com\/wp-content\/uploads\/2024\/08\/Stereo91-20240827-1-300x166.jpg","medium_large":"https:\/\/pornuestrolaredo.com\/wp-content\/uploads\/2024\/08\/Stereo91-20240827-1-768x425.jpg","large":"https:\/\/pornuestrolaredo.com\/wp-content\/uploads\/2024\/08\/Stereo91-20240827-1-1000x553.jpg","1536x1536":"https:\/\/pornuestrolaredo.com\/wp-content\/uploads\/2024\/08\/Stereo91-20240827-1.jpg","2048x2048":"https:\/\/pornuestrolaredo.com\/wp-content\/uploads\/2024\/08\/Stereo91-20240827-1.jpg","morenews-large":"https:\/\/pornuestrolaredo.com\/wp-content\/uploads\/2024\/08\/Stereo91-20240827-1.jpg","morenews-medium":"https:\/\/pornuestrolaredo.com\/wp-content\/uploads\/2024\/08\/Stereo91-20240827-1.jpg"},"magazineBlocksPostAuthor":{"name":"Redactor","avatar":"https:\/\/pornuestrolaredo.com\/wp-content\/litespeed\/avatar\/dca1d7ec750c399f025f23b0b314f4cf.jpg?ver=1777612120"},"magazineBlocksPostCommentsNumber":false,"magazineBlocksPostExcerpt":"La medida es criticada por organizaciones de defensa de migrantes, quienes explican que el apoyo evita que los solicitantes tengan que salir del pa\u00eds al tramitar su estancia legal en Estados Unidos","magazineBlocksPostCategories":["El Mundo"],"magazineBlocksPostViewCount":128,"magazineBlocksPostReadTime":4,"magazine_blocks_featured_image_url":{"full":["https:\/\/pornuestrolaredo.com\/wp-content\/uploads\/2024\/08\/Stereo91-20240827-1.jpg",1180,653,false],"medium":["https:\/\/pornuestrolaredo.com\/wp-content\/uploads\/2024\/08\/Stereo91-20240827-1-300x166.jpg",300,166,true],"thumbnail":["https:\/\/pornuestrolaredo.com\/wp-content\/uploads\/2024\/08\/Stereo91-20240827-1-150x150.jpg",150,150,true]},"magazine_blocks_author":{"display_name":"Redactor","author_link":"https:\/\/pornuestrolaredo.com\/?author=1"},"magazine_blocks_comment":0,"magazine_blocks_author_image":"https:\/\/pornuestrolaredo.com\/wp-content\/litespeed\/avatar\/dca1d7ec750c399f025f23b0b314f4cf.jpg?ver=1777612120","magazine_blocks_category":"<a href=\"#\" class=\"category-link category-link-9\">El Mundo<\/a>","jetpack_publicize_connections":[],"featured_image_urls":{"full":["https:\/\/pornuestrolaredo.com\/wp-content\/uploads\/2024\/08\/Stereo91-20240827-1.jpg",1180,653,false],"thumbnail":["https:\/\/pornuestrolaredo.com\/wp-content\/uploads\/2024\/08\/Stereo91-20240827-1-150x150.jpg",150,150,true],"medium":["https:\/\/pornuestrolaredo.com\/wp-content\/uploads\/2024\/08\/Stereo91-20240827-1-300x166.jpg",300,166,true],"medium_large":["https:\/\/pornuestrolaredo.com\/wp-content\/uploads\/2024\/08\/Stereo91-20240827-1-768x425.jpg",640,354,true],"large":["https:\/\/pornuestrolaredo.com\/wp-content\/uploads\/2024\/08\/Stereo91-20240827-1-1000x553.jpg",640,354,true],"1536x1536":["https:\/\/pornuestrolaredo.com\/wp-content\/uploads\/2024\/08\/Stereo91-20240827-1.jpg",1180,653,false],"2048x2048":["https:\/\/pornuestrolaredo.com\/wp-content\/uploads\/2024\/08\/Stereo91-20240827-1.jpg",1180,653,false],"morenews-large":["https:\/\/pornuestrolaredo.com\/wp-content\/uploads\/2024\/08\/Stereo91-20240827-1.jpg",825,457,false],"morenews-medium":["https:\/\/pornuestrolaredo.com\/wp-content\/uploads\/2024\/08\/Stereo91-20240827-1.jpg",590,327,false]},"author_info":{"info":["Redactor"]},"category_info":"<a href=\"https:\/\/pornuestrolaredo.com\/?cat=9\" rel=\"category\">El Mundo<\/a>","tag_info":"El Mundo","comment_count":"0","jetpack_featured_media_url":"https:\/\/pornuestrolaredo.com\/wp-content\/uploads\/2024\/08\/Stereo91-20240827-1.jpg","jetpack_sharing_enabled":true,"_links":{"self":[{"href":"https:\/\/pornuestrolaredo.com\/index.php?rest_route=\/wp\/v2\/posts\/4863","targetHints":{"allow":["GET"]}}],"collection":[{"href":"https:\/\/pornuestrolaredo.com\/index.php?rest_route=\/wp\/v2\/posts"}],"about":[{"href":"https:\/\/pornuestrolaredo.com\/index.php?rest_route=\/wp\/v2\/types\/post"}],"author":[{"embeddable":true,"href":"https:\/\/pornuestrolaredo.com\/index.php?rest_route=\/wp\/v2\/users\/1"}],"replies":[{"embeddable":true,"href":"https:\/\/pornuestrolaredo.com\/index.php?rest_route=%2Fwp%2Fv2%2Fcomments&post=4863"}],"version-history":[{"count":1,"href":"https:\/\/pornuestrolaredo.com\/index.php?rest_route=\/wp\/v2\/posts\/4863\/revisions"}],"predecessor-version":[{"id":4865,"href":"https:\/\/pornuestrolaredo.com\/index.php?rest_route=\/wp\/v2\/posts\/4863\/revisions\/4865"}],"wp:featuredmedia":[{"embeddable":true,"href":"https:\/\/pornuestrolaredo.com\/index.php?rest_route=\/wp\/v2\/media\/4864"}],"wp:attachment":[{"href":"https:\/\/pornuestrolaredo.com\/index.php?rest_route=%2Fwp%2Fv2%2Fmedia&parent=4863"}],"wp:term":[{"taxonomy":"category","embeddable":true,"href":"https:\/\/pornuestrolaredo.com\/index.php?rest_route=%2Fwp%2Fv2%2Fcategories&post=4863"},{"taxonomy":"post_tag","embeddable":true,"href":"https:\/\/pornuestrolaredo.com\/index.php?rest_route=%2Fwp%2Fv2%2Ftags&post=4863"}],"curies":[{"name":"wp","href":"https:\/\/api.w.org\/{rel}","templated":true}]}}