{"id":4875,"date":"2024-08-29T19:55:37","date_gmt":"2024-08-29T19:55:37","guid":{"rendered":"https:\/\/pornuestrolaredo.com\/?p=4875"},"modified":"2024-08-29T19:55:37","modified_gmt":"2024-08-29T19:55:37","slug":"toman-protesta-miembros-del-nuevo-congreso","status":"publish","type":"post","link":"https:\/\/pornuestrolaredo.com\/?p=4875","title":{"rendered":"Toman protesta miembros del nuevo Congreso"},"content":{"rendered":"<p><strong>CIUDAD DE M\u00c9XICO.- <\/strong>Diputados y senadores electos de la 66 Legislatura rindieron protesta este jueves.<\/p>\n<blockquote><p>Diputadas y diputados electos, \u00bfprotestan guardar y hacer guardar la Constituci\u00f3n y las leyes que de ella emanen y desempe\u00f1ar leal y patri\u00f3ticamente el cargo de diputada y diputado que el pueblo les ha conferido, mirando por el bien y prosperidad?&#8221;, dijo Ifigenia Mart\u00ednez, presidenta de la Mesa Directiva.<\/p><\/blockquote>\n<blockquote><p>\u00a1S\u00ed protesto!&#8221;, dijeron los legisladores, quienes aplaudieron y se abrazaron.<\/p><\/blockquote>\n<p>Previamente en la sesi\u00f3n constitutiva, morenistas y panistas intercambiaron gritos, luego que la Secretaria General ley\u00f3 el n\u00famero de diputados de cada bancada.<\/p>\n<blockquote><p>\u00a1Resistencia!&#8221;, lanzaron panistas. &#8220;\u00a1Presidenta!&#8221;, reviraron los morenistas.<\/p><\/blockquote>\n<p>En el Senado, el presidente de la Mesa de Decanos, Manlio Fabio Beltrones, fue quien tom\u00f3 protesta a los legisladores.<\/p>\n<p><strong>MESA DIRECTIVA<\/strong><\/p>\n<p>Para San L\u00e1zaro, la propuesta para la Mesa Directiva qued\u00f3 as\u00ed:<\/p>\n<p>-Presidenta: Ifigenia Mart\u00ednez (Morena)<\/p>\n<p>-Primer vicepresidente: Sergio Guti\u00e9rrez Luna (Morena)<\/p>\n<p>-Segunda vicepresidenta: Kenia L\u00f3pez Rabad\u00e1n (PAN)<\/p>\n<p>-Tercer vicepresidenta: Mar\u00eda del Carmen Pinete Vargas (PVEM)<\/p>\n<p>Secretarios:<\/p>\n<p>-Julieta Villalpando Riquelme (Morena)<\/p>\n<p>-Nayeli Fern\u00e1ndez (PVEM)<\/p>\n<p>-Pedro V\u00e1zquez Gonz\u00e1lez (PT)<\/p>\n<p>-Fuensanta Guerrero (PRI)<\/p>\n<p>-Laura Ballesteros (MC)<\/p>\n<p>-Alan Sahir M\u00e1rquez Becerra (PAN)<\/p>\n","protected":false},"excerpt":{"rendered":"<p>La 66 Legislatura qued\u00f3 constituida en la C\u00e1mara de Diputados y el Senado<\/p>\n","protected":false},"author":1,"featured_media":4876,"comment_status":"closed","ping_status":"closed","sticky":false,"template":"","format":"standard","meta":{"_crdt_document":"","_jetpack_memberships_contains_paid_content":false,"footnotes":"","jetpack_publicize_message":"","jetpack_publicize_feature_enabled":true,"jetpack_social_post_already_shared":true,"jetpack_social_options":{"image_generator_settings":{"template":"highway","default_image_id":0,"font":"","enabled":false},"version":2},"_wpas_customize_per_network":false},"categories":[33],"tags":[],"class_list":["post-4875","post","type-post","status-publish","format-standard","has-post-thumbnail","hentry","category-mexico"],"magazineBlocksPostFeaturedMedia":{"thumbnail":"https:\/\/pornuestrolaredo.com\/wp-content\/uploads\/2024\/08\/Stereo91-20240829-3-150x150.jpg","medium":"https:\/\/pornuestrolaredo.com\/wp-content\/uploads\/2024\/08\/Stereo91-20240829-3-300x169.jpg","medium_large":"https:\/\/pornuestrolaredo.com\/wp-content\/uploads\/2024\/08\/Stereo91-20240829-3-768x432.jpg","large":"https:\/\/pornuestrolaredo.com\/wp-content\/uploads\/2024\/08\/Stereo91-20240829-3.jpg","1536x1536":"https:\/\/pornuestrolaredo.com\/wp-content\/uploads\/2024\/08\/Stereo91-20240829-3.jpg","2048x2048":"https:\/\/pornuestrolaredo.com\/wp-content\/uploads\/2024\/08\/Stereo91-20240829-3.jpg","morenews-large":"https:\/\/pornuestrolaredo.com\/wp-content\/uploads\/2024\/08\/Stereo91-20240829-3.jpg","morenews-medium":"https:\/\/pornuestrolaredo.com\/wp-content\/uploads\/2024\/08\/Stereo91-20240829-3.jpg"},"magazineBlocksPostAuthor":{"name":"Redactor","avatar":"https:\/\/pornuestrolaredo.com\/wp-content\/litespeed\/avatar\/dca1d7ec750c399f025f23b0b314f4cf.jpg?ver=1777612120"},"magazineBlocksPostCommentsNumber":false,"magazineBlocksPostExcerpt":"La 66 Legislatura qued\u00f3 constituida en la C\u00e1mara de Diputados y el Senado","magazineBlocksPostCategories":["Mexico"],"magazineBlocksPostViewCount":145,"magazineBlocksPostReadTime":2,"magazine_blocks_featured_image_url":{"full":["https:\/\/pornuestrolaredo.com\/wp-content\/uploads\/2024\/08\/Stereo91-20240829-3.jpg",850,478,false],"medium":["https:\/\/pornuestrolaredo.com\/wp-content\/uploads\/2024\/08\/Stereo91-20240829-3-300x169.jpg",300,169,true],"thumbnail":["https:\/\/pornuestrolaredo.com\/wp-content\/uploads\/2024\/08\/Stereo91-20240829-3-150x150.jpg",150,150,true]},"magazine_blocks_author":{"display_name":"Redactor","author_link":"https:\/\/pornuestrolaredo.com\/?author=1"},"magazine_blocks_comment":0,"magazine_blocks_author_image":"https:\/\/pornuestrolaredo.com\/wp-content\/litespeed\/avatar\/dca1d7ec750c399f025f23b0b314f4cf.jpg?ver=1777612120","magazine_blocks_category":"<a href=\"#\" class=\"category-link category-link-33\">Mexico<\/a>","jetpack_publicize_connections":[],"featured_image_urls":{"full":["https:\/\/pornuestrolaredo.com\/wp-content\/uploads\/2024\/08\/Stereo91-20240829-3.jpg",850,478,false],"thumbnail":["https:\/\/pornuestrolaredo.com\/wp-content\/uploads\/2024\/08\/Stereo91-20240829-3-150x150.jpg",150,150,true],"medium":["https:\/\/pornuestrolaredo.com\/wp-content\/uploads\/2024\/08\/Stereo91-20240829-3-300x169.jpg",300,169,true],"medium_large":["https:\/\/pornuestrolaredo.com\/wp-content\/uploads\/2024\/08\/Stereo91-20240829-3-768x432.jpg",640,360,true],"large":["https:\/\/pornuestrolaredo.com\/wp-content\/uploads\/2024\/08\/Stereo91-20240829-3.jpg",640,360,false],"1536x1536":["https:\/\/pornuestrolaredo.com\/wp-content\/uploads\/2024\/08\/Stereo91-20240829-3.jpg",850,478,false],"2048x2048":["https:\/\/pornuestrolaredo.com\/wp-content\/uploads\/2024\/08\/Stereo91-20240829-3.jpg",850,478,false],"morenews-large":["https:\/\/pornuestrolaredo.com\/wp-content\/uploads\/2024\/08\/Stereo91-20240829-3.jpg",825,464,false],"morenews-medium":["https:\/\/pornuestrolaredo.com\/wp-content\/uploads\/2024\/08\/Stereo91-20240829-3.jpg",590,332,false]},"author_info":{"info":["Redactor"]},"category_info":"<a href=\"https:\/\/pornuestrolaredo.com\/?cat=33\" rel=\"category\">Mexico<\/a>","tag_info":"Mexico","comment_count":"0","jetpack_featured_media_url":"https:\/\/pornuestrolaredo.com\/wp-content\/uploads\/2024\/08\/Stereo91-20240829-3.jpg","jetpack_sharing_enabled":true,"_links":{"self":[{"href":"https:\/\/pornuestrolaredo.com\/index.php?rest_route=\/wp\/v2\/posts\/4875","targetHints":{"allow":["GET"]}}],"collection":[{"href":"https:\/\/pornuestrolaredo.com\/index.php?rest_route=\/wp\/v2\/posts"}],"about":[{"href":"https:\/\/pornuestrolaredo.com\/index.php?rest_route=\/wp\/v2\/types\/post"}],"author":[{"embeddable":true,"href":"https:\/\/pornuestrolaredo.com\/index.php?rest_route=\/wp\/v2\/users\/1"}],"replies":[{"embeddable":true,"href":"https:\/\/pornuestrolaredo.com\/index.php?rest_route=%2Fwp%2Fv2%2Fcomments&post=4875"}],"version-history":[{"count":1,"href":"https:\/\/pornuestrolaredo.com\/index.php?rest_route=\/wp\/v2\/posts\/4875\/revisions"}],"predecessor-version":[{"id":4877,"href":"https:\/\/pornuestrolaredo.com\/index.php?rest_route=\/wp\/v2\/posts\/4875\/revisions\/4877"}],"wp:featuredmedia":[{"embeddable":true,"href":"https:\/\/pornuestrolaredo.com\/index.php?rest_route=\/wp\/v2\/media\/4876"}],"wp:attachment":[{"href":"https:\/\/pornuestrolaredo.com\/index.php?rest_route=%2Fwp%2Fv2%2Fmedia&parent=4875"}],"wp:term":[{"taxonomy":"category","embeddable":true,"href":"https:\/\/pornuestrolaredo.com\/index.php?rest_route=%2Fwp%2Fv2%2Fcategories&post=4875"},{"taxonomy":"post_tag","embeddable":true,"href":"https:\/\/pornuestrolaredo.com\/index.php?rest_route=%2Fwp%2Fv2%2Ftags&post=4875"}],"curies":[{"name":"wp","href":"https:\/\/api.w.org\/{rel}","templated":true}]}}