{"id":4878,"date":"2024-08-29T20:08:31","date_gmt":"2024-08-29T20:08:31","guid":{"rendered":"https:\/\/pornuestrolaredo.com\/?p=4878"},"modified":"2024-08-29T20:08:31","modified_gmt":"2024-08-29T20:08:31","slug":"todo-listo-para-el-medio-maraton-binacional-de-los-laredos","status":"publish","type":"post","link":"https:\/\/pornuestrolaredo.com\/?p=4878","title":{"rendered":"Todo listo para el Medio Marat\u00f3n Binacional de los Laredos"},"content":{"rendered":"<p><strong><em>NUEVO LAREDO.-<\/em><\/strong> Ya est\u00e1 todo listo para la segunda edici\u00f3n del Medio Marat\u00f3n Binacional, que se realizar\u00e1 el 22 de septiembre.<\/p>\n<p>Los atletas de los dos Laredos y la regi\u00f3n ya est\u00e1n siendo invitados a este evento que se realiza con la finalidad de fomentar el turismo deportivo y proyectar a ambos Laredos a nivel internacional.<\/p>\n<p>La convocatoria fue lanzada por el Gobierno Municipal a trav\u00e9s de la Direcci\u00f3n de Turismo.<\/p>\n<p>La tambi\u00e9n llamada \u201cGran carrera de la Frontera\u201d, que se realiza en  coordinaci\u00f3n  con las autoridades de Laredo, Texas , se llevar\u00e1 a cabo el pr\u00f3ximo 22 de septiembre iniciando en la Plaza Jarvis de la vecina ciudad, para concluir en la Explanada de la Independencia de Nuevo Laredo.<\/p>\n<blockquote><p>Invitamos a todos los deportistas a inscribirse y participar  en  este Marat\u00f3n Binacional.  Se trata de tener una actividad que vincule a estas dos ciudades y  proyecte el turismo deportivo tal y como nos lo ha indicado nuestra presidenta Carmen Lilia Canturosas\u201d, se\u00f1al\u00f3 Marcos Rodr\u00edguez Leija, director de Turismo municipal.<\/p><\/blockquote>\n<p>La ruta de los 22 kil\u00f3metros abarca las principales arterias de ambos Laredos, como la Convento, 15 de Junio, C\u00e9sar L\u00f3pez de Lara,  Reforma, Paseo Col\u00f3n, Ru\u00edz Cort\u00ednes, para concluir en la Explanada de la  Independencia donde se ha programado  programa art\u00edstico y cultural.<\/p>\n<p>Durante el recorrido de alrededor de 3 horas de duraci\u00f3n, los aproximadamente  800 atletas que se esperan participen, contar\u00e1n  con el apoyo y seguridad de elementos de diversas corporaciones como Protecci\u00f3n Civil, Tr\u00e1nsito y voluntarios; adem\u00e1s habr\u00e1 puntos estrat\u00e9gicos de hidrataci\u00f3n.  <\/p>\n<p>Aparte de los premios en efectivo para los ganadores en las diversas categor\u00edas y  que van de 10 mil pesos para el triunfador absoluto, un atractivo adicional es que a partir de la pr\u00f3xima  edici\u00f3n de esta carrera, contar\u00e1 con certificaci\u00f3n oficial para participar en el mundialmente reconocido Marat\u00f3n de Boston.<\/p>\n<p>Adem\u00e1s, las personas que no cuenten con visa para cruzar al lado americano, se le  buscar\u00e1 un  permiso de migraci\u00f3n especial para que puedan hacerlo.<\/p>\n<p>Los interesados en  inscribirse pueden solicitar m\u00e1s informaci\u00f3n a los tel\u00e9fonos 867- 713-07020 \u00f3 867- 713-7021, tambi\u00e9n en la p\u00e1gina nld.gob.mx, siendo el costo de 150 pesos y recibir\u00e1n un kit conmemorativo a la carrera.<\/p>\n","protected":false},"excerpt":{"rendered":"<p>El evento se realizar\u00e1 el 22 de septiembre e iniciar\u00e1 en la Plaza Jarvis de Laredo, para terminar en la la Explanada de la Independencia de Nuevo Laredo<\/p>\n","protected":false},"author":1,"featured_media":4879,"comment_status":"closed","ping_status":"closed","sticky":false,"template":"","format":"standard","meta":{"_crdt_document":"","_jetpack_memberships_contains_paid_content":false,"footnotes":"","jetpack_publicize_message":"","jetpack_publicize_feature_enabled":true,"jetpack_social_post_already_shared":true,"jetpack_social_options":{"image_generator_settings":{"template":"highway","default_image_id":0,"font":"","enabled":false},"version":2},"_wpas_customize_per_network":false},"categories":[5],"tags":[],"class_list":["post-4878","post","type-post","status-publish","format-standard","has-post-thumbnail","hentry","category-dos-laredos"],"magazineBlocksPostFeaturedMedia":{"thumbnail":"https:\/\/pornuestrolaredo.com\/wp-content\/uploads\/2024\/08\/Stereo91-20240829-4-150x150.jpg","medium":"https:\/\/pornuestrolaredo.com\/wp-content\/uploads\/2024\/08\/Stereo91-20240829-4-300x172.jpg","medium_large":"https:\/\/pornuestrolaredo.com\/wp-content\/uploads\/2024\/08\/Stereo91-20240829-4-768x440.jpg","large":"https:\/\/pornuestrolaredo.com\/wp-content\/uploads\/2024\/08\/Stereo91-20240829-4.jpg","1536x1536":"https:\/\/pornuestrolaredo.com\/wp-content\/uploads\/2024\/08\/Stereo91-20240829-4.jpg","2048x2048":"https:\/\/pornuestrolaredo.com\/wp-content\/uploads\/2024\/08\/Stereo91-20240829-4.jpg","morenews-large":"https:\/\/pornuestrolaredo.com\/wp-content\/uploads\/2024\/08\/Stereo91-20240829-4.jpg","morenews-medium":"https:\/\/pornuestrolaredo.com\/wp-content\/uploads\/2024\/08\/Stereo91-20240829-4.jpg"},"magazineBlocksPostAuthor":{"name":"Redactor","avatar":"https:\/\/pornuestrolaredo.com\/wp-content\/litespeed\/avatar\/dca1d7ec750c399f025f23b0b314f4cf.jpg?ver=1777612120"},"magazineBlocksPostCommentsNumber":false,"magazineBlocksPostExcerpt":"El evento se realizar\u00e1 el 22 de septiembre e iniciar\u00e1 en la Plaza Jarvis de Laredo, para terminar en la la Explanada de la Independencia de Nuevo Laredo","magazineBlocksPostCategories":["Dos Laredos"],"magazineBlocksPostViewCount":133,"magazineBlocksPostReadTime":2,"magazine_blocks_featured_image_url":{"full":["https:\/\/pornuestrolaredo.com\/wp-content\/uploads\/2024\/08\/Stereo91-20240829-4.jpg",850,487,false],"medium":["https:\/\/pornuestrolaredo.com\/wp-content\/uploads\/2024\/08\/Stereo91-20240829-4-300x172.jpg",300,172,true],"thumbnail":["https:\/\/pornuestrolaredo.com\/wp-content\/uploads\/2024\/08\/Stereo91-20240829-4-150x150.jpg",150,150,true]},"magazine_blocks_author":{"display_name":"Redactor","author_link":"https:\/\/pornuestrolaredo.com\/?author=1"},"magazine_blocks_comment":0,"magazine_blocks_author_image":"https:\/\/pornuestrolaredo.com\/wp-content\/litespeed\/avatar\/dca1d7ec750c399f025f23b0b314f4cf.jpg?ver=1777612120","magazine_blocks_category":"<a href=\"#\" class=\"category-link category-link-5\">Dos Laredos<\/a>","jetpack_publicize_connections":[],"featured_image_urls":{"full":["https:\/\/pornuestrolaredo.com\/wp-content\/uploads\/2024\/08\/Stereo91-20240829-4.jpg",850,487,false],"thumbnail":["https:\/\/pornuestrolaredo.com\/wp-content\/uploads\/2024\/08\/Stereo91-20240829-4-150x150.jpg",150,150,true],"medium":["https:\/\/pornuestrolaredo.com\/wp-content\/uploads\/2024\/08\/Stereo91-20240829-4-300x172.jpg",300,172,true],"medium_large":["https:\/\/pornuestrolaredo.com\/wp-content\/uploads\/2024\/08\/Stereo91-20240829-4-768x440.jpg",640,367,true],"large":["https:\/\/pornuestrolaredo.com\/wp-content\/uploads\/2024\/08\/Stereo91-20240829-4.jpg",640,367,false],"1536x1536":["https:\/\/pornuestrolaredo.com\/wp-content\/uploads\/2024\/08\/Stereo91-20240829-4.jpg",850,487,false],"2048x2048":["https:\/\/pornuestrolaredo.com\/wp-content\/uploads\/2024\/08\/Stereo91-20240829-4.jpg",850,487,false],"morenews-large":["https:\/\/pornuestrolaredo.com\/wp-content\/uploads\/2024\/08\/Stereo91-20240829-4.jpg",825,473,false],"morenews-medium":["https:\/\/pornuestrolaredo.com\/wp-content\/uploads\/2024\/08\/Stereo91-20240829-4.jpg",590,338,false]},"author_info":{"info":["Redactor"]},"category_info":"<a href=\"https:\/\/pornuestrolaredo.com\/?cat=5\" rel=\"category\">Dos Laredos<\/a>","tag_info":"Dos Laredos","comment_count":"0","jetpack_featured_media_url":"https:\/\/pornuestrolaredo.com\/wp-content\/uploads\/2024\/08\/Stereo91-20240829-4.jpg","jetpack_sharing_enabled":true,"_links":{"self":[{"href":"https:\/\/pornuestrolaredo.com\/index.php?rest_route=\/wp\/v2\/posts\/4878","targetHints":{"allow":["GET"]}}],"collection":[{"href":"https:\/\/pornuestrolaredo.com\/index.php?rest_route=\/wp\/v2\/posts"}],"about":[{"href":"https:\/\/pornuestrolaredo.com\/index.php?rest_route=\/wp\/v2\/types\/post"}],"author":[{"embeddable":true,"href":"https:\/\/pornuestrolaredo.com\/index.php?rest_route=\/wp\/v2\/users\/1"}],"replies":[{"embeddable":true,"href":"https:\/\/pornuestrolaredo.com\/index.php?rest_route=%2Fwp%2Fv2%2Fcomments&post=4878"}],"version-history":[{"count":1,"href":"https:\/\/pornuestrolaredo.com\/index.php?rest_route=\/wp\/v2\/posts\/4878\/revisions"}],"predecessor-version":[{"id":4880,"href":"https:\/\/pornuestrolaredo.com\/index.php?rest_route=\/wp\/v2\/posts\/4878\/revisions\/4880"}],"wp:featuredmedia":[{"embeddable":true,"href":"https:\/\/pornuestrolaredo.com\/index.php?rest_route=\/wp\/v2\/media\/4879"}],"wp:attachment":[{"href":"https:\/\/pornuestrolaredo.com\/index.php?rest_route=%2Fwp%2Fv2%2Fmedia&parent=4878"}],"wp:term":[{"taxonomy":"category","embeddable":true,"href":"https:\/\/pornuestrolaredo.com\/index.php?rest_route=%2Fwp%2Fv2%2Fcategories&post=4878"},{"taxonomy":"post_tag","embeddable":true,"href":"https:\/\/pornuestrolaredo.com\/index.php?rest_route=%2Fwp%2Fv2%2Ftags&post=4878"}],"curies":[{"name":"wp","href":"https:\/\/api.w.org\/{rel}","templated":true}]}}