{"id":488,"date":"2022-10-05T05:48:18","date_gmt":"2022-10-05T05:48:18","guid":{"rendered":"https:\/\/pornuestrolaredo.com\/?p=488"},"modified":"2022-10-05T05:48:18","modified_gmt":"2022-10-05T05:48:18","slug":"aprueba-senado-militarizar-la-seguridad%ef%bf%bc","status":"publish","type":"post","link":"https:\/\/pornuestrolaredo.com\/?p=488","title":{"rendered":"Aprueba Senado militarizar la seguridad\ufffc"},"content":{"rendered":"\n<p class=\"wp-block-paragraph\"><strong><em>CIUDAD DE M\u00c9XICO.-<\/em><\/strong> Morena y aliados, con nueve votos del PRI y dos del PRD, avalaron esta noche la militarizaci\u00f3n de la seguridad p\u00fablica hasta 2028. La pol\u00e9mica iniciativa fue avalada con 87 votos en favor y 40 en contra<\/p>\n\n\n\n<p class=\"wp-block-paragraph\">El coordinador de la bancada priista, Miguel \u00c1ngel Osorio Chong, vot\u00f3 en contra. Claudia Ruiz Massieu y Beatriz Paredes Rangel, tambi\u00e9n. Por el sol azteca, votaron en favor Miguel \u00c1ngel Mancera y Antonio Garc\u00eda Conejo.<\/p>\n\n\n\n<p class=\"wp-block-paragraph\">De \u00faltimo momento, Morena lanz\u00f3 una adenda con ajustes que la Oposici\u00f3n hab\u00eda reclamado y en cuya redacci\u00f3n participaron legisladores del PRI. Entre otros, un fondo permanente de apoyo para dar sustento al fortalecimiento de las polic\u00edas locales que podr\u00e1 ser usado en 2023 y no hasta 2024, como se hab\u00eda propuesto en el dictamen original.<\/p>\n\n\n\n<p class=\"wp-block-paragraph\">Adem\u00e1s, el Ejecutivo deber\u00e1 presentar un informe semestral con indicadores para evaluar sus resultados. Se determin\u00f3 integrar una comisi\u00f3n bicameral que podr\u00e1 convocar a los titulares de Gobernaci\u00f3n, Defensa, Seguridad P\u00fablica y Marina.<\/p>\n\n\n\n<p class=\"wp-block-paragraph\">Con insultos y ofensas de por medio, el debate se caracteriz\u00f3 por su rudeza. La panista Lilly T\u00e9llez enardeci\u00f3 a las morenistas despu\u00e9s de advertir que votar\u00edan &#8220;no como perros por sus croquetas, sino como &#8220;hienas a la espera de las sobras apestosas que les aviente el Presidente&#8221;.<\/p>\n\n\n\n<p class=\"wp-block-paragraph\">La morenista Luc\u00eda Trasvi\u00f1a dej\u00f3 su esca\u00f1o para encarar a la panista en tribuna. &#8220;\u00a1Yo no soy hiena! \u00a1Resp\u00e9teme!&#8221;, le exigi\u00f3 cara a cara.<\/p>\n\n\n\n<blockquote class=\"wp-block-quote is-layout-flow wp-block-quote-is-layout-flow\"><p>Eres una corrupta&#8221;, revir\u00f3 Lilly T\u00e9llez en una escena in\u00e9dita en el recinto parlamentario. Fue necesario que la senadora y secretaria general de Morena, Citlalli Hern\u00e1ndez, se acercara para retirar a Trasvi\u00f1a.<\/p><\/blockquote>\n\n\n\n<p class=\"wp-block-paragraph\">La morenista Roc\u00edo Abreu tambi\u00e9n carg\u00f3 contra la panista, a la que acus\u00f3 de ser &#8220;una mujer de ligerezas&#8221;.<\/p>\n\n\n\n<p class=\"wp-block-paragraph\">La priista Claudia Ruiz Massieu sustent\u00f3 su voto en contra con un discurso que fue reconocido por muchos en el pleno. A punto del llanto, la exlideresa tricolor evoc\u00f3 a su padre, Jos\u00e9 Francisco Ruiz Massieu, asesinado a unas cuantas cuadras de la sede parlamentaria en septiembre de 94, para fundamentar su sufragio.<\/p>\n\n\n\n<blockquote class=\"wp-block-quote is-layout-flow wp-block-quote-is-layout-flow\"><p>S\u00e9 que soy parte de una voz minoritaria en este recinto, incluso dentro de mi propia bancada, pero pese a todo sigo creyendo que la raz\u00f3n y la congruencia son m\u00e1s potentes y dignas que la concertaci\u00f3n&#8221;, articul\u00f3.<\/p><\/blockquote>\n\n\n\n<p class=\"wp-block-paragraph\">Protag\u00f3nico, el morenista F\u00e9lix Salgado Macedonio atribuy\u00f3 el asesinato del exGobernador guerrerense a un &#8220;crimen de estado&#8221; orquestado por Carlos Salinas de Gortari. <\/p>\n\n\n\n<p class=\"wp-block-paragraph\">En tribuna, el senador panista Julen Rementer\u00eda del Puerto afirm\u00f3 que hubo votos que se desprendieron &#8220;de amenazas, presiones, cooptaciones y ofrecimientos de toda \u00edndole, desde lo pol\u00edtico hasta lo econ\u00f3mico. El Gobierno ofreciendo dinero a cambio de votos, con ofrecimientos indignos&#8221;.<\/p>\n","protected":false},"excerpt":{"rendered":"<p>CIUDAD DE M\u00c9XICO.- Morena y aliados, con nueve votos del PRI y dos del PRD, avalaron esta noche<\/p>\n","protected":false},"author":1,"featured_media":489,"comment_status":"open","ping_status":"open","sticky":false,"template":"","format":"standard","meta":{"_crdt_document":"","_jetpack_memberships_contains_paid_content":false,"footnotes":"","jetpack_publicize_message":"Hace algunos cambios a la propuesta que enviaron los diputados y ahora va de regreso a la C\u00e1mara Baja","jetpack_publicize_feature_enabled":true,"jetpack_social_post_already_shared":true,"jetpack_social_options":{"image_generator_settings":{"template":"highway","default_image_id":0,"font":"","enabled":false},"version":2},"_wpas_customize_per_network":false},"categories":[9],"tags":[],"class_list":["post-488","post","type-post","status-publish","format-standard","has-post-thumbnail","hentry","category-el-mundo"],"magazineBlocksPostFeaturedMedia":{"thumbnail":"https:\/\/pornuestrolaredo.com\/wp-content\/uploads\/2022\/10\/Stereo91-20221004-5-150x150.jpeg","medium":"https:\/\/pornuestrolaredo.com\/wp-content\/uploads\/2022\/10\/Stereo91-20221004-5-300x200.jpeg","medium_large":"https:\/\/pornuestrolaredo.com\/wp-content\/uploads\/2022\/10\/Stereo91-20221004-5-768x512.jpeg","large":"https:\/\/pornuestrolaredo.com\/wp-content\/uploads\/2022\/10\/Stereo91-20221004-5.jpeg","1536x1536":"https:\/\/pornuestrolaredo.com\/wp-content\/uploads\/2022\/10\/Stereo91-20221004-5.jpeg","2048x2048":"https:\/\/pornuestrolaredo.com\/wp-content\/uploads\/2022\/10\/Stereo91-20221004-5.jpeg","morenews-large":"https:\/\/pornuestrolaredo.com\/wp-content\/uploads\/2022\/10\/Stereo91-20221004-5.jpeg","morenews-medium":"https:\/\/pornuestrolaredo.com\/wp-content\/uploads\/2022\/10\/Stereo91-20221004-5.jpeg"},"magazineBlocksPostAuthor":{"name":"Redactor","avatar":"https:\/\/pornuestrolaredo.com\/wp-content\/litespeed\/avatar\/dca1d7ec750c399f025f23b0b314f4cf.jpg?ver=1777007253"},"magazineBlocksPostCommentsNumber":false,"magazineBlocksPostExcerpt":"CIUDAD DE M\u00c9XICO.- Morena y aliados, con nueve votos del PRI y dos del PRD, avalaron esta noche","magazineBlocksPostCategories":["El Mundo"],"magazineBlocksPostViewCount":126,"magazineBlocksPostReadTime":3,"magazine_blocks_featured_image_url":{"full":["https:\/\/pornuestrolaredo.com\/wp-content\/uploads\/2022\/10\/Stereo91-20221004-5.jpeg",960,640,false],"medium":["https:\/\/pornuestrolaredo.com\/wp-content\/uploads\/2022\/10\/Stereo91-20221004-5-300x200.jpeg",300,200,true],"thumbnail":["https:\/\/pornuestrolaredo.com\/wp-content\/uploads\/2022\/10\/Stereo91-20221004-5-150x150.jpeg",150,150,true]},"magazine_blocks_author":{"display_name":"Redactor","author_link":"https:\/\/pornuestrolaredo.com\/?author=1"},"magazine_blocks_comment":0,"magazine_blocks_author_image":"https:\/\/pornuestrolaredo.com\/wp-content\/litespeed\/avatar\/dca1d7ec750c399f025f23b0b314f4cf.jpg?ver=1777007253","magazine_blocks_category":"<a href=\"#\" class=\"category-link category-link-9\">El Mundo<\/a>","jetpack_publicize_connections":[],"featured_image_urls":{"full":["https:\/\/pornuestrolaredo.com\/wp-content\/uploads\/2022\/10\/Stereo91-20221004-5.jpeg",960,640,false],"thumbnail":["https:\/\/pornuestrolaredo.com\/wp-content\/uploads\/2022\/10\/Stereo91-20221004-5-150x150.jpeg",150,150,true],"medium":["https:\/\/pornuestrolaredo.com\/wp-content\/uploads\/2022\/10\/Stereo91-20221004-5-300x200.jpeg",300,200,true],"medium_large":["https:\/\/pornuestrolaredo.com\/wp-content\/uploads\/2022\/10\/Stereo91-20221004-5-768x512.jpeg",640,427,true],"large":["https:\/\/pornuestrolaredo.com\/wp-content\/uploads\/2022\/10\/Stereo91-20221004-5.jpeg",640,427,false],"1536x1536":["https:\/\/pornuestrolaredo.com\/wp-content\/uploads\/2022\/10\/Stereo91-20221004-5.jpeg",960,640,false],"2048x2048":["https:\/\/pornuestrolaredo.com\/wp-content\/uploads\/2022\/10\/Stereo91-20221004-5.jpeg",960,640,false],"morenews-large":["https:\/\/pornuestrolaredo.com\/wp-content\/uploads\/2022\/10\/Stereo91-20221004-5.jpeg",825,550,false],"morenews-medium":["https:\/\/pornuestrolaredo.com\/wp-content\/uploads\/2022\/10\/Stereo91-20221004-5.jpeg",590,393,false]},"author_info":{"info":["Redactor"]},"category_info":"<a href=\"https:\/\/pornuestrolaredo.com\/?cat=9\" rel=\"category\">El Mundo<\/a>","tag_info":"El Mundo","comment_count":"0","jetpack_featured_media_url":"https:\/\/pornuestrolaredo.com\/wp-content\/uploads\/2022\/10\/Stereo91-20221004-5.jpeg","jetpack_sharing_enabled":true,"_links":{"self":[{"href":"https:\/\/pornuestrolaredo.com\/index.php?rest_route=\/wp\/v2\/posts\/488","targetHints":{"allow":["GET"]}}],"collection":[{"href":"https:\/\/pornuestrolaredo.com\/index.php?rest_route=\/wp\/v2\/posts"}],"about":[{"href":"https:\/\/pornuestrolaredo.com\/index.php?rest_route=\/wp\/v2\/types\/post"}],"author":[{"embeddable":true,"href":"https:\/\/pornuestrolaredo.com\/index.php?rest_route=\/wp\/v2\/users\/1"}],"replies":[{"embeddable":true,"href":"https:\/\/pornuestrolaredo.com\/index.php?rest_route=%2Fwp%2Fv2%2Fcomments&post=488"}],"version-history":[{"count":1,"href":"https:\/\/pornuestrolaredo.com\/index.php?rest_route=\/wp\/v2\/posts\/488\/revisions"}],"predecessor-version":[{"id":490,"href":"https:\/\/pornuestrolaredo.com\/index.php?rest_route=\/wp\/v2\/posts\/488\/revisions\/490"}],"wp:featuredmedia":[{"embeddable":true,"href":"https:\/\/pornuestrolaredo.com\/index.php?rest_route=\/wp\/v2\/media\/489"}],"wp:attachment":[{"href":"https:\/\/pornuestrolaredo.com\/index.php?rest_route=%2Fwp%2Fv2%2Fmedia&parent=488"}],"wp:term":[{"taxonomy":"category","embeddable":true,"href":"https:\/\/pornuestrolaredo.com\/index.php?rest_route=%2Fwp%2Fv2%2Fcategories&post=488"},{"taxonomy":"post_tag","embeddable":true,"href":"https:\/\/pornuestrolaredo.com\/index.php?rest_route=%2Fwp%2Fv2%2Ftags&post=488"}],"curies":[{"name":"wp","href":"https:\/\/api.w.org\/{rel}","templated":true}]}}