{"id":4881,"date":"2024-08-30T05:10:52","date_gmt":"2024-08-30T05:10:52","guid":{"rendered":"https:\/\/pornuestrolaredo.com\/?p=4881"},"modified":"2024-08-30T05:10:52","modified_gmt":"2024-08-30T05:10:52","slug":"detecto-cia-plan-para-atentados-en-conciertos-de-taylor-swift","status":"publish","type":"post","link":"https:\/\/pornuestrolaredo.com\/?p=4881","title":{"rendered":"Detect\u00f3 CIA plan para atentados en conciertos de Taylor Swift"},"content":{"rendered":"<p><strong><em>VIENA.-<\/em> <\/strong>La CIA (Agencia Central de Inteligencia) colabor\u00f3  para ayudar a frustrar el atentado terrorista que planeaban tres sospechosos en contra de miles de fan\u00e1ticos de Taylor Swift durante los conciertos previstos en Viena.<\/p>\n<p>La CIA notific\u00f3 a las autoridades austriacas sobre el plan, que supuestamente inclu\u00eda v\u00ednculos con el grupo Estado Isl\u00e1mico. La inteligencia y los arrestos posteriores finalmente llevaron a la cancelaci\u00f3n de tres shows del The Eras Tour.<\/p>\n<p>El subdirector de la CIA, David Cohen, abord\u00f3 el fallido complot durante la Cumbre Anual de Inteligencia y Seguridad Nacional, celebrada esta semana en Maryland.<\/p>\n<blockquote><p>Estaban conspirando para matar a un gran n\u00famero, decenas de miles de personas, en este concierto, incluidos, estoy seguro, muchos estadounidenses, y estaban bastante avanzados en esto&#8221;, dijo Cohen.<\/p><\/blockquote>\n<blockquote><p>Los austriacos pudieron realizar esos arrestos porque la agencia y nuestros socios en la comunidad de inteligencia les proporcionaron informaci\u00f3n sobre lo que este grupo conectado con ISIS planeaba hacer&#8221;.<\/p><\/blockquote>\n<p>Las autoridades austriacas dijeron que el principal sospechoso, un hombre austriaco de 19 a\u00f1os, se inspir\u00f3 en el grupo Estado Isl\u00e1mico. Presuntamente, planeaba atacar fuera del estadio con cuchillos o explosivos caseros, donde se esperaba que se reunieran m\u00e1s de 30 mil aficionados. Era probable que otros 65 mil fans estuvieran dentro del recinto. Los investigadores descubrieron sustancias qu\u00edmicas y dispositivos t\u00e9cnicos durante un allanamiento en la casa del sospechoso.<\/p>\n<p>El ministro del Interior de Austria, Gerhard Karner, dijo anteriormente que se necesitaba ayuda de otras agencias de inteligencia porque los investigadores austriacos, a diferencia de algunos servicios extranjeros, no pueden monitorear legalmente mensajes de texto.<\/p>\n<p>El abogado del joven de 19 a\u00f1os ha dicho que las acusaciones se estaban &#8220;sobreactuando en su m\u00e1xima expresi\u00f3n&#8221; y sostuvo que las autoridades austriacas estaban &#8220;presentando esto exageradamente&#8221; para obtener nuevos poderes de vigilancia.<\/p>\n<p>El principal sospechoso y un joven de 17 a\u00f1os fueron detenidos el 6 de agosto, un d\u00eda antes de que se anunciaran las cancelaciones. Un tercer sospechoso, de 18 a\u00f1os, fue arrestado el 8 de agosto. Sus nombres no han sido revelados de acuerdo con las normas de privacidad austriacas.<\/p>\n<p>Cohen elogi\u00f3 el trabajo de la CIA para prevenir la violencia planeada, diciendo que otros &#8220;\u00e9xitos&#8221; antiterroristas que frustran complots generalmente pasan desapercibidos.<\/p>\n<blockquote><p>Puedo decirles que, dentro de mi agencia, y estoy seguro de que en otras, hubo personas que pensaron que fue un d\u00eda realmente bueno para Langley. Y no s\u00f3lo los swifties de mi equipo de trabajo&#8221;, dijo, refiri\u00e9ndose a la sede de la CIA.<\/p><\/blockquote>\n","protected":false},"excerpt":{"rendered":"<p>Subdirector informa que se planeaba matar \u2018a un gran n\u00famero, decenas de miles de personas, en este concierto\u2019<\/p>\n","protected":false},"author":1,"featured_media":4882,"comment_status":"closed","ping_status":"closed","sticky":false,"template":"","format":"standard","meta":{"_crdt_document":"","_jetpack_memberships_contains_paid_content":false,"footnotes":"","jetpack_publicize_message":"","jetpack_publicize_feature_enabled":true,"jetpack_social_post_already_shared":true,"jetpack_social_options":{"image_generator_settings":{"template":"highway","default_image_id":0,"font":"","enabled":false},"version":2},"_wpas_customize_per_network":false},"categories":[34],"tags":[],"class_list":["post-4881","post","type-post","status-publish","format-standard","has-post-thumbnail","hentry","category-farandula"],"magazineBlocksPostFeaturedMedia":{"thumbnail":"https:\/\/pornuestrolaredo.com\/wp-content\/uploads\/2024\/08\/Stereo91-20240829-5-150x150.jpg","medium":"https:\/\/pornuestrolaredo.com\/wp-content\/uploads\/2024\/08\/Stereo91-20240829-5-300x165.jpg","medium_large":"https:\/\/pornuestrolaredo.com\/wp-content\/uploads\/2024\/08\/Stereo91-20240829-5-768x422.jpg","large":"https:\/\/pornuestrolaredo.com\/wp-content\/uploads\/2024\/08\/Stereo91-20240829-5.jpg","1536x1536":"https:\/\/pornuestrolaredo.com\/wp-content\/uploads\/2024\/08\/Stereo91-20240829-5.jpg","2048x2048":"https:\/\/pornuestrolaredo.com\/wp-content\/uploads\/2024\/08\/Stereo91-20240829-5.jpg","morenews-large":"https:\/\/pornuestrolaredo.com\/wp-content\/uploads\/2024\/08\/Stereo91-20240829-5.jpg","morenews-medium":"https:\/\/pornuestrolaredo.com\/wp-content\/uploads\/2024\/08\/Stereo91-20240829-5.jpg"},"magazineBlocksPostAuthor":{"name":"Redactor","avatar":"https:\/\/pornuestrolaredo.com\/wp-content\/litespeed\/avatar\/dca1d7ec750c399f025f23b0b314f4cf.jpg?ver=1777612120"},"magazineBlocksPostCommentsNumber":false,"magazineBlocksPostExcerpt":"Subdirector informa que se planeaba matar \u2018a un gran n\u00famero, decenas de miles de personas, en este concierto\u2019","magazineBlocksPostCategories":["Far\u00e1ndula"],"magazineBlocksPostViewCount":128,"magazineBlocksPostReadTime":3,"magazine_blocks_featured_image_url":{"full":["https:\/\/pornuestrolaredo.com\/wp-content\/uploads\/2024\/08\/Stereo91-20240829-5.jpg",850,467,false],"medium":["https:\/\/pornuestrolaredo.com\/wp-content\/uploads\/2024\/08\/Stereo91-20240829-5-300x165.jpg",300,165,true],"thumbnail":["https:\/\/pornuestrolaredo.com\/wp-content\/uploads\/2024\/08\/Stereo91-20240829-5-150x150.jpg",150,150,true]},"magazine_blocks_author":{"display_name":"Redactor","author_link":"https:\/\/pornuestrolaredo.com\/?author=1"},"magazine_blocks_comment":0,"magazine_blocks_author_image":"https:\/\/pornuestrolaredo.com\/wp-content\/litespeed\/avatar\/dca1d7ec750c399f025f23b0b314f4cf.jpg?ver=1777612120","magazine_blocks_category":"<a href=\"#\" class=\"category-link category-link-34\">Far\u00e1ndula<\/a>","jetpack_publicize_connections":[],"featured_image_urls":{"full":["https:\/\/pornuestrolaredo.com\/wp-content\/uploads\/2024\/08\/Stereo91-20240829-5.jpg",850,467,false],"thumbnail":["https:\/\/pornuestrolaredo.com\/wp-content\/uploads\/2024\/08\/Stereo91-20240829-5-150x150.jpg",150,150,true],"medium":["https:\/\/pornuestrolaredo.com\/wp-content\/uploads\/2024\/08\/Stereo91-20240829-5-300x165.jpg",300,165,true],"medium_large":["https:\/\/pornuestrolaredo.com\/wp-content\/uploads\/2024\/08\/Stereo91-20240829-5-768x422.jpg",640,352,true],"large":["https:\/\/pornuestrolaredo.com\/wp-content\/uploads\/2024\/08\/Stereo91-20240829-5.jpg",640,352,false],"1536x1536":["https:\/\/pornuestrolaredo.com\/wp-content\/uploads\/2024\/08\/Stereo91-20240829-5.jpg",850,467,false],"2048x2048":["https:\/\/pornuestrolaredo.com\/wp-content\/uploads\/2024\/08\/Stereo91-20240829-5.jpg",850,467,false],"morenews-large":["https:\/\/pornuestrolaredo.com\/wp-content\/uploads\/2024\/08\/Stereo91-20240829-5.jpg",825,453,false],"morenews-medium":["https:\/\/pornuestrolaredo.com\/wp-content\/uploads\/2024\/08\/Stereo91-20240829-5.jpg",590,324,false]},"author_info":{"info":["Redactor"]},"category_info":"<a href=\"https:\/\/pornuestrolaredo.com\/?cat=34\" rel=\"category\">Far\u00e1ndula<\/a>","tag_info":"Far\u00e1ndula","comment_count":"0","jetpack_featured_media_url":"https:\/\/pornuestrolaredo.com\/wp-content\/uploads\/2024\/08\/Stereo91-20240829-5.jpg","jetpack_sharing_enabled":true,"_links":{"self":[{"href":"https:\/\/pornuestrolaredo.com\/index.php?rest_route=\/wp\/v2\/posts\/4881","targetHints":{"allow":["GET"]}}],"collection":[{"href":"https:\/\/pornuestrolaredo.com\/index.php?rest_route=\/wp\/v2\/posts"}],"about":[{"href":"https:\/\/pornuestrolaredo.com\/index.php?rest_route=\/wp\/v2\/types\/post"}],"author":[{"embeddable":true,"href":"https:\/\/pornuestrolaredo.com\/index.php?rest_route=\/wp\/v2\/users\/1"}],"replies":[{"embeddable":true,"href":"https:\/\/pornuestrolaredo.com\/index.php?rest_route=%2Fwp%2Fv2%2Fcomments&post=4881"}],"version-history":[{"count":1,"href":"https:\/\/pornuestrolaredo.com\/index.php?rest_route=\/wp\/v2\/posts\/4881\/revisions"}],"predecessor-version":[{"id":4883,"href":"https:\/\/pornuestrolaredo.com\/index.php?rest_route=\/wp\/v2\/posts\/4881\/revisions\/4883"}],"wp:featuredmedia":[{"embeddable":true,"href":"https:\/\/pornuestrolaredo.com\/index.php?rest_route=\/wp\/v2\/media\/4882"}],"wp:attachment":[{"href":"https:\/\/pornuestrolaredo.com\/index.php?rest_route=%2Fwp%2Fv2%2Fmedia&parent=4881"}],"wp:term":[{"taxonomy":"category","embeddable":true,"href":"https:\/\/pornuestrolaredo.com\/index.php?rest_route=%2Fwp%2Fv2%2Fcategories&post=4881"},{"taxonomy":"post_tag","embeddable":true,"href":"https:\/\/pornuestrolaredo.com\/index.php?rest_route=%2Fwp%2Fv2%2Ftags&post=4881"}],"curies":[{"name":"wp","href":"https:\/\/api.w.org\/{rel}","templated":true}]}}