{"id":4884,"date":"2024-08-30T17:32:29","date_gmt":"2024-08-30T17:32:29","guid":{"rendered":"https:\/\/pornuestrolaredo.com\/?p=4884"},"modified":"2024-08-30T17:32:29","modified_gmt":"2024-08-30T17:32:29","slug":"jovenes-nacidos-en-2006-deben-tramitar-cartilla","status":"publish","type":"post","link":"https:\/\/pornuestrolaredo.com\/?p=4884","title":{"rendered":"J\u00f3venes nacidos en 2006 deben tramitar cartilla"},"content":{"rendered":"<p><strong><em>NUEVO LAREDO.-<\/em><\/strong> Los j\u00f3venes que nacieron en 2006 deben tramitar su cartilla militar este a\u00f1o.<\/p>\n<p>Para iniciarla, es necesario cumplir con sus obligaciones como mexicano a trav\u00e9s del Servicio Militar Nacional (SMN).<\/p>\n<p>El coordinador de la Oficina Municipal de Reclutamiento, Fernando Gayt\u00e1n Vela, destac\u00f3 la gran respuesta de los j\u00f3venes neolaredenses y que a la fecha van m\u00e1s de 800 conscriptos inscritos.<\/p>\n<blockquote><p>Invitamos a todos los j\u00f3venes para que cumplan con este deber c\u00edvico, hay que recordar que adem\u00e1s de ser un tr\u00e1mite muy importante, durante su servicio aprender\u00e1n y desarrollar\u00e1n nuevas habilidades, adem\u00e1s que dar\u00e1n apoyo a la comunidad\u201d, expres\u00f3.<\/p><\/blockquote>\n<p>Resalt\u00f3 que una vez que entre el gobierno de Claudia Sheinbaum Pardo, este documento recibir\u00e1 m\u00e1s importancia para tr\u00e1mites y requisitos, por lo que se exhorta a los neolaredenses a contar con la cartilla militar.<\/p>\n<p>Los interesados deber\u00e1n acudir a las oficinas de Reclutamiento dentro del Centro C\u00edvico \u201cCarlos Cant\u00fa Rosas\u201d con la siguiente documentaci\u00f3n en copia y original: acta de nacimiento no anterior a tres a\u00f1os, CURP, tres fotograf\u00edas tama\u00f1o credencial con fondo blanco y papel opaco, comprobante de domicilio, comprobante del grado m\u00e1ximo de estudios.<\/p>\n<p>Para remisos, anexar la constancia de no inscripci\u00f3n de su lugar de origen.<\/p>\n<p>Para m\u00e1s informaci\u00f3n y entrega de papeler\u00eda, es posible acudir a las instalaciones de Reclutamiento de lunes a viernes en horario de 8:00 AM a 3:00 PM.<\/p>\n<p>La fecha l\u00edmite para entregar la documentaci\u00f3n y expedir la Cartilla Militar es el 15 de octubre.<\/p>\n","protected":false},"excerpt":{"rendered":"<p>Ya est\u00e1 abierto el registro para cumplir con el Servicio Militar Nacional, en el Centro C\u00edvico<\/p>\n","protected":false},"author":1,"featured_media":4885,"comment_status":"closed","ping_status":"closed","sticky":false,"template":"","format":"standard","meta":{"_crdt_document":"","_jetpack_memberships_contains_paid_content":false,"footnotes":"","jetpack_publicize_message":"","jetpack_publicize_feature_enabled":true,"jetpack_social_post_already_shared":true,"jetpack_social_options":{"image_generator_settings":{"template":"highway","default_image_id":0,"font":"","enabled":false},"version":2},"_wpas_customize_per_network":false},"categories":[5],"tags":[],"class_list":["post-4884","post","type-post","status-publish","format-standard","has-post-thumbnail","hentry","category-dos-laredos"],"magazineBlocksPostFeaturedMedia":{"thumbnail":"https:\/\/pornuestrolaredo.com\/wp-content\/uploads\/2024\/08\/Stereo91-20280930-2-150x150.jpg","medium":"https:\/\/pornuestrolaredo.com\/wp-content\/uploads\/2024\/08\/Stereo91-20280930-2-300x200.jpg","medium_large":"https:\/\/pornuestrolaredo.com\/wp-content\/uploads\/2024\/08\/Stereo91-20280930-2-768x512.jpg","large":"https:\/\/pornuestrolaredo.com\/wp-content\/uploads\/2024\/08\/Stereo91-20280930-2-1000x666.jpg","1536x1536":"https:\/\/pornuestrolaredo.com\/wp-content\/uploads\/2024\/08\/Stereo91-20280930-2.jpg","2048x2048":"https:\/\/pornuestrolaredo.com\/wp-content\/uploads\/2024\/08\/Stereo91-20280930-2.jpg","morenews-large":"https:\/\/pornuestrolaredo.com\/wp-content\/uploads\/2024\/08\/Stereo91-20280930-2.jpg","morenews-medium":"https:\/\/pornuestrolaredo.com\/wp-content\/uploads\/2024\/08\/Stereo91-20280930-2.jpg"},"magazineBlocksPostAuthor":{"name":"Redactor","avatar":"https:\/\/pornuestrolaredo.com\/wp-content\/litespeed\/avatar\/dca1d7ec750c399f025f23b0b314f4cf.jpg?ver=1777612120"},"magazineBlocksPostCommentsNumber":false,"magazineBlocksPostExcerpt":"Ya est\u00e1 abierto el registro para cumplir con el Servicio Militar Nacional, en el Centro C\u00edvico","magazineBlocksPostCategories":["Dos Laredos"],"magazineBlocksPostViewCount":134,"magazineBlocksPostReadTime":2,"magazine_blocks_featured_image_url":{"full":["https:\/\/pornuestrolaredo.com\/wp-content\/uploads\/2024\/08\/Stereo91-20280930-2.jpg",1280,853,false],"medium":["https:\/\/pornuestrolaredo.com\/wp-content\/uploads\/2024\/08\/Stereo91-20280930-2-300x200.jpg",300,200,true],"thumbnail":["https:\/\/pornuestrolaredo.com\/wp-content\/uploads\/2024\/08\/Stereo91-20280930-2-150x150.jpg",150,150,true]},"magazine_blocks_author":{"display_name":"Redactor","author_link":"https:\/\/pornuestrolaredo.com\/?author=1"},"magazine_blocks_comment":0,"magazine_blocks_author_image":"https:\/\/pornuestrolaredo.com\/wp-content\/litespeed\/avatar\/dca1d7ec750c399f025f23b0b314f4cf.jpg?ver=1777612120","magazine_blocks_category":"<a href=\"#\" class=\"category-link category-link-5\">Dos Laredos<\/a>","jetpack_publicize_connections":[],"featured_image_urls":{"full":["https:\/\/pornuestrolaredo.com\/wp-content\/uploads\/2024\/08\/Stereo91-20280930-2.jpg",1280,853,false],"thumbnail":["https:\/\/pornuestrolaredo.com\/wp-content\/uploads\/2024\/08\/Stereo91-20280930-2-150x150.jpg",150,150,true],"medium":["https:\/\/pornuestrolaredo.com\/wp-content\/uploads\/2024\/08\/Stereo91-20280930-2-300x200.jpg",300,200,true],"medium_large":["https:\/\/pornuestrolaredo.com\/wp-content\/uploads\/2024\/08\/Stereo91-20280930-2-768x512.jpg",640,427,true],"large":["https:\/\/pornuestrolaredo.com\/wp-content\/uploads\/2024\/08\/Stereo91-20280930-2-1000x666.jpg",640,426,true],"1536x1536":["https:\/\/pornuestrolaredo.com\/wp-content\/uploads\/2024\/08\/Stereo91-20280930-2.jpg",1280,853,false],"2048x2048":["https:\/\/pornuestrolaredo.com\/wp-content\/uploads\/2024\/08\/Stereo91-20280930-2.jpg",1280,853,false],"morenews-large":["https:\/\/pornuestrolaredo.com\/wp-content\/uploads\/2024\/08\/Stereo91-20280930-2.jpg",825,550,false],"morenews-medium":["https:\/\/pornuestrolaredo.com\/wp-content\/uploads\/2024\/08\/Stereo91-20280930-2.jpg",590,393,false]},"author_info":{"info":["Redactor"]},"category_info":"<a href=\"https:\/\/pornuestrolaredo.com\/?cat=5\" rel=\"category\">Dos Laredos<\/a>","tag_info":"Dos Laredos","comment_count":"0","jetpack_featured_media_url":"https:\/\/pornuestrolaredo.com\/wp-content\/uploads\/2024\/08\/Stereo91-20280930-2.jpg","jetpack_sharing_enabled":true,"_links":{"self":[{"href":"https:\/\/pornuestrolaredo.com\/index.php?rest_route=\/wp\/v2\/posts\/4884","targetHints":{"allow":["GET"]}}],"collection":[{"href":"https:\/\/pornuestrolaredo.com\/index.php?rest_route=\/wp\/v2\/posts"}],"about":[{"href":"https:\/\/pornuestrolaredo.com\/index.php?rest_route=\/wp\/v2\/types\/post"}],"author":[{"embeddable":true,"href":"https:\/\/pornuestrolaredo.com\/index.php?rest_route=\/wp\/v2\/users\/1"}],"replies":[{"embeddable":true,"href":"https:\/\/pornuestrolaredo.com\/index.php?rest_route=%2Fwp%2Fv2%2Fcomments&post=4884"}],"version-history":[{"count":1,"href":"https:\/\/pornuestrolaredo.com\/index.php?rest_route=\/wp\/v2\/posts\/4884\/revisions"}],"predecessor-version":[{"id":4886,"href":"https:\/\/pornuestrolaredo.com\/index.php?rest_route=\/wp\/v2\/posts\/4884\/revisions\/4886"}],"wp:featuredmedia":[{"embeddable":true,"href":"https:\/\/pornuestrolaredo.com\/index.php?rest_route=\/wp\/v2\/media\/4885"}],"wp:attachment":[{"href":"https:\/\/pornuestrolaredo.com\/index.php?rest_route=%2Fwp%2Fv2%2Fmedia&parent=4884"}],"wp:term":[{"taxonomy":"category","embeddable":true,"href":"https:\/\/pornuestrolaredo.com\/index.php?rest_route=%2Fwp%2Fv2%2Fcategories&post=4884"},{"taxonomy":"post_tag","embeddable":true,"href":"https:\/\/pornuestrolaredo.com\/index.php?rest_route=%2Fwp%2Fv2%2Ftags&post=4884"}],"curies":[{"name":"wp","href":"https:\/\/api.w.org\/{rel}","templated":true}]}}