{"id":4887,"date":"2024-08-30T18:16:48","date_gmt":"2024-08-30T18:16:48","guid":{"rendered":"https:\/\/pornuestrolaredo.com\/?p=4887"},"modified":"2024-08-30T18:16:48","modified_gmt":"2024-08-30T18:16:48","slug":"entregan-leon-de-oro-a-sigourney-weaver","status":"publish","type":"post","link":"https:\/\/pornuestrolaredo.com\/?p=4887","title":{"rendered":"Entregan Le\u00f3n de Oro a Sigourney Weaver"},"content":{"rendered":"<p><strong>VENECIA.- <\/strong>La actriz Sigourney Weaver fue homenajeada por su trayectoria y su colaboraci\u00f3n al cine con el Le\u00f3n de Oro en el Festival de Venecia.<\/p>\n<blockquote><p>He podido sobrevolar este mundo y esta industria como un colibr\u00ed, a trav\u00e9s del tiempo, el espacio y los g\u00e9neros, eludiendo cada caja en la que Hollywood tuvo la tentaci\u00f3n de encerrarme. Puede que sea porque soy demasiado alta&#8221;, coment\u00f3.<\/p><\/blockquote>\n<p>La estrella de Alien comparti\u00f3 que le emociona que los papeles de empoderamiento femenino le puedan ayudar a Kamala Harris.<\/p>\n<blockquote><p>Estoy muy emocionada por Kamala. Pensar por un momento que mi trabajo podr\u00eda tener algo que ver con su ascenso me hace muy feliz, en realidad, porque es verdad. Muchas mujeres vienen a darme las gracias. Ha sido dif\u00edcil desde 2016, y todos estamos muy agradecidos por ella,&#8221; comparti\u00f3.<\/p><\/blockquote>\n<p>Tambi\u00e9n Sigourney Weaver dijo que su Le\u00f3n de Oro estar\u00e1 siempre junto a ella y que su esposo tendr\u00e1 que acostumbrarse.<\/p>\n<blockquote><p>Mi Le\u00f3n estar\u00e1 sentado conmigo en el avi\u00f3n y en mi g\u00f3ndola y mi marido tendr\u00e1 que acostumbrarse a tenerlo en la cama con nosotros&#8221;, declar\u00f3.<\/p><\/blockquote>\n<p>El Festival de Cine de Venecia se extender\u00e1 hasta el 7 de septiembre y estar\u00e1n presentes estrellas como George Clooney y Brad Pitt, hasta Lady Gaga y Angelina Jolie.<\/p>\n","protected":false},"excerpt":{"rendered":"<p>Celebra Festival de Venecia trayectoria y colaboraci\u00f3n al cine de la actriz<\/p>\n","protected":false},"author":1,"featured_media":4888,"comment_status":"closed","ping_status":"closed","sticky":false,"template":"","format":"standard","meta":{"_crdt_document":"","_jetpack_memberships_contains_paid_content":false,"footnotes":"","jetpack_publicize_message":"","jetpack_publicize_feature_enabled":true,"jetpack_social_post_already_shared":true,"jetpack_social_options":{"image_generator_settings":{"template":"highway","default_image_id":0,"font":"","enabled":false},"version":2},"_wpas_customize_per_network":false},"categories":[34],"tags":[],"class_list":["post-4887","post","type-post","status-publish","format-standard","has-post-thumbnail","hentry","category-farandula"],"magazineBlocksPostFeaturedMedia":{"thumbnail":"https:\/\/pornuestrolaredo.com\/wp-content\/uploads\/2024\/08\/107FM-20280930-4-150x150.jpg","medium":"https:\/\/pornuestrolaredo.com\/wp-content\/uploads\/2024\/08\/107FM-20280930-4-300x154.jpg","medium_large":"https:\/\/pornuestrolaredo.com\/wp-content\/uploads\/2024\/08\/107FM-20280930-4-768x393.jpg","large":"https:\/\/pornuestrolaredo.com\/wp-content\/uploads\/2024\/08\/107FM-20280930-4-1000x512.jpg","1536x1536":"https:\/\/pornuestrolaredo.com\/wp-content\/uploads\/2024\/08\/107FM-20280930-4-1536x787.jpg","2048x2048":"https:\/\/pornuestrolaredo.com\/wp-content\/uploads\/2024\/08\/107FM-20280930-4.jpg","morenews-large":"https:\/\/pornuestrolaredo.com\/wp-content\/uploads\/2024\/08\/107FM-20280930-4.jpg","morenews-medium":"https:\/\/pornuestrolaredo.com\/wp-content\/uploads\/2024\/08\/107FM-20280930-4.jpg"},"magazineBlocksPostAuthor":{"name":"Redactor","avatar":"https:\/\/pornuestrolaredo.com\/wp-content\/litespeed\/avatar\/dca1d7ec750c399f025f23b0b314f4cf.jpg?ver=1777612120"},"magazineBlocksPostCommentsNumber":false,"magazineBlocksPostExcerpt":"Celebra Festival de Venecia trayectoria y colaboraci\u00f3n al cine de la actriz","magazineBlocksPostCategories":["Far\u00e1ndula"],"magazineBlocksPostViewCount":131,"magazineBlocksPostReadTime":2,"magazine_blocks_featured_image_url":{"full":["https:\/\/pornuestrolaredo.com\/wp-content\/uploads\/2024\/08\/107FM-20280930-4.jpg",1701,871,false],"medium":["https:\/\/pornuestrolaredo.com\/wp-content\/uploads\/2024\/08\/107FM-20280930-4-300x154.jpg",300,154,true],"thumbnail":["https:\/\/pornuestrolaredo.com\/wp-content\/uploads\/2024\/08\/107FM-20280930-4-150x150.jpg",150,150,true]},"magazine_blocks_author":{"display_name":"Redactor","author_link":"https:\/\/pornuestrolaredo.com\/?author=1"},"magazine_blocks_comment":0,"magazine_blocks_author_image":"https:\/\/pornuestrolaredo.com\/wp-content\/litespeed\/avatar\/dca1d7ec750c399f025f23b0b314f4cf.jpg?ver=1777612120","magazine_blocks_category":"<a href=\"#\" class=\"category-link category-link-34\">Far\u00e1ndula<\/a>","jetpack_publicize_connections":[],"featured_image_urls":{"full":["https:\/\/pornuestrolaredo.com\/wp-content\/uploads\/2024\/08\/107FM-20280930-4.jpg",1701,871,false],"thumbnail":["https:\/\/pornuestrolaredo.com\/wp-content\/uploads\/2024\/08\/107FM-20280930-4-150x150.jpg",150,150,true],"medium":["https:\/\/pornuestrolaredo.com\/wp-content\/uploads\/2024\/08\/107FM-20280930-4-300x154.jpg",300,154,true],"medium_large":["https:\/\/pornuestrolaredo.com\/wp-content\/uploads\/2024\/08\/107FM-20280930-4-768x393.jpg",640,328,true],"large":["https:\/\/pornuestrolaredo.com\/wp-content\/uploads\/2024\/08\/107FM-20280930-4-1000x512.jpg",640,328,true],"1536x1536":["https:\/\/pornuestrolaredo.com\/wp-content\/uploads\/2024\/08\/107FM-20280930-4-1536x787.jpg",1536,787,true],"2048x2048":["https:\/\/pornuestrolaredo.com\/wp-content\/uploads\/2024\/08\/107FM-20280930-4.jpg",1701,871,false],"morenews-large":["https:\/\/pornuestrolaredo.com\/wp-content\/uploads\/2024\/08\/107FM-20280930-4.jpg",825,422,false],"morenews-medium":["https:\/\/pornuestrolaredo.com\/wp-content\/uploads\/2024\/08\/107FM-20280930-4.jpg",590,302,false]},"author_info":{"info":["Redactor"]},"category_info":"<a href=\"https:\/\/pornuestrolaredo.com\/?cat=34\" rel=\"category\">Far\u00e1ndula<\/a>","tag_info":"Far\u00e1ndula","comment_count":"0","jetpack_featured_media_url":"https:\/\/pornuestrolaredo.com\/wp-content\/uploads\/2024\/08\/107FM-20280930-4.jpg","jetpack_sharing_enabled":true,"_links":{"self":[{"href":"https:\/\/pornuestrolaredo.com\/index.php?rest_route=\/wp\/v2\/posts\/4887","targetHints":{"allow":["GET"]}}],"collection":[{"href":"https:\/\/pornuestrolaredo.com\/index.php?rest_route=\/wp\/v2\/posts"}],"about":[{"href":"https:\/\/pornuestrolaredo.com\/index.php?rest_route=\/wp\/v2\/types\/post"}],"author":[{"embeddable":true,"href":"https:\/\/pornuestrolaredo.com\/index.php?rest_route=\/wp\/v2\/users\/1"}],"replies":[{"embeddable":true,"href":"https:\/\/pornuestrolaredo.com\/index.php?rest_route=%2Fwp%2Fv2%2Fcomments&post=4887"}],"version-history":[{"count":1,"href":"https:\/\/pornuestrolaredo.com\/index.php?rest_route=\/wp\/v2\/posts\/4887\/revisions"}],"predecessor-version":[{"id":4889,"href":"https:\/\/pornuestrolaredo.com\/index.php?rest_route=\/wp\/v2\/posts\/4887\/revisions\/4889"}],"wp:featuredmedia":[{"embeddable":true,"href":"https:\/\/pornuestrolaredo.com\/index.php?rest_route=\/wp\/v2\/media\/4888"}],"wp:attachment":[{"href":"https:\/\/pornuestrolaredo.com\/index.php?rest_route=%2Fwp%2Fv2%2Fmedia&parent=4887"}],"wp:term":[{"taxonomy":"category","embeddable":true,"href":"https:\/\/pornuestrolaredo.com\/index.php?rest_route=%2Fwp%2Fv2%2Fcategories&post=4887"},{"taxonomy":"post_tag","embeddable":true,"href":"https:\/\/pornuestrolaredo.com\/index.php?rest_route=%2Fwp%2Fv2%2Ftags&post=4887"}],"curies":[{"name":"wp","href":"https:\/\/api.w.org\/{rel}","templated":true}]}}