{"id":4890,"date":"2024-08-30T18:51:29","date_gmt":"2024-08-30T18:51:29","guid":{"rendered":"https:\/\/pornuestrolaredo.com\/?p=4890"},"modified":"2024-08-30T18:53:47","modified_gmt":"2024-08-30T18:53:47","slug":"arranca-curso-de-autotransporte-para-mujeres","status":"publish","type":"post","link":"https:\/\/pornuestrolaredo.com\/?p=4890","title":{"rendered":"Arranca curso de autotransporte para mujeres"},"content":{"rendered":"<p><strong><em>NUEVO LAREDO-<\/em><\/strong> Arranc\u00f3 la capacitaci\u00f3n exclusiva para mujeres que quieren dedicarse a manejar un cami\u00f3n de carga y gracias a una beca, no tendr\u00e1n que pagar nada.<\/p>\n<p>Los cursos comenzaron en el el Centro de Capacitaci\u00f3n para el Trabajo 193 (CeCaTi), en colaboraci\u00f3n con el Instituto Municipal de la Mujer de Nuevo Laredo.<\/p>\n<p>Esta iniciativa es financiada con recursos del Programa para el Adelanto, Bienestar e Igualdad de las Mujeres (PROABIM), quien ha brindado una beca del 100% a las mujeres, quienes previo a una convocatoria se postularon y de acuerdo a su perfil fueron seleccionadas para beneficiarse de este programa.<\/p>\n<p>Las clases dieron inicio este 26 de agosto, donde aprender\u00e1n tanto los aspectos te\u00f3ricos como pr\u00e1cticos del autotransporte, siendo esta una nueva opci\u00f3n de trabajo dado a la alta demanda de personas transfer en la ciudad.<\/p>\n<p>Durante un periodo de tres meses y con clases de lunes a viernes, en horario vespertino, de 2:00 de la tarde a 8:00 de la noche, las alumnas del curso de autotransporte de carga estar\u00e1n adquiriendo conocimientos tanto del idioma ingl\u00e9s, como de las reglas y legislaci\u00f3n del transporte, para posteriormente pasar a la parte pr\u00e1ctica.  <\/p>\n<p>Las clases se imparten en instalaciones del CECATI 193 de Nuevo Laredo.<\/p>\n<p>Como parte del arranque de este proyecto, Cynthia Rodr\u00edguez Leija, directora del InMujer Nuevo Laredo, exhort\u00f3 a las seleccionadas a aprovechar esta oportunidad de capacitaci\u00f3n, ser constantes y concluir con \u00e9xito este adiestramiento, el cual puede ser una excelente fuente de empleo.<\/p>\n","protected":false},"excerpt":{"rendered":"<p>Ofrecen capacitaci\u00f3n de ingl\u00e9s, teor\u00eda y pr\u00e1ctica para poder operar cami\u00f3n de carga en el CeCaTi 193<\/p>\n","protected":false},"author":1,"featured_media":4891,"comment_status":"closed","ping_status":"closed","sticky":false,"template":"","format":"standard","meta":{"_crdt_document":"","_jetpack_memberships_contains_paid_content":false,"footnotes":"","jetpack_publicize_message":"","jetpack_publicize_feature_enabled":true,"jetpack_social_post_already_shared":true,"jetpack_social_options":{"image_generator_settings":{"template":"highway","default_image_id":0,"font":"","enabled":false},"version":2},"_wpas_customize_per_network":false},"categories":[4],"tags":[],"class_list":["post-4890","post","type-post","status-publish","format-standard","has-post-thumbnail","hentry","category-los-dos-laredos"],"magazineBlocksPostFeaturedMedia":{"thumbnail":"https:\/\/pornuestrolaredo.com\/wp-content\/uploads\/2024\/08\/Stereo91-20280930-4-150x150.jpg","medium":"https:\/\/pornuestrolaredo.com\/wp-content\/uploads\/2024\/08\/Stereo91-20280930-4-300x173.jpg","medium_large":"https:\/\/pornuestrolaredo.com\/wp-content\/uploads\/2024\/08\/Stereo91-20280930-4-768x442.jpg","large":"https:\/\/pornuestrolaredo.com\/wp-content\/uploads\/2024\/08\/Stereo91-20280930-4.jpg","1536x1536":"https:\/\/pornuestrolaredo.com\/wp-content\/uploads\/2024\/08\/Stereo91-20280930-4.jpg","2048x2048":"https:\/\/pornuestrolaredo.com\/wp-content\/uploads\/2024\/08\/Stereo91-20280930-4.jpg","morenews-large":"https:\/\/pornuestrolaredo.com\/wp-content\/uploads\/2024\/08\/Stereo91-20280930-4.jpg","morenews-medium":"https:\/\/pornuestrolaredo.com\/wp-content\/uploads\/2024\/08\/Stereo91-20280930-4.jpg"},"magazineBlocksPostAuthor":{"name":"Redactor","avatar":"https:\/\/pornuestrolaredo.com\/wp-content\/litespeed\/avatar\/dca1d7ec750c399f025f23b0b314f4cf.jpg?ver=1777612120"},"magazineBlocksPostCommentsNumber":false,"magazineBlocksPostExcerpt":"Ofrecen capacitaci\u00f3n de ingl\u00e9s, teor\u00eda y pr\u00e1ctica para poder operar cami\u00f3n de carga en el CeCaTi 193","magazineBlocksPostCategories":["Los dos Laredos"],"magazineBlocksPostViewCount":141,"magazineBlocksPostReadTime":2,"magazine_blocks_featured_image_url":{"full":["https:\/\/pornuestrolaredo.com\/wp-content\/uploads\/2024\/08\/Stereo91-20280930-4.jpg",850,489,false],"medium":["https:\/\/pornuestrolaredo.com\/wp-content\/uploads\/2024\/08\/Stereo91-20280930-4-300x173.jpg",300,173,true],"thumbnail":["https:\/\/pornuestrolaredo.com\/wp-content\/uploads\/2024\/08\/Stereo91-20280930-4-150x150.jpg",150,150,true]},"magazine_blocks_author":{"display_name":"Redactor","author_link":"https:\/\/pornuestrolaredo.com\/?author=1"},"magazine_blocks_comment":0,"magazine_blocks_author_image":"https:\/\/pornuestrolaredo.com\/wp-content\/litespeed\/avatar\/dca1d7ec750c399f025f23b0b314f4cf.jpg?ver=1777612120","magazine_blocks_category":"<a href=\"#\" class=\"category-link category-link-4\">Los dos Laredos<\/a>","jetpack_publicize_connections":[],"featured_image_urls":{"full":["https:\/\/pornuestrolaredo.com\/wp-content\/uploads\/2024\/08\/Stereo91-20280930-4.jpg",850,489,false],"thumbnail":["https:\/\/pornuestrolaredo.com\/wp-content\/uploads\/2024\/08\/Stereo91-20280930-4-150x150.jpg",150,150,true],"medium":["https:\/\/pornuestrolaredo.com\/wp-content\/uploads\/2024\/08\/Stereo91-20280930-4-300x173.jpg",300,173,true],"medium_large":["https:\/\/pornuestrolaredo.com\/wp-content\/uploads\/2024\/08\/Stereo91-20280930-4-768x442.jpg",640,368,true],"large":["https:\/\/pornuestrolaredo.com\/wp-content\/uploads\/2024\/08\/Stereo91-20280930-4.jpg",640,368,false],"1536x1536":["https:\/\/pornuestrolaredo.com\/wp-content\/uploads\/2024\/08\/Stereo91-20280930-4.jpg",850,489,false],"2048x2048":["https:\/\/pornuestrolaredo.com\/wp-content\/uploads\/2024\/08\/Stereo91-20280930-4.jpg",850,489,false],"morenews-large":["https:\/\/pornuestrolaredo.com\/wp-content\/uploads\/2024\/08\/Stereo91-20280930-4.jpg",825,475,false],"morenews-medium":["https:\/\/pornuestrolaredo.com\/wp-content\/uploads\/2024\/08\/Stereo91-20280930-4.jpg",590,339,false]},"author_info":{"info":["Redactor"]},"category_info":"<a href=\"https:\/\/pornuestrolaredo.com\/?cat=4\" rel=\"category\">Los dos Laredos<\/a>","tag_info":"Los dos Laredos","comment_count":"0","jetpack_featured_media_url":"https:\/\/pornuestrolaredo.com\/wp-content\/uploads\/2024\/08\/Stereo91-20280930-4.jpg","jetpack_sharing_enabled":true,"_links":{"self":[{"href":"https:\/\/pornuestrolaredo.com\/index.php?rest_route=\/wp\/v2\/posts\/4890","targetHints":{"allow":["GET"]}}],"collection":[{"href":"https:\/\/pornuestrolaredo.com\/index.php?rest_route=\/wp\/v2\/posts"}],"about":[{"href":"https:\/\/pornuestrolaredo.com\/index.php?rest_route=\/wp\/v2\/types\/post"}],"author":[{"embeddable":true,"href":"https:\/\/pornuestrolaredo.com\/index.php?rest_route=\/wp\/v2\/users\/1"}],"replies":[{"embeddable":true,"href":"https:\/\/pornuestrolaredo.com\/index.php?rest_route=%2Fwp%2Fv2%2Fcomments&post=4890"}],"version-history":[{"count":1,"href":"https:\/\/pornuestrolaredo.com\/index.php?rest_route=\/wp\/v2\/posts\/4890\/revisions"}],"predecessor-version":[{"id":4892,"href":"https:\/\/pornuestrolaredo.com\/index.php?rest_route=\/wp\/v2\/posts\/4890\/revisions\/4892"}],"wp:featuredmedia":[{"embeddable":true,"href":"https:\/\/pornuestrolaredo.com\/index.php?rest_route=\/wp\/v2\/media\/4891"}],"wp:attachment":[{"href":"https:\/\/pornuestrolaredo.com\/index.php?rest_route=%2Fwp%2Fv2%2Fmedia&parent=4890"}],"wp:term":[{"taxonomy":"category","embeddable":true,"href":"https:\/\/pornuestrolaredo.com\/index.php?rest_route=%2Fwp%2Fv2%2Fcategories&post=4890"},{"taxonomy":"post_tag","embeddable":true,"href":"https:\/\/pornuestrolaredo.com\/index.php?rest_route=%2Fwp%2Fv2%2Ftags&post=4890"}],"curies":[{"name":"wp","href":"https:\/\/api.w.org\/{rel}","templated":true}]}}