{"id":4893,"date":"2024-09-02T19:41:56","date_gmt":"2024-09-02T19:41:56","guid":{"rendered":"https:\/\/pornuestrolaredo.com\/?p=4893"},"modified":"2024-09-02T19:41:56","modified_gmt":"2024-09-02T19:41:56","slug":"ofrecen-becas-para-estudiantes-con-discapacidad","status":"publish","type":"post","link":"https:\/\/pornuestrolaredo.com\/?p=4893","title":{"rendered":"Ofrecen becas para estudiantes con discapacidad"},"content":{"rendered":"<p><strong>NUEVO LAREDO.- <\/strong>Estudiantes con discapacidad motriz, visual, auditiva y\/o intelectual leve en situaci\u00f3n vulnerable pueden recibir una beca si est\u00e1n inscritos en una instituci\u00f3n con validez oficial del Sistema Educativo Estatal en los niveles de primaria, secundaria, medio superior y superior.<\/p>\n<p>La convocatoria, realizada por el Gobierno de Tamaulipas a trav\u00e9s de la Secretar\u00eda de Educaci\u00f3n y del Instituto Tamaulipeco de Becas, Est\u00edmulos y Cr\u00e9ditos Educativos (ITABEC), es impulsada por el Sistema DIF Nuevo Laredo por medio del programa Lazos de Esperanza.<\/p>\n<p>Para recibir el apoyo, las personas deber\u00e1n ser originarias del estado de Tamaulipas o acreditar una antig\u00fcedad m\u00ednima de 2 a\u00f1os de residencia en la entidad. Adem\u00e1s, no deber\u00e1n contar con alg\u00fan otro beneficio de tipo econ\u00f3mico o en especie otorgado para su educaci\u00f3n y deber\u00e1n estar inscritas en una instituci\u00f3n p\u00fablica o privada del Sistema Educativo Estatal en los niveles de primaria a superior.<\/p>\n<p>Deber\u00e1n entregar el original y una copia de la solicitud, el aviso de privacidad, una copia del acta de nacimiento, una copia de la CURP, una copia de la identificaci\u00f3n oficial vigente del padre, madre o tutor, el original de la constancia de inscripci\u00f3n expedida por la instituci\u00f3n educativa que especifique el ciclo escolar y el grado o periodo a cursar, una copia de la boleta de calificaciones del ciclo escolar inmediato anterior o del \u00faltimo periodo cursado y el formato \u00danico de Discapacidad actualizado emitido por el Sistema DIF.<\/p>\n<p>La solicitud y los documentos deber\u00e1n ser entregados antes del 10 de septiembre en las instalaciones del CRI ubicadas en Jaumave #6970, Col. La Fe, en un horario de 8:30 a.m. a 2:30 p.m. Las personas que deseen m\u00e1s informaci\u00f3n pueden comunicarse al tel\u00e9fono (867) 150 40 00.<\/p>\n","protected":false},"excerpt":{"rendered":"<p>Es para personas que sufren discapacidad motriz, visual, auditiva y\/o intelectual leve en situaci\u00f3n vulnerable<\/p>\n","protected":false},"author":1,"featured_media":4894,"comment_status":"closed","ping_status":"closed","sticky":false,"template":"","format":"standard","meta":{"_crdt_document":"","_jetpack_memberships_contains_paid_content":false,"footnotes":"","jetpack_publicize_message":"","jetpack_publicize_feature_enabled":true,"jetpack_social_post_already_shared":true,"jetpack_social_options":{"image_generator_settings":{"template":"highway","default_image_id":0,"font":"","enabled":false},"version":2},"_wpas_customize_per_network":false},"categories":[4],"tags":[],"class_list":["post-4893","post","type-post","status-publish","format-standard","has-post-thumbnail","hentry","category-los-dos-laredos"],"magazineBlocksPostFeaturedMedia":{"thumbnail":"https:\/\/pornuestrolaredo.com\/wp-content\/uploads\/2024\/09\/Stereo91-20240902-2-150x150.jpg","medium":"https:\/\/pornuestrolaredo.com\/wp-content\/uploads\/2024\/09\/Stereo91-20240902-2-300x200.jpg","medium_large":"https:\/\/pornuestrolaredo.com\/wp-content\/uploads\/2024\/09\/Stereo91-20240902-2-768x512.jpg","large":"https:\/\/pornuestrolaredo.com\/wp-content\/uploads\/2024\/09\/Stereo91-20240902-2-1000x666.jpg","1536x1536":"https:\/\/pornuestrolaredo.com\/wp-content\/uploads\/2024\/09\/Stereo91-20240902-2.jpg","2048x2048":"https:\/\/pornuestrolaredo.com\/wp-content\/uploads\/2024\/09\/Stereo91-20240902-2.jpg","morenews-large":"https:\/\/pornuestrolaredo.com\/wp-content\/uploads\/2024\/09\/Stereo91-20240902-2.jpg","morenews-medium":"https:\/\/pornuestrolaredo.com\/wp-content\/uploads\/2024\/09\/Stereo91-20240902-2.jpg"},"magazineBlocksPostAuthor":{"name":"Redactor","avatar":"https:\/\/pornuestrolaredo.com\/wp-content\/litespeed\/avatar\/dca1d7ec750c399f025f23b0b314f4cf.jpg?ver=1777612120"},"magazineBlocksPostCommentsNumber":false,"magazineBlocksPostExcerpt":"Es para personas que sufren discapacidad motriz, visual, auditiva y\/o intelectual leve en situaci\u00f3n vulnerable","magazineBlocksPostCategories":["Los dos Laredos"],"magazineBlocksPostViewCount":121,"magazineBlocksPostReadTime":2,"magazine_blocks_featured_image_url":{"full":["https:\/\/pornuestrolaredo.com\/wp-content\/uploads\/2024\/09\/Stereo91-20240902-2.jpg",1280,853,false],"medium":["https:\/\/pornuestrolaredo.com\/wp-content\/uploads\/2024\/09\/Stereo91-20240902-2-300x200.jpg",300,200,true],"thumbnail":["https:\/\/pornuestrolaredo.com\/wp-content\/uploads\/2024\/09\/Stereo91-20240902-2-150x150.jpg",150,150,true]},"magazine_blocks_author":{"display_name":"Redactor","author_link":"https:\/\/pornuestrolaredo.com\/?author=1"},"magazine_blocks_comment":0,"magazine_blocks_author_image":"https:\/\/pornuestrolaredo.com\/wp-content\/litespeed\/avatar\/dca1d7ec750c399f025f23b0b314f4cf.jpg?ver=1777612120","magazine_blocks_category":"<a href=\"#\" class=\"category-link category-link-4\">Los dos Laredos<\/a>","jetpack_publicize_connections":[],"featured_image_urls":{"full":["https:\/\/pornuestrolaredo.com\/wp-content\/uploads\/2024\/09\/Stereo91-20240902-2.jpg",1280,853,false],"thumbnail":["https:\/\/pornuestrolaredo.com\/wp-content\/uploads\/2024\/09\/Stereo91-20240902-2-150x150.jpg",150,150,true],"medium":["https:\/\/pornuestrolaredo.com\/wp-content\/uploads\/2024\/09\/Stereo91-20240902-2-300x200.jpg",300,200,true],"medium_large":["https:\/\/pornuestrolaredo.com\/wp-content\/uploads\/2024\/09\/Stereo91-20240902-2-768x512.jpg",640,427,true],"large":["https:\/\/pornuestrolaredo.com\/wp-content\/uploads\/2024\/09\/Stereo91-20240902-2-1000x666.jpg",640,426,true],"1536x1536":["https:\/\/pornuestrolaredo.com\/wp-content\/uploads\/2024\/09\/Stereo91-20240902-2.jpg",1280,853,false],"2048x2048":["https:\/\/pornuestrolaredo.com\/wp-content\/uploads\/2024\/09\/Stereo91-20240902-2.jpg",1280,853,false],"morenews-large":["https:\/\/pornuestrolaredo.com\/wp-content\/uploads\/2024\/09\/Stereo91-20240902-2.jpg",825,550,false],"morenews-medium":["https:\/\/pornuestrolaredo.com\/wp-content\/uploads\/2024\/09\/Stereo91-20240902-2.jpg",590,393,false]},"author_info":{"info":["Redactor"]},"category_info":"<a href=\"https:\/\/pornuestrolaredo.com\/?cat=4\" rel=\"category\">Los dos Laredos<\/a>","tag_info":"Los dos Laredos","comment_count":"0","jetpack_featured_media_url":"https:\/\/pornuestrolaredo.com\/wp-content\/uploads\/2024\/09\/Stereo91-20240902-2.jpg","jetpack_sharing_enabled":true,"_links":{"self":[{"href":"https:\/\/pornuestrolaredo.com\/index.php?rest_route=\/wp\/v2\/posts\/4893","targetHints":{"allow":["GET"]}}],"collection":[{"href":"https:\/\/pornuestrolaredo.com\/index.php?rest_route=\/wp\/v2\/posts"}],"about":[{"href":"https:\/\/pornuestrolaredo.com\/index.php?rest_route=\/wp\/v2\/types\/post"}],"author":[{"embeddable":true,"href":"https:\/\/pornuestrolaredo.com\/index.php?rest_route=\/wp\/v2\/users\/1"}],"replies":[{"embeddable":true,"href":"https:\/\/pornuestrolaredo.com\/index.php?rest_route=%2Fwp%2Fv2%2Fcomments&post=4893"}],"version-history":[{"count":1,"href":"https:\/\/pornuestrolaredo.com\/index.php?rest_route=\/wp\/v2\/posts\/4893\/revisions"}],"predecessor-version":[{"id":4895,"href":"https:\/\/pornuestrolaredo.com\/index.php?rest_route=\/wp\/v2\/posts\/4893\/revisions\/4895"}],"wp:featuredmedia":[{"embeddable":true,"href":"https:\/\/pornuestrolaredo.com\/index.php?rest_route=\/wp\/v2\/media\/4894"}],"wp:attachment":[{"href":"https:\/\/pornuestrolaredo.com\/index.php?rest_route=%2Fwp%2Fv2%2Fmedia&parent=4893"}],"wp:term":[{"taxonomy":"category","embeddable":true,"href":"https:\/\/pornuestrolaredo.com\/index.php?rest_route=%2Fwp%2Fv2%2Fcategories&post=4893"},{"taxonomy":"post_tag","embeddable":true,"href":"https:\/\/pornuestrolaredo.com\/index.php?rest_route=%2Fwp%2Fv2%2Ftags&post=4893"}],"curies":[{"name":"wp","href":"https:\/\/api.w.org\/{rel}","templated":true}]}}