{"id":4896,"date":"2024-09-03T18:20:19","date_gmt":"2024-09-03T18:20:19","guid":{"rendered":"https:\/\/pornuestrolaredo.com\/?p=4896"},"modified":"2024-09-03T18:20:19","modified_gmt":"2024-09-03T18:20:19","slug":"bloquean-trabajadores-del-pj-acceso-al-congreso","status":"publish","type":"post","link":"https:\/\/pornuestrolaredo.com\/?p=4896","title":{"rendered":"Bloquean trabajadores del PJ acceso al Congreso"},"content":{"rendered":"<p><strong><em>CIUDAD DE M\u00c9XICO.-<\/em><\/strong> Trabajadores del Poder Judicial de la Federaci\u00f3n impiden el acceso a la C\u00e1mara de Diputados donde hoy se discutir\u00e1 la reforma judicial, por lo que se colocaron en diferentes puntos para impedir el ingreso de los legisladores y que la iniciativa avance.<\/p>\n<p>Desde temprana hora los empleados llegaron a inmediaciones del recinto legislativo donde realizan una cadena humana para evitar el ingreso de cualquier diputado y que la discusi\u00f3n la reforma judicial, que ya fue aprobada en comisiones, siga avanzando hasta su aprobaci\u00f3n debido a que Morena y aliados tienen la mayor\u00eda calificada.<\/p>\n<p>Patricia Aguayo, vocera de los trabajadores del primer circuito y una de las manifestantes, dijo que ya tienen rodeada toda la C\u00e1mara de Diputados y acus\u00f3 la urgencia de los legisladores por sacar adelante la reforma al Poder Judicial por, afirm\u00f3, orden presidencial y que no hay capacidad de di\u00e1logo con ellos, ni con la ciudadan\u00eda y estudiantes sobre esta iniciativa.<\/p>\n<blockquote><p>Es un d\u00eda muy importante para nosotros y tambi\u00e9n para ellos, para los diputados que a toda prisa les urge aprobar esta reforma por orden presidencial. No hay capacidad de di\u00e1logo, no hay capacidad de entendimiento ni con nosotros trabajadores del Poder Judicial ni con la ciudadan\u00eda que les ha pedido audiencia y mucho menos con los estudiantes que estuvieron ayer una buena parte de su tiempo desde la ma\u00f1ana y que finalmente no hay di\u00e1logo en absoluto\u201d, denunci\u00f3.<\/p><\/blockquote>\n<p>Agreg\u00f3 que como los diputados no quieren dialogar sobre esta iniciativa, que es lo \u00fanico que les piden, no les permitir\u00e1n que ingresen al recinto de San L\u00e1zaro para discutir la reforma en el pleno en lo general como est\u00e1 previsto hoy y en lo particular este mi\u00e9rcoles. \u201cEstaremos aqu\u00ed el tiempo que sea necesario\u201d, advirti\u00f3.<\/p>\n<p>Son alrededor de 700 trabajadores del Poder Judicial de la Federaci\u00f3n los que impiden el acceso a la C\u00e1mara de Diputados, a donde llegaron desde las 4:00 horas de este martes.<\/p>\n<p><strong>MONREAL PIDE A DIPUTADOS EVITAR INGRESO POR LA FUERZA<br \/>\n<\/strong><br \/>\nRicardo Monreal, l\u00edder de Morena en la C\u00e1mara de Diputados, llam\u00f3 a legisladores a evitar el ingreso por la fuerza al recinto debido al bloqueo por parte de trabajadores del Poder Judicial de la Federaci\u00f3n, a quienes les garantiz\u00f3 el derecho a la protesta y dijo que hay sedes alternas en las cuales podr\u00edan continuar con su trabajo legislativo sobre la reforma judicial.<\/p>\n<blockquote><p>Est\u00e1 pr\u00e1cticamente el acceso dif\u00edcil para ingresar al sal\u00f3n de sesiones, no queremos provocar un enfrentamiento, no vale la pena, nosotros somos pacifistas, a pesar de que venimos de una oposici\u00f3n que incluso se\u00f1al\u00f3 y realiz\u00f3 y practic\u00f3 algunas de las medidas que ahora est\u00e1n intentando los opositores, nos parece respetable y nos parece un derecho a la manifestaci\u00f3n que debe respetarse&#8221;, dijo.<\/p><\/blockquote>\n<p>Ante ello dijo que pidi\u00f3 directamente a sus compa\u00f1eros diputados y diputadas que no intenten ingresar, que dejen los accesos y a la gente que se est\u00e1 manifestando y que no permite el acceso peatonal ni vehicular.<\/p>\n<blockquote><p>Vamos a tomar una decisi\u00f3n m\u00e1s tarde, est\u00e9n atentos, que no provoquen ni intenten entrar por la intempestiva fuerza, no lo necesitamos y tampoco vamos a solicitar que la polic\u00eda nos abra espacios, que ser\u00eda nuestro derecho para realizar nuestro trabajo, no, vamos a tomar cartas&#8221;, dijo.<\/p><\/blockquote>\n<p>Monreal reiter\u00f3 que van a respetar a los manifestantes, pero van a continuar con su trabajo y la discusi\u00f3n de la reforma judicial en lo general, por lo que record\u00f3 que hay sedes alternas en las cuales pueden sesionar en Santa Fe, donde hay dos recintos, o incluso en alg\u00fan hotel c\u00e9ntrico.<\/p>\n<blockquote><p>No tenemos problema y como no queremos provocar ning\u00fan incidente, queremos discutir civilizadamente, con racionalidad pol\u00edtica y con fundamentos, porque esta reforma va porque as\u00ed fue como nos lo indic\u00f3 el pueblo en las urnas&#8221;, puntualiz\u00f3.<\/p><\/blockquote>\n","protected":false},"excerpt":{"rendered":"<p>Intentan evitar que se discuta la reforma judicial y exigen ser escuchados por los diputados<\/p>\n","protected":false},"author":1,"featured_media":4897,"comment_status":"closed","ping_status":"closed","sticky":false,"template":"","format":"standard","meta":{"_crdt_document":"","_jetpack_memberships_contains_paid_content":false,"footnotes":"","jetpack_publicize_message":"","jetpack_publicize_feature_enabled":true,"jetpack_social_post_already_shared":true,"jetpack_social_options":{"image_generator_settings":{"template":"highway","default_image_id":0,"font":"","enabled":false},"version":2},"_wpas_customize_per_network":false},"categories":[33],"tags":[],"class_list":["post-4896","post","type-post","status-publish","format-standard","has-post-thumbnail","hentry","category-mexico"],"magazineBlocksPostFeaturedMedia":{"thumbnail":"https:\/\/pornuestrolaredo.com\/wp-content\/uploads\/2024\/09\/Stereo91-20240903-6-150x150.jpg","medium":"https:\/\/pornuestrolaredo.com\/wp-content\/uploads\/2024\/09\/Stereo91-20240903-6-300x200.jpg","medium_large":"https:\/\/pornuestrolaredo.com\/wp-content\/uploads\/2024\/09\/Stereo91-20240903-6-768x512.jpg","large":"https:\/\/pornuestrolaredo.com\/wp-content\/uploads\/2024\/09\/Stereo91-20240903-6.jpg","1536x1536":"https:\/\/pornuestrolaredo.com\/wp-content\/uploads\/2024\/09\/Stereo91-20240903-6.jpg","2048x2048":"https:\/\/pornuestrolaredo.com\/wp-content\/uploads\/2024\/09\/Stereo91-20240903-6.jpg","morenews-large":"https:\/\/pornuestrolaredo.com\/wp-content\/uploads\/2024\/09\/Stereo91-20240903-6.jpg","morenews-medium":"https:\/\/pornuestrolaredo.com\/wp-content\/uploads\/2024\/09\/Stereo91-20240903-6.jpg"},"magazineBlocksPostAuthor":{"name":"Redactor","avatar":"https:\/\/pornuestrolaredo.com\/wp-content\/litespeed\/avatar\/dca1d7ec750c399f025f23b0b314f4cf.jpg?ver=1777612120"},"magazineBlocksPostCommentsNumber":false,"magazineBlocksPostExcerpt":"Intentan evitar que se discuta la reforma judicial y exigen ser escuchados por los diputados","magazineBlocksPostCategories":["Mexico"],"magazineBlocksPostViewCount":146,"magazineBlocksPostReadTime":4,"magazine_blocks_featured_image_url":{"full":["https:\/\/pornuestrolaredo.com\/wp-content\/uploads\/2024\/09\/Stereo91-20240903-6.jpg",850,567,false],"medium":["https:\/\/pornuestrolaredo.com\/wp-content\/uploads\/2024\/09\/Stereo91-20240903-6-300x200.jpg",300,200,true],"thumbnail":["https:\/\/pornuestrolaredo.com\/wp-content\/uploads\/2024\/09\/Stereo91-20240903-6-150x150.jpg",150,150,true]},"magazine_blocks_author":{"display_name":"Redactor","author_link":"https:\/\/pornuestrolaredo.com\/?author=1"},"magazine_blocks_comment":0,"magazine_blocks_author_image":"https:\/\/pornuestrolaredo.com\/wp-content\/litespeed\/avatar\/dca1d7ec750c399f025f23b0b314f4cf.jpg?ver=1777612120","magazine_blocks_category":"<a href=\"#\" class=\"category-link category-link-33\">Mexico<\/a>","jetpack_publicize_connections":[],"featured_image_urls":{"full":["https:\/\/pornuestrolaredo.com\/wp-content\/uploads\/2024\/09\/Stereo91-20240903-6.jpg",850,567,false],"thumbnail":["https:\/\/pornuestrolaredo.com\/wp-content\/uploads\/2024\/09\/Stereo91-20240903-6-150x150.jpg",150,150,true],"medium":["https:\/\/pornuestrolaredo.com\/wp-content\/uploads\/2024\/09\/Stereo91-20240903-6-300x200.jpg",300,200,true],"medium_large":["https:\/\/pornuestrolaredo.com\/wp-content\/uploads\/2024\/09\/Stereo91-20240903-6-768x512.jpg",640,427,true],"large":["https:\/\/pornuestrolaredo.com\/wp-content\/uploads\/2024\/09\/Stereo91-20240903-6.jpg",640,427,false],"1536x1536":["https:\/\/pornuestrolaredo.com\/wp-content\/uploads\/2024\/09\/Stereo91-20240903-6.jpg",850,567,false],"2048x2048":["https:\/\/pornuestrolaredo.com\/wp-content\/uploads\/2024\/09\/Stereo91-20240903-6.jpg",850,567,false],"morenews-large":["https:\/\/pornuestrolaredo.com\/wp-content\/uploads\/2024\/09\/Stereo91-20240903-6.jpg",825,550,false],"morenews-medium":["https:\/\/pornuestrolaredo.com\/wp-content\/uploads\/2024\/09\/Stereo91-20240903-6.jpg",590,394,false]},"author_info":{"info":["Redactor"]},"category_info":"<a href=\"https:\/\/pornuestrolaredo.com\/?cat=33\" rel=\"category\">Mexico<\/a>","tag_info":"Mexico","comment_count":"0","jetpack_featured_media_url":"https:\/\/pornuestrolaredo.com\/wp-content\/uploads\/2024\/09\/Stereo91-20240903-6.jpg","jetpack_sharing_enabled":true,"_links":{"self":[{"href":"https:\/\/pornuestrolaredo.com\/index.php?rest_route=\/wp\/v2\/posts\/4896","targetHints":{"allow":["GET"]}}],"collection":[{"href":"https:\/\/pornuestrolaredo.com\/index.php?rest_route=\/wp\/v2\/posts"}],"about":[{"href":"https:\/\/pornuestrolaredo.com\/index.php?rest_route=\/wp\/v2\/types\/post"}],"author":[{"embeddable":true,"href":"https:\/\/pornuestrolaredo.com\/index.php?rest_route=\/wp\/v2\/users\/1"}],"replies":[{"embeddable":true,"href":"https:\/\/pornuestrolaredo.com\/index.php?rest_route=%2Fwp%2Fv2%2Fcomments&post=4896"}],"version-history":[{"count":1,"href":"https:\/\/pornuestrolaredo.com\/index.php?rest_route=\/wp\/v2\/posts\/4896\/revisions"}],"predecessor-version":[{"id":4899,"href":"https:\/\/pornuestrolaredo.com\/index.php?rest_route=\/wp\/v2\/posts\/4896\/revisions\/4899"}],"wp:featuredmedia":[{"embeddable":true,"href":"https:\/\/pornuestrolaredo.com\/index.php?rest_route=\/wp\/v2\/media\/4897"}],"wp:attachment":[{"href":"https:\/\/pornuestrolaredo.com\/index.php?rest_route=%2Fwp%2Fv2%2Fmedia&parent=4896"}],"wp:term":[{"taxonomy":"category","embeddable":true,"href":"https:\/\/pornuestrolaredo.com\/index.php?rest_route=%2Fwp%2Fv2%2Fcategories&post=4896"},{"taxonomy":"post_tag","embeddable":true,"href":"https:\/\/pornuestrolaredo.com\/index.php?rest_route=%2Fwp%2Fv2%2Ftags&post=4896"}],"curies":[{"name":"wp","href":"https:\/\/api.w.org\/{rel}","templated":true}]}}