{"id":4900,"date":"2024-09-03T18:24:13","date_gmt":"2024-09-03T18:24:13","guid":{"rendered":"https:\/\/pornuestrolaredo.com\/?p=4900"},"modified":"2024-09-03T18:24:13","modified_gmt":"2024-09-03T18:24:13","slug":"organizan-bazar-une-para-festejar-las-fiestas-patrias","status":"publish","type":"post","link":"https:\/\/pornuestrolaredo.com\/?p=4900","title":{"rendered":"Organizan Bazar UNE para festejar las fiestas patrias"},"content":{"rendered":"<p><strong><em>NUEVO LAREDO.-<\/em><\/strong> Con motivo del mes patrio, el Gobierno Municipal llevar\u00e1 a cabo el Bazar UNE edici\u00f3n &#8220;Fiestas Patrias&#8221;, en el que 130 emprendedores expondr\u00e1n sus productos y servicios.<\/p>\n<p>Liliana Arjona Barocio, secretaria de Bienestar Social, inform\u00f3 que en esta edici\u00f3n especial habr\u00e1 actividades como loter\u00eda mexicana, bailables, mariachi, y la presentaci\u00f3n de un grupo norte\u00f1o, todo para crear un ambiente fiesta y divertido para los ciudadanos.<\/p>\n<blockquote><p>Es la edici\u00f3n 39 de este bazar es una gran oportunidad para los nuevos negocios, y que se preparen los ciudadanos para este 15 de septiembre porque habr\u00e1 venta art\u00edculos de temporada\u201d, dijo la titular de la secretar\u00eda.<\/p><\/blockquote>\n<p>Entre los productos y servicios que se ofrecer\u00e1n en este bazar, se incluir\u00e1n emprendimientos de comida, accesorios, ropa, calzado, joyer\u00eda, juguetes, blusas t\u00edpicas mexicanas, entre otros.<\/p>\n<p>Este evento se realizar\u00e1 el s\u00e1bado 14 de septiembre en la plaza Ignacio Zaragoza, ubicada frente a la Catedral del Esp\u00edritu Santo, en un horario de 6:00 de la tarde a 10:00 de la noche.<\/p>\n<p>El Bazar UNE tiene como prop\u00f3sito promover diversos negocios locales, proporcionando a los emprendedores oportunidades de desarrollo econ\u00f3mico.<\/p>\n<p>Tambi\u00e9n es un espacio para que los emprendedores expongan sus productos directamente a la ciudadan\u00eda, y para que potencialicen sus p\u00e1ginas en redes sociales, ayud\u00e1ndoles as\u00ed a incrementar sus ventas.<\/p>\n","protected":false},"excerpt":{"rendered":"<p>Son 130 emprendedores los que expondr\u00e1n sus productos y servicios en la plaza Ignacio Zaragoza, conocida como \u2018Longoria\u2019<\/p>\n","protected":false},"author":1,"featured_media":4898,"comment_status":"closed","ping_status":"closed","sticky":false,"template":"","format":"standard","meta":{"_crdt_document":"","_jetpack_memberships_contains_paid_content":false,"footnotes":"","jetpack_publicize_message":"","jetpack_publicize_feature_enabled":true,"jetpack_social_post_already_shared":true,"jetpack_social_options":{"image_generator_settings":{"template":"highway","default_image_id":0,"font":"","enabled":false},"version":2},"_wpas_customize_per_network":false},"categories":[4],"tags":[],"class_list":["post-4900","post","type-post","status-publish","format-standard","has-post-thumbnail","hentry","category-los-dos-laredos"],"magazineBlocksPostFeaturedMedia":{"thumbnail":"https:\/\/pornuestrolaredo.com\/wp-content\/uploads\/2024\/09\/Stereo91-20240903-7-150x150.jpg","medium":"https:\/\/pornuestrolaredo.com\/wp-content\/uploads\/2024\/09\/Stereo91-20240903-7-300x200.jpg","medium_large":"https:\/\/pornuestrolaredo.com\/wp-content\/uploads\/2024\/09\/Stereo91-20240903-7-768x512.jpg","large":"https:\/\/pornuestrolaredo.com\/wp-content\/uploads\/2024\/09\/Stereo91-20240903-7-1000x666.jpg","1536x1536":"https:\/\/pornuestrolaredo.com\/wp-content\/uploads\/2024\/09\/Stereo91-20240903-7.jpg","2048x2048":"https:\/\/pornuestrolaredo.com\/wp-content\/uploads\/2024\/09\/Stereo91-20240903-7.jpg","morenews-large":"https:\/\/pornuestrolaredo.com\/wp-content\/uploads\/2024\/09\/Stereo91-20240903-7.jpg","morenews-medium":"https:\/\/pornuestrolaredo.com\/wp-content\/uploads\/2024\/09\/Stereo91-20240903-7.jpg"},"magazineBlocksPostAuthor":{"name":"Redactor","avatar":"https:\/\/pornuestrolaredo.com\/wp-content\/litespeed\/avatar\/dca1d7ec750c399f025f23b0b314f4cf.jpg?ver=1777612120"},"magazineBlocksPostCommentsNumber":false,"magazineBlocksPostExcerpt":"Son 130 emprendedores los que expondr\u00e1n sus productos y servicios en la plaza Ignacio Zaragoza, conocida como \u2018Longoria\u2019","magazineBlocksPostCategories":["Los dos Laredos"],"magazineBlocksPostViewCount":117,"magazineBlocksPostReadTime":2,"magazine_blocks_featured_image_url":{"full":["https:\/\/pornuestrolaredo.com\/wp-content\/uploads\/2024\/09\/Stereo91-20240903-7.jpg",1280,853,false],"medium":["https:\/\/pornuestrolaredo.com\/wp-content\/uploads\/2024\/09\/Stereo91-20240903-7-300x200.jpg",300,200,true],"thumbnail":["https:\/\/pornuestrolaredo.com\/wp-content\/uploads\/2024\/09\/Stereo91-20240903-7-150x150.jpg",150,150,true]},"magazine_blocks_author":{"display_name":"Redactor","author_link":"https:\/\/pornuestrolaredo.com\/?author=1"},"magazine_blocks_comment":0,"magazine_blocks_author_image":"https:\/\/pornuestrolaredo.com\/wp-content\/litespeed\/avatar\/dca1d7ec750c399f025f23b0b314f4cf.jpg?ver=1777612120","magazine_blocks_category":"<a href=\"#\" class=\"category-link category-link-4\">Los dos Laredos<\/a>","jetpack_publicize_connections":[],"featured_image_urls":{"full":["https:\/\/pornuestrolaredo.com\/wp-content\/uploads\/2024\/09\/Stereo91-20240903-7.jpg",1280,853,false],"thumbnail":["https:\/\/pornuestrolaredo.com\/wp-content\/uploads\/2024\/09\/Stereo91-20240903-7-150x150.jpg",150,150,true],"medium":["https:\/\/pornuestrolaredo.com\/wp-content\/uploads\/2024\/09\/Stereo91-20240903-7-300x200.jpg",300,200,true],"medium_large":["https:\/\/pornuestrolaredo.com\/wp-content\/uploads\/2024\/09\/Stereo91-20240903-7-768x512.jpg",640,427,true],"large":["https:\/\/pornuestrolaredo.com\/wp-content\/uploads\/2024\/09\/Stereo91-20240903-7-1000x666.jpg",640,426,true],"1536x1536":["https:\/\/pornuestrolaredo.com\/wp-content\/uploads\/2024\/09\/Stereo91-20240903-7.jpg",1280,853,false],"2048x2048":["https:\/\/pornuestrolaredo.com\/wp-content\/uploads\/2024\/09\/Stereo91-20240903-7.jpg",1280,853,false],"morenews-large":["https:\/\/pornuestrolaredo.com\/wp-content\/uploads\/2024\/09\/Stereo91-20240903-7.jpg",825,550,false],"morenews-medium":["https:\/\/pornuestrolaredo.com\/wp-content\/uploads\/2024\/09\/Stereo91-20240903-7.jpg",590,393,false]},"author_info":{"info":["Redactor"]},"category_info":"<a href=\"https:\/\/pornuestrolaredo.com\/?cat=4\" rel=\"category\">Los dos Laredos<\/a>","tag_info":"Los dos Laredos","comment_count":"0","jetpack_featured_media_url":"https:\/\/pornuestrolaredo.com\/wp-content\/uploads\/2024\/09\/Stereo91-20240903-7.jpg","jetpack_sharing_enabled":true,"_links":{"self":[{"href":"https:\/\/pornuestrolaredo.com\/index.php?rest_route=\/wp\/v2\/posts\/4900","targetHints":{"allow":["GET"]}}],"collection":[{"href":"https:\/\/pornuestrolaredo.com\/index.php?rest_route=\/wp\/v2\/posts"}],"about":[{"href":"https:\/\/pornuestrolaredo.com\/index.php?rest_route=\/wp\/v2\/types\/post"}],"author":[{"embeddable":true,"href":"https:\/\/pornuestrolaredo.com\/index.php?rest_route=\/wp\/v2\/users\/1"}],"replies":[{"embeddable":true,"href":"https:\/\/pornuestrolaredo.com\/index.php?rest_route=%2Fwp%2Fv2%2Fcomments&post=4900"}],"version-history":[{"count":1,"href":"https:\/\/pornuestrolaredo.com\/index.php?rest_route=\/wp\/v2\/posts\/4900\/revisions"}],"predecessor-version":[{"id":4902,"href":"https:\/\/pornuestrolaredo.com\/index.php?rest_route=\/wp\/v2\/posts\/4900\/revisions\/4902"}],"wp:featuredmedia":[{"embeddable":true,"href":"https:\/\/pornuestrolaredo.com\/index.php?rest_route=\/wp\/v2\/media\/4898"}],"wp:attachment":[{"href":"https:\/\/pornuestrolaredo.com\/index.php?rest_route=%2Fwp%2Fv2%2Fmedia&parent=4900"}],"wp:term":[{"taxonomy":"category","embeddable":true,"href":"https:\/\/pornuestrolaredo.com\/index.php?rest_route=%2Fwp%2Fv2%2Fcategories&post=4900"},{"taxonomy":"post_tag","embeddable":true,"href":"https:\/\/pornuestrolaredo.com\/index.php?rest_route=%2Fwp%2Fv2%2Ftags&post=4900"}],"curies":[{"name":"wp","href":"https:\/\/api.w.org\/{rel}","templated":true}]}}