{"id":4910,"date":"2024-09-04T20:18:24","date_gmt":"2024-09-04T20:18:24","guid":{"rendered":"https:\/\/pornuestrolaredo.com\/?p=4910"},"modified":"2024-09-04T20:18:45","modified_gmt":"2024-09-04T20:18:45","slug":"aprueban-diputados-la-reforma-judicial","status":"publish","type":"post","link":"https:\/\/pornuestrolaredo.com\/?p=4910","title":{"rendered":"Aprueban diputados la reforma judicial"},"content":{"rendered":"<p><strong><strong>CIUDAD DE M\u00c9XICO.-<\/strong><\/strong> La C\u00e1mara de Diputados de M\u00e9xico aprob\u00f3 el mi\u00e9rcoles un pol\u00e9mico proyecto de ley que pondr\u00eda en marcha la reforma al Poder Judicial m\u00e1s radical del siglo al exigir que todos los jueces se presenten a las elecciones.<\/p>\n<p>En una sesi\u00f3n marat\u00f3nica en la que los legisladores se vieron obligados a reunirse en un gimnasio luego de que las protestas bloquearon el paso el edificio del Congreso, la C\u00e1mara de Diputados aprob\u00f3 la medida constitucional por 359 votos a favor y 135 en contra en una primera votaci\u00f3n que transcurri\u00f3 de acuerdo a las l\u00edneas partidarias. Se ten\u00eda previsto que el proyecto de ley, que requiere una mayor\u00eda de dos tercios, fuera aprobado por un margen similar en una segunda votaci\u00f3n necesaria que se iba a realizar en las pr\u00f3ximas horas, para despu\u00e9s ser enviada al Senado.<\/p>\n<p>El partido pol\u00edtico Morena, al que pertenece el presidente Andr\u00e9s Manuel L\u00f3pez Obrador, acusa de corrupci\u00f3n a los jueces del sistema judicial actual y quiere que todo el Poder Judicial del pa\u00eds \u2014unos 7 mil jueces\u2014 sean elegidos mediante el voto popular.<\/p>\n<p>Los cr\u00edticos dijeron que la reforma propinar\u00eda un duro golpe a la independencia del Poder Judicial, y se preguntan c\u00f3mo podr\u00edan llevarse a cabo unas elecciones tan masivas sin que los c\u00e1rteles de la droga y los delincuentes presenten a sus propios candidatos.<\/p>\n<p>L\u00f3pez Obrador lleva tiempo arremetiendo contra los tribunales que han bloqueado algunos de sus proyectos de construcci\u00f3n y medidas pol\u00edticas porque contraven\u00edan las normas constitucionales y legales. El presidente se ha comprometido durante meses a aprobar una serie de medidas como la reforma judicial, as\u00ed como una propuesta para eliminar casi todos los organismos independientes de supervisi\u00f3n y regulaci\u00f3n.<\/p>\n<p>La votaci\u00f3n se preve\u00eda muy re\u00f1ida en el Senado, aunque el partido del presidente parec\u00eda dispuesto a ganar el \u00fanico voto que le faltaba all\u00ed. De ser aprobada por el Senado, la propuesta constitucional se enviar\u00eda a los 32 congresos estatales de M\u00e9xico, donde deber\u00e1 ser aprobada por la mayor\u00eda de ellos. El partido de L\u00f3pez Obrador gobierna la mayor\u00eda de los estados.<\/p>\n<p>Los cr\u00edticos afirman que la medida devastar\u00e1 el sistema de pesos y contrapesos de M\u00e9xico.<\/p>\n<p>\u201cQue se inaugure un muro de la verg\u00fcenza que diga que hoy comenz\u00f3 la ca\u00edda de la Rep\u00fablica\u201d, dijo Paulina Rubio Fern\u00e1ndez, diputada del Partido Acci\u00f3n Nacional (PAN), antes de la votaci\u00f3n.<\/p>\n<p>La votaci\u00f3n del mi\u00e9rcoles fue posible gracias a que el partido Morena y sus aliados ganaron mayor\u00edas abrumadores en las elecciones del 2 de junio.<\/p>\n<p>La sesi\u00f3n, que dur\u00f3 toda la noche, se produjo luego de que manifestantes bloquearon la entrada al Congreso de M\u00e9xico el martes en un intento de exigir un debate sobre la reforma al Poder Judicial.<\/p>\n<p>La reforma ha alimentado una ola de protestas de jueces, empleados judiciales y estudiantes en todo M\u00e9xico en las \u00faltimas semanas, y alcanz\u00f3 otro punto de inflexi\u00f3n el martes, cuando los manifestantes colgaron cuerdas en las entradas de la C\u00e1mara de Diputados para impedir la entrada de los legisladores. Esto se produjo cuando la Suprema Corte de Justicia de la Naci\u00f3n vot\u00f3 8-3 a favor de unirse a las huelgas, a\u00f1adiendo m\u00e1s peso a las protestas.<\/p>\n<p>\u201cEl partido mayoritario podr\u00eda tomar en control del Poder Judicial y esto ser\u00eda pr\u00e1cticamente el fin de la democracia\u201d, dijo Javier Reyes, un trabajador de la judicatura quien, como muchos, ve\u00eda necesario hacer cambios en el sector pero no en los t\u00e9rminos propuestos por el oficialismo. \u201cEllos quieren ser los nuevos due\u00f1os de M\u00e9xico\u201d.<\/p>\n<p>Bajo el sistema actual, los jueces y los secretarios judiciales, que act\u00faan como asistentes de los jueces, acceden poco a poco a los puestos superiores en funci\u00f3n de su historial. Pero con los cambios propuestos, cualquier abogado con una cualificaci\u00f3n m\u00ednima podr\u00eda presentarse, y algunas candidaturas se decidir\u00edan sacando nombres de un sombrero.<\/p>\n<p>Los tribunales de M\u00e9xico han estado plagados de corrupci\u00f3n y opacidad durante mucho tiempo, pero en los \u00faltimos 15 a\u00f1os han sido objeto de reformas para hacerlos m\u00e1s abiertos y responsables, incluido el cambio de muchos juicios a puerta cerrada y basados en papel por un formato m\u00e1s abierto y oral.<\/p>\n<p>Voces tanto nacionales como extranjeras afirman que los nuevos cambios podr\u00edan suponer un rev\u00e9s en el esfuerzo por sanear los tribunales.<\/p>\n<p>El embajador de Estados Unidos en M\u00e9xico, Ken Salazar, dijo el martes que \u201chay much\u00edsima preocupaci\u00f3n\u201d, y destac\u00f3 que la reforma \u201cpuede traer much\u00edsimo da\u00f1o en la relaci\u00f3n (bilateral), esto no s\u00f3lo lo digo yo\u201d. Salazar ha se\u00f1alado la elecci\u00f3n de jueces como su principal reparo a la reforma, se\u00f1alando que afectar\u00eda negativamente a la inversi\u00f3n y a la econom\u00eda mexicana.<\/p>\n<p>L\u00f3pez Obrador dijo la semana pasada que ha puesto \u201cen pausa\u201d las relaciones con las embajadas de Estados Unidos y Canad\u00e1 luego de que ambas naciones expresaron inquietudes sobre la reforma al Poder Judicial.<\/p>\n<p>La presidenta electa Claudia Sheinbaum, aliada cercana de L\u00f3pez Obrador, volvi\u00f3 a defender la reforma el martes por la noche, y public\u00f3 en la red social X que \u201cno afecta ni nuestras relaciones comerciales, ni las inversiones privadas nacionales, ni extranjeras. Por el contrario, habr\u00e1 m\u00e1s y mejor estado de Derecho y m\u00e1s democracia para todas y todos\u201d.<\/p>\n<p>\u201cSi los jueces, magistrados y ministros se eligen por el pueblo, \u00bfd\u00f3nde est\u00e1 el autoritarismo?\u201d, a\u00f1adi\u00f3.<\/p>\n<p>Los cambios propuestos afectar\u00edan a unos 7 mil  jueces de distintos niveles e introducir\u00edan un l\u00edmite de tiempo para que los jueces se pronuncien sobre muchos casos, con el fin de combatir la tendencia de algunos juicios a alargarse durante d\u00e9cadas. Y lo que es m\u00e1s pol\u00e9mico, las reformas tambi\u00e9n introducir\u00edan jueces con identidad oculta para presidir los casos de delincuencia organizada; sus identidades se mantendr\u00edan en secreto para evitar represalias.<\/p>\n<p>Y se despojar\u00eda en gran medida a los tribunales de su facultad de bloquear proyectos o leyes gubernamentales bas\u00e1ndose en recursos de los ciudadanos. Tambi\u00e9n es casi seguro que garantizar\u00eda que el partido del presidente siguiera teniendo un poder pol\u00edtico significativo mucho despu\u00e9s de que L\u00f3pez Obrador dejara el cargo a finales de este mes.<\/p>\n","protected":false},"excerpt":{"rendered":"<p>Se pretende que los jueces sean electos por voto directo de la ciudadan\u00eda; falta que sea discutido en el Senado<\/p>\n","protected":false},"author":1,"featured_media":4911,"comment_status":"closed","ping_status":"closed","sticky":false,"template":"","format":"standard","meta":{"_crdt_document":"","_jetpack_memberships_contains_paid_content":false,"footnotes":"","jetpack_publicize_message":"","jetpack_publicize_feature_enabled":true,"jetpack_social_post_already_shared":true,"jetpack_social_options":{"image_generator_settings":{"template":"highway","default_image_id":0,"font":"","enabled":false},"version":2},"_wpas_customize_per_network":false},"categories":[33],"tags":[],"class_list":["post-4910","post","type-post","status-publish","format-standard","has-post-thumbnail","hentry","category-mexico"],"magazineBlocksPostFeaturedMedia":{"thumbnail":"https:\/\/pornuestrolaredo.com\/wp-content\/uploads\/2024\/09\/Stereo91-20240904-1-150x150.jpg","medium":"https:\/\/pornuestrolaredo.com\/wp-content\/uploads\/2024\/09\/Stereo91-20240904-1-300x182.jpg","medium_large":"https:\/\/pornuestrolaredo.com\/wp-content\/uploads\/2024\/09\/Stereo91-20240904-1-768x466.jpg","large":"https:\/\/pornuestrolaredo.com\/wp-content\/uploads\/2024\/09\/Stereo91-20240904-1-1000x606.jpg","1536x1536":"https:\/\/pornuestrolaredo.com\/wp-content\/uploads\/2024\/09\/Stereo91-20240904-1.jpg","2048x2048":"https:\/\/pornuestrolaredo.com\/wp-content\/uploads\/2024\/09\/Stereo91-20240904-1.jpg","morenews-large":"https:\/\/pornuestrolaredo.com\/wp-content\/uploads\/2024\/09\/Stereo91-20240904-1.jpg","morenews-medium":"https:\/\/pornuestrolaredo.com\/wp-content\/uploads\/2024\/09\/Stereo91-20240904-1.jpg"},"magazineBlocksPostAuthor":{"name":"Redactor","avatar":"https:\/\/pornuestrolaredo.com\/wp-content\/litespeed\/avatar\/dca1d7ec750c399f025f23b0b314f4cf.jpg?ver=1777612120"},"magazineBlocksPostCommentsNumber":false,"magazineBlocksPostExcerpt":"Se pretende que los jueces sean electos por voto directo de la ciudadan\u00eda; falta que sea discutido en el Senado","magazineBlocksPostCategories":["Mexico"],"magazineBlocksPostViewCount":169,"magazineBlocksPostReadTime":6,"magazine_blocks_featured_image_url":{"full":["https:\/\/pornuestrolaredo.com\/wp-content\/uploads\/2024\/09\/Stereo91-20240904-1.jpg",1440,873,false],"medium":["https:\/\/pornuestrolaredo.com\/wp-content\/uploads\/2024\/09\/Stereo91-20240904-1-300x182.jpg",300,182,true],"thumbnail":["https:\/\/pornuestrolaredo.com\/wp-content\/uploads\/2024\/09\/Stereo91-20240904-1-150x150.jpg",150,150,true]},"magazine_blocks_author":{"display_name":"Redactor","author_link":"https:\/\/pornuestrolaredo.com\/?author=1"},"magazine_blocks_comment":0,"magazine_blocks_author_image":"https:\/\/pornuestrolaredo.com\/wp-content\/litespeed\/avatar\/dca1d7ec750c399f025f23b0b314f4cf.jpg?ver=1777612120","magazine_blocks_category":"<a href=\"#\" class=\"category-link category-link-33\">Mexico<\/a>","jetpack_publicize_connections":[],"featured_image_urls":{"full":["https:\/\/pornuestrolaredo.com\/wp-content\/uploads\/2024\/09\/Stereo91-20240904-1.jpg",1440,873,false],"thumbnail":["https:\/\/pornuestrolaredo.com\/wp-content\/uploads\/2024\/09\/Stereo91-20240904-1-150x150.jpg",150,150,true],"medium":["https:\/\/pornuestrolaredo.com\/wp-content\/uploads\/2024\/09\/Stereo91-20240904-1-300x182.jpg",300,182,true],"medium_large":["https:\/\/pornuestrolaredo.com\/wp-content\/uploads\/2024\/09\/Stereo91-20240904-1-768x466.jpg",640,388,true],"large":["https:\/\/pornuestrolaredo.com\/wp-content\/uploads\/2024\/09\/Stereo91-20240904-1-1000x606.jpg",640,388,true],"1536x1536":["https:\/\/pornuestrolaredo.com\/wp-content\/uploads\/2024\/09\/Stereo91-20240904-1.jpg",1440,873,false],"2048x2048":["https:\/\/pornuestrolaredo.com\/wp-content\/uploads\/2024\/09\/Stereo91-20240904-1.jpg",1440,873,false],"morenews-large":["https:\/\/pornuestrolaredo.com\/wp-content\/uploads\/2024\/09\/Stereo91-20240904-1.jpg",825,500,false],"morenews-medium":["https:\/\/pornuestrolaredo.com\/wp-content\/uploads\/2024\/09\/Stereo91-20240904-1.jpg",590,358,false]},"author_info":{"info":["Redactor"]},"category_info":"<a href=\"https:\/\/pornuestrolaredo.com\/?cat=33\" rel=\"category\">Mexico<\/a>","tag_info":"Mexico","comment_count":"0","jetpack_featured_media_url":"https:\/\/pornuestrolaredo.com\/wp-content\/uploads\/2024\/09\/Stereo91-20240904-1.jpg","jetpack_sharing_enabled":true,"_links":{"self":[{"href":"https:\/\/pornuestrolaredo.com\/index.php?rest_route=\/wp\/v2\/posts\/4910","targetHints":{"allow":["GET"]}}],"collection":[{"href":"https:\/\/pornuestrolaredo.com\/index.php?rest_route=\/wp\/v2\/posts"}],"about":[{"href":"https:\/\/pornuestrolaredo.com\/index.php?rest_route=\/wp\/v2\/types\/post"}],"author":[{"embeddable":true,"href":"https:\/\/pornuestrolaredo.com\/index.php?rest_route=\/wp\/v2\/users\/1"}],"replies":[{"embeddable":true,"href":"https:\/\/pornuestrolaredo.com\/index.php?rest_route=%2Fwp%2Fv2%2Fcomments&post=4910"}],"version-history":[{"count":2,"href":"https:\/\/pornuestrolaredo.com\/index.php?rest_route=\/wp\/v2\/posts\/4910\/revisions"}],"predecessor-version":[{"id":4913,"href":"https:\/\/pornuestrolaredo.com\/index.php?rest_route=\/wp\/v2\/posts\/4910\/revisions\/4913"}],"wp:featuredmedia":[{"embeddable":true,"href":"https:\/\/pornuestrolaredo.com\/index.php?rest_route=\/wp\/v2\/media\/4911"}],"wp:attachment":[{"href":"https:\/\/pornuestrolaredo.com\/index.php?rest_route=%2Fwp%2Fv2%2Fmedia&parent=4910"}],"wp:term":[{"taxonomy":"category","embeddable":true,"href":"https:\/\/pornuestrolaredo.com\/index.php?rest_route=%2Fwp%2Fv2%2Fcategories&post=4910"},{"taxonomy":"post_tag","embeddable":true,"href":"https:\/\/pornuestrolaredo.com\/index.php?rest_route=%2Fwp%2Fv2%2Ftags&post=4910"}],"curies":[{"name":"wp","href":"https:\/\/api.w.org\/{rel}","templated":true}]}}