{"id":4914,"date":"2024-09-05T01:29:31","date_gmt":"2024-09-05T01:29:31","guid":{"rendered":"https:\/\/pornuestrolaredo.com\/?p=4914"},"modified":"2024-09-05T01:29:31","modified_gmt":"2024-09-05T01:29:31","slug":"estudiante-de-14-anos-arma-tiroteo","status":"publish","type":"post","link":"https:\/\/pornuestrolaredo.com\/?p=4914","title":{"rendered":"Estudiante de 14 a\u00f1os arma tiroteo"},"content":{"rendered":"<p><strong><em>WINDER, Georgia.- <\/em><\/strong>Un alumno de 14 a\u00f1os mat\u00f3 a dos estudiantes y dos profesores este mi\u00e9rcoles en su colegio de educaci\u00f3n secundaria en el sureste de Estados Unidos antes de ser detenido, anunciaron las autoridades.<\/p>\n<blockquote><p>El autor de los disparos ha sido arrestado&#8221;, inform\u00f3 Chris Hosey, director de la Oficina de Investigaci\u00f3n del estado de Georgia, donde tuvo lugar el asesinato. &#8220;Se trata de un alumno de 14 a\u00f1os de este instituto&#8221;.<\/p><\/blockquote>\n<blockquote><p>Ser\u00e1 procesado por asesinato y juzgado como un adulto&#8221;, afirm\u00f3 el funcionario en rueda de prensa frente al centro Apalachee, en la localidad de Winder, a unos 70 kil\u00f3metros al noreste de Atlanta.<\/p><\/blockquote>\n<p>Las cuatro personas muertas son dos estudiantes y dos profesores, dijo Chris Hosey. Otras nueve resultaron heridas, subray\u00f3.<br \/>\nLa Polic\u00eda intervino tras recibir llamadas de emergencia alrededor de las 10:20 horas.<\/p>\n<p>Al verse frente a un agente asignado a la seguridad del centro, el autor del tiroteo &#8220;se dio cuenta de que si no se rend\u00eda&#8221;, el Polic\u00eda iba a abrir fuego, dijo Jud Smith, el sheriff local.<\/p>\n<blockquote><p>Se dio por vencido, se tir\u00f3 al suelo y el oficial lo arrest\u00f3&#8221;, a\u00f1adi\u00f3 y precis\u00f3 que &#8220;por el momento&#8221; se desconoce si hab\u00eda un m\u00f3vil.<\/p><\/blockquote>\n<p>Esta matanza es la \u00faltima de una larga lista en el pa\u00eds.<\/p>\n<p>En un comunicado, el Presidente Joe Biden afirm\u00f3 que \u00e9l y su esposa Jill est\u00e1n de luto &#8220;por la muerte de las personas cuyas vidas se vieron truncadas por la violencia armada sin sentido&#8221;.<\/p>\n<blockquote><p>Los estudiantes de todo el pa\u00eds est\u00e1n aprendiendo a agacharse y refugiarse en lugar de aprender a leer y escribir. No podemos seguir aceptando esto como algo normal&#8221;, a\u00f1ade Biden, que lleva a\u00f1os intentando regular el acceso a las armas de fuego.<\/p><\/blockquote>\n<blockquote><p>Debemos poner fin a esta epidemia de violencia armada en nuestro pa\u00eds, de una vez por todas. No tiene por qu\u00e9 ser as\u00ed&#8221;, dijo la Vcepresidenta y candidata dem\u00f3crata a la Casa Blanca, Kamala Harris, durante un mitin en el estado de New Hampshire.<\/p><\/blockquote>\n<p>Su rival, el republicano Donald Trump, calific\u00f3 de &#8220;monstruo enfermo y trastornado&#8221; al autor del tiroteo, en un mensaje en su plataforma Truth Social.<\/p>\n<p>Georgia, donde tuvo lugar la matanza, es uno de los estados claves que podr\u00edan decidir el resultado de las elecciones presidenciales de noviembre.<\/p>\n","protected":false},"excerpt":{"rendered":"<p>Est\u00e1 acusado de causar la muerte de dos de sus compa\u00f1eros y dos profesores en una secundaria de Georgia<\/p>\n","protected":false},"author":1,"featured_media":4915,"comment_status":"closed","ping_status":"closed","sticky":false,"template":"","format":"standard","meta":{"_crdt_document":"","_jetpack_memberships_contains_paid_content":false,"footnotes":"","jetpack_publicize_message":"","jetpack_publicize_feature_enabled":true,"jetpack_social_post_already_shared":true,"jetpack_social_options":{"image_generator_settings":{"template":"highway","default_image_id":0,"font":"","enabled":false},"version":2},"_wpas_customize_per_network":false},"categories":[9],"tags":[],"class_list":["post-4914","post","type-post","status-publish","format-standard","has-post-thumbnail","hentry","category-el-mundo"],"magazineBlocksPostFeaturedMedia":{"thumbnail":"https:\/\/pornuestrolaredo.com\/wp-content\/uploads\/2024\/09\/Stereo91-20240904-2-150x150.jpg","medium":"https:\/\/pornuestrolaredo.com\/wp-content\/uploads\/2024\/09\/Stereo91-20240904-2-300x200.jpg","medium_large":"https:\/\/pornuestrolaredo.com\/wp-content\/uploads\/2024\/09\/Stereo91-20240904-2-768x512.jpg","large":"https:\/\/pornuestrolaredo.com\/wp-content\/uploads\/2024\/09\/Stereo91-20240904-2.jpg","1536x1536":"https:\/\/pornuestrolaredo.com\/wp-content\/uploads\/2024\/09\/Stereo91-20240904-2.jpg","2048x2048":"https:\/\/pornuestrolaredo.com\/wp-content\/uploads\/2024\/09\/Stereo91-20240904-2.jpg","morenews-large":"https:\/\/pornuestrolaredo.com\/wp-content\/uploads\/2024\/09\/Stereo91-20240904-2.jpg","morenews-medium":"https:\/\/pornuestrolaredo.com\/wp-content\/uploads\/2024\/09\/Stereo91-20240904-2.jpg"},"magazineBlocksPostAuthor":{"name":"Redactor","avatar":"https:\/\/pornuestrolaredo.com\/wp-content\/litespeed\/avatar\/dca1d7ec750c399f025f23b0b314f4cf.jpg?ver=1777612120"},"magazineBlocksPostCommentsNumber":false,"magazineBlocksPostExcerpt":"Est\u00e1 acusado de causar la muerte de dos de sus compa\u00f1eros y dos profesores en una secundaria de Georgia","magazineBlocksPostCategories":["El Mundo"],"magazineBlocksPostViewCount":118,"magazineBlocksPostReadTime":2,"magazine_blocks_featured_image_url":{"full":["https:\/\/pornuestrolaredo.com\/wp-content\/uploads\/2024\/09\/Stereo91-20240904-2.jpg",960,640,false],"medium":["https:\/\/pornuestrolaredo.com\/wp-content\/uploads\/2024\/09\/Stereo91-20240904-2-300x200.jpg",300,200,true],"thumbnail":["https:\/\/pornuestrolaredo.com\/wp-content\/uploads\/2024\/09\/Stereo91-20240904-2-150x150.jpg",150,150,true]},"magazine_blocks_author":{"display_name":"Redactor","author_link":"https:\/\/pornuestrolaredo.com\/?author=1"},"magazine_blocks_comment":0,"magazine_blocks_author_image":"https:\/\/pornuestrolaredo.com\/wp-content\/litespeed\/avatar\/dca1d7ec750c399f025f23b0b314f4cf.jpg?ver=1777612120","magazine_blocks_category":"<a href=\"#\" class=\"category-link category-link-9\">El Mundo<\/a>","jetpack_publicize_connections":[],"featured_image_urls":{"full":["https:\/\/pornuestrolaredo.com\/wp-content\/uploads\/2024\/09\/Stereo91-20240904-2.jpg",960,640,false],"thumbnail":["https:\/\/pornuestrolaredo.com\/wp-content\/uploads\/2024\/09\/Stereo91-20240904-2-150x150.jpg",150,150,true],"medium":["https:\/\/pornuestrolaredo.com\/wp-content\/uploads\/2024\/09\/Stereo91-20240904-2-300x200.jpg",300,200,true],"medium_large":["https:\/\/pornuestrolaredo.com\/wp-content\/uploads\/2024\/09\/Stereo91-20240904-2-768x512.jpg",640,427,true],"large":["https:\/\/pornuestrolaredo.com\/wp-content\/uploads\/2024\/09\/Stereo91-20240904-2.jpg",640,427,false],"1536x1536":["https:\/\/pornuestrolaredo.com\/wp-content\/uploads\/2024\/09\/Stereo91-20240904-2.jpg",960,640,false],"2048x2048":["https:\/\/pornuestrolaredo.com\/wp-content\/uploads\/2024\/09\/Stereo91-20240904-2.jpg",960,640,false],"morenews-large":["https:\/\/pornuestrolaredo.com\/wp-content\/uploads\/2024\/09\/Stereo91-20240904-2.jpg",825,550,false],"morenews-medium":["https:\/\/pornuestrolaredo.com\/wp-content\/uploads\/2024\/09\/Stereo91-20240904-2.jpg",590,393,false]},"author_info":{"info":["Redactor"]},"category_info":"<a href=\"https:\/\/pornuestrolaredo.com\/?cat=9\" rel=\"category\">El Mundo<\/a>","tag_info":"El Mundo","comment_count":"0","jetpack_featured_media_url":"https:\/\/pornuestrolaredo.com\/wp-content\/uploads\/2024\/09\/Stereo91-20240904-2.jpg","jetpack_sharing_enabled":true,"_links":{"self":[{"href":"https:\/\/pornuestrolaredo.com\/index.php?rest_route=\/wp\/v2\/posts\/4914","targetHints":{"allow":["GET"]}}],"collection":[{"href":"https:\/\/pornuestrolaredo.com\/index.php?rest_route=\/wp\/v2\/posts"}],"about":[{"href":"https:\/\/pornuestrolaredo.com\/index.php?rest_route=\/wp\/v2\/types\/post"}],"author":[{"embeddable":true,"href":"https:\/\/pornuestrolaredo.com\/index.php?rest_route=\/wp\/v2\/users\/1"}],"replies":[{"embeddable":true,"href":"https:\/\/pornuestrolaredo.com\/index.php?rest_route=%2Fwp%2Fv2%2Fcomments&post=4914"}],"version-history":[{"count":1,"href":"https:\/\/pornuestrolaredo.com\/index.php?rest_route=\/wp\/v2\/posts\/4914\/revisions"}],"predecessor-version":[{"id":4916,"href":"https:\/\/pornuestrolaredo.com\/index.php?rest_route=\/wp\/v2\/posts\/4914\/revisions\/4916"}],"wp:featuredmedia":[{"embeddable":true,"href":"https:\/\/pornuestrolaredo.com\/index.php?rest_route=\/wp\/v2\/media\/4915"}],"wp:attachment":[{"href":"https:\/\/pornuestrolaredo.com\/index.php?rest_route=%2Fwp%2Fv2%2Fmedia&parent=4914"}],"wp:term":[{"taxonomy":"category","embeddable":true,"href":"https:\/\/pornuestrolaredo.com\/index.php?rest_route=%2Fwp%2Fv2%2Fcategories&post=4914"},{"taxonomy":"post_tag","embeddable":true,"href":"https:\/\/pornuestrolaredo.com\/index.php?rest_route=%2Fwp%2Fv2%2Ftags&post=4914"}],"curies":[{"name":"wp","href":"https:\/\/api.w.org\/{rel}","templated":true}]}}