{"id":4926,"date":"2024-09-05T03:43:12","date_gmt":"2024-09-05T03:43:12","guid":{"rendered":"https:\/\/pornuestrolaredo.com\/?p=4926"},"modified":"2024-09-05T03:43:12","modified_gmt":"2024-09-05T03:43:12","slug":"sufre-fito-paez-accidente-y-cancela-espectaculo-en-cdmx","status":"publish","type":"post","link":"https:\/\/pornuestrolaredo.com\/?p=4926","title":{"rendered":"Sufre Fito P\u00e1ez accidente y cancela espect\u00e1culo en CDMX"},"content":{"rendered":"<p><strong><em>CIUDAD DE M\u00c9XICO.<\/em>&#8211;<\/strong> A d\u00edas de su primer concierto en el z\u00f3calo de la Ciudad de M\u00e9xico, leyenda de rock argentino Fito P\u00e1ez cancel\u00f3 el espect\u00e1culo por un accidente dom\u00e9stico.<\/p>\n<blockquote><p>El domingo a la ma\u00f1ana sufr\u00ed un accidente dom\u00e9stico que devino en la fractura de cinco costillas,\u201d comparti\u00f3 en X. \u201cMe veo ante la imposibilidad de afrontar los pr\u00f3ximos conciertos de septiembre en DF, Guadalajara y Bog\u00f3ta\u201d.<\/p><\/blockquote>\n<p>Adem\u00e1s de su concierto del s\u00e1bado en el Z\u00f3calo, Paez ten\u00eda otras fechas programadas en M\u00e9xico que igualmente fueron canceladas.<\/p>\n<p>La promotora OCESA se\u00f1al\u00f3 que los conciertos del 19 de septiembre en Auditorio Telmex de Guadalajara y 21 de septiembre en Auditorio Nacional de la Ciudad de M\u00e9xico, ahora se realizar\u00e1n los d\u00edas 21 de enero en la capital y 26 de enero en Guadalajara.<\/p>\n<p>OCESA, que tambi\u00e9n colabora en el montaje del concierto del Z\u00f3calo, no ha indicado si se va a reprogramar esa fecha.<\/p>\n<p>M\u00e9xico se preparaba para recibirlo para un concierto masivo en el Z\u00f3calo de la capital donde se han presentado artistas como Paul McCartney, Roger Waters, Caf\u00e9 Tacvba, Los Fabulosos Cadillacs y Julieta Venegas.<\/p>\n<p>Incluso P\u00e1ez hab\u00eda compartido su emoci\u00f3n para tocar en el Z\u00f3calo con una publicaci\u00f3n en X la semana pasada.<\/p>\n<blockquote><p>Pocos honores como tocar en el Z\u00f3calo \u00bfno?\u201d, dijo en un video compartido en la red social. \u201c\u00a1Qu\u00e9 gran honor me ha dado la vida y me da M\u00e9xico una vez m\u00e1s!\u201d Pero esto es uno de los grandes\u201d.<\/p><\/blockquote>\n<p>Ahora los fans lamentaban la cancelaci\u00f3n y le enviaban sus buenos deseos.<\/p>\n<blockquote><p>Que te recuperes pronto,\u201d dijo en X la usuaria \u201c@JazzSupernova\u201c. \u201dTe esperamos con mucho amor en M\u00e9xico\u201d.<\/p><\/blockquote>\n<p>El escritor, cineasta y ganador de nueve Latin Grammy a\u00fan tiene fechas por delante este a\u00f1o. En noviembre y diciembre tiene su gira de PAEZ 4030, un tour aniversario para su primer \u00e1lbum \u201cDel 63\u201d y \u201cCirco Beat\u201d su octavo \u00e1lbum en Uruguay, Argentina, y Chile. Por el momento no se ha publicado informaci\u00f3n sobre estas fechas.<\/p>\n<p>Originario de Rosario de la provincia de Santa Fe, la carrera de P\u00e1ez inici\u00f3 a principios de la d\u00e9cada de 1980. \u201cEl amor despu\u00e9s del amor\u201d, lanzado en 1992, es uno de los \u00e1lbumes de rock m\u00e1s vendidos de la historia en Argentina. Su m\u00e1s reciente lanzamiento, \u201cEADDA9223\u201d, revisit\u00f3 los temas de su \u00e1lbum cl\u00e1sico, acompa\u00f1ado de artistas como Lali y Nicki Nicole.<\/p>\n<p>Adem\u00e1s de producir su serie biogr\u00e1fica para Netflix, \u201cEl amor despu\u00e9s del amor\u201d en 2022, P\u00e1ez es autor de los libros \u201cLa puta diabla\u201d, \u201cDiario de viaje\u201d y \u201cLos d\u00edas de Kirchner\u201d.<\/p>\n","protected":false},"excerpt":{"rendered":"<p>La leyenda de rock argentino explica que sufri\u00f3 la la fractura de cinco costillas<\/p>\n","protected":false},"author":1,"featured_media":4927,"comment_status":"closed","ping_status":"closed","sticky":false,"template":"","format":"standard","meta":{"_crdt_document":"","_jetpack_memberships_contains_paid_content":false,"footnotes":"","jetpack_publicize_message":"","jetpack_publicize_feature_enabled":true,"jetpack_social_post_already_shared":true,"jetpack_social_options":{"image_generator_settings":{"template":"highway","default_image_id":0,"font":"","enabled":false},"version":2},"_wpas_customize_per_network":false},"categories":[34],"tags":[],"class_list":["post-4926","post","type-post","status-publish","format-standard","has-post-thumbnail","hentry","category-farandula"],"magazineBlocksPostFeaturedMedia":{"thumbnail":"https:\/\/pornuestrolaredo.com\/wp-content\/uploads\/2024\/09\/Stereo91-20240904-6-150x150.jpg","medium":"https:\/\/pornuestrolaredo.com\/wp-content\/uploads\/2024\/09\/Stereo91-20240904-6-300x175.jpg","medium_large":"https:\/\/pornuestrolaredo.com\/wp-content\/uploads\/2024\/09\/Stereo91-20240904-6-768x449.jpg","large":"https:\/\/pornuestrolaredo.com\/wp-content\/uploads\/2024\/09\/Stereo91-20240904-6.jpg","1536x1536":"https:\/\/pornuestrolaredo.com\/wp-content\/uploads\/2024\/09\/Stereo91-20240904-6.jpg","2048x2048":"https:\/\/pornuestrolaredo.com\/wp-content\/uploads\/2024\/09\/Stereo91-20240904-6.jpg","morenews-large":"https:\/\/pornuestrolaredo.com\/wp-content\/uploads\/2024\/09\/Stereo91-20240904-6.jpg","morenews-medium":"https:\/\/pornuestrolaredo.com\/wp-content\/uploads\/2024\/09\/Stereo91-20240904-6.jpg"},"magazineBlocksPostAuthor":{"name":"Redactor","avatar":"https:\/\/pornuestrolaredo.com\/wp-content\/litespeed\/avatar\/dca1d7ec750c399f025f23b0b314f4cf.jpg?ver=1777612120"},"magazineBlocksPostCommentsNumber":false,"magazineBlocksPostExcerpt":"La leyenda de rock argentino explica que sufri\u00f3 la la fractura de cinco costillas","magazineBlocksPostCategories":["Far\u00e1ndula"],"magazineBlocksPostViewCount":127,"magazineBlocksPostReadTime":3,"magazine_blocks_featured_image_url":{"full":["https:\/\/pornuestrolaredo.com\/wp-content\/uploads\/2024\/09\/Stereo91-20240904-6.jpg",980,573,false],"medium":["https:\/\/pornuestrolaredo.com\/wp-content\/uploads\/2024\/09\/Stereo91-20240904-6-300x175.jpg",300,175,true],"thumbnail":["https:\/\/pornuestrolaredo.com\/wp-content\/uploads\/2024\/09\/Stereo91-20240904-6-150x150.jpg",150,150,true]},"magazine_blocks_author":{"display_name":"Redactor","author_link":"https:\/\/pornuestrolaredo.com\/?author=1"},"magazine_blocks_comment":0,"magazine_blocks_author_image":"https:\/\/pornuestrolaredo.com\/wp-content\/litespeed\/avatar\/dca1d7ec750c399f025f23b0b314f4cf.jpg?ver=1777612120","magazine_blocks_category":"<a href=\"#\" class=\"category-link category-link-34\">Far\u00e1ndula<\/a>","jetpack_publicize_connections":[],"featured_image_urls":{"full":["https:\/\/pornuestrolaredo.com\/wp-content\/uploads\/2024\/09\/Stereo91-20240904-6.jpg",980,573,false],"thumbnail":["https:\/\/pornuestrolaredo.com\/wp-content\/uploads\/2024\/09\/Stereo91-20240904-6-150x150.jpg",150,150,true],"medium":["https:\/\/pornuestrolaredo.com\/wp-content\/uploads\/2024\/09\/Stereo91-20240904-6-300x175.jpg",300,175,true],"medium_large":["https:\/\/pornuestrolaredo.com\/wp-content\/uploads\/2024\/09\/Stereo91-20240904-6-768x449.jpg",640,374,true],"large":["https:\/\/pornuestrolaredo.com\/wp-content\/uploads\/2024\/09\/Stereo91-20240904-6.jpg",640,374,false],"1536x1536":["https:\/\/pornuestrolaredo.com\/wp-content\/uploads\/2024\/09\/Stereo91-20240904-6.jpg",980,573,false],"2048x2048":["https:\/\/pornuestrolaredo.com\/wp-content\/uploads\/2024\/09\/Stereo91-20240904-6.jpg",980,573,false],"morenews-large":["https:\/\/pornuestrolaredo.com\/wp-content\/uploads\/2024\/09\/Stereo91-20240904-6.jpg",825,482,false],"morenews-medium":["https:\/\/pornuestrolaredo.com\/wp-content\/uploads\/2024\/09\/Stereo91-20240904-6.jpg",590,345,false]},"author_info":{"info":["Redactor"]},"category_info":"<a href=\"https:\/\/pornuestrolaredo.com\/?cat=34\" rel=\"category\">Far\u00e1ndula<\/a>","tag_info":"Far\u00e1ndula","comment_count":"0","jetpack_featured_media_url":"https:\/\/pornuestrolaredo.com\/wp-content\/uploads\/2024\/09\/Stereo91-20240904-6.jpg","jetpack_sharing_enabled":true,"_links":{"self":[{"href":"https:\/\/pornuestrolaredo.com\/index.php?rest_route=\/wp\/v2\/posts\/4926","targetHints":{"allow":["GET"]}}],"collection":[{"href":"https:\/\/pornuestrolaredo.com\/index.php?rest_route=\/wp\/v2\/posts"}],"about":[{"href":"https:\/\/pornuestrolaredo.com\/index.php?rest_route=\/wp\/v2\/types\/post"}],"author":[{"embeddable":true,"href":"https:\/\/pornuestrolaredo.com\/index.php?rest_route=\/wp\/v2\/users\/1"}],"replies":[{"embeddable":true,"href":"https:\/\/pornuestrolaredo.com\/index.php?rest_route=%2Fwp%2Fv2%2Fcomments&post=4926"}],"version-history":[{"count":1,"href":"https:\/\/pornuestrolaredo.com\/index.php?rest_route=\/wp\/v2\/posts\/4926\/revisions"}],"predecessor-version":[{"id":4928,"href":"https:\/\/pornuestrolaredo.com\/index.php?rest_route=\/wp\/v2\/posts\/4926\/revisions\/4928"}],"wp:featuredmedia":[{"embeddable":true,"href":"https:\/\/pornuestrolaredo.com\/index.php?rest_route=\/wp\/v2\/media\/4927"}],"wp:attachment":[{"href":"https:\/\/pornuestrolaredo.com\/index.php?rest_route=%2Fwp%2Fv2%2Fmedia&parent=4926"}],"wp:term":[{"taxonomy":"category","embeddable":true,"href":"https:\/\/pornuestrolaredo.com\/index.php?rest_route=%2Fwp%2Fv2%2Fcategories&post=4926"},{"taxonomy":"post_tag","embeddable":true,"href":"https:\/\/pornuestrolaredo.com\/index.php?rest_route=%2Fwp%2Fv2%2Ftags&post=4926"}],"curies":[{"name":"wp","href":"https:\/\/api.w.org\/{rel}","templated":true}]}}