{"id":4929,"date":"2024-09-05T18:57:09","date_gmt":"2024-09-05T18:57:09","guid":{"rendered":"https:\/\/pornuestrolaredo.com\/?p=4929"},"modified":"2024-09-05T18:57:09","modified_gmt":"2024-09-05T18:57:09","slug":"miss-universo-sera-en-cdmx-en-noviembre","status":"publish","type":"post","link":"https:\/\/pornuestrolaredo.com\/?p=4929","title":{"rendered":"Miss Universo ser\u00e1 en CDMX, en noviembre"},"content":{"rendered":"<p><strong><em>CIUDAD DE M\u00c9XICO.-<\/em><\/strong> La 73\u00aa edici\u00f3n de Miss Universo tiene fecha y sede establecida: se celebrar\u00e1 el 16 de noviembre en Ciudad de M\u00e9xico.<\/p>\n<p>Luego de anunciar que el certamen de belleza se har\u00eda en territorio mexicano, los organizadores hab\u00edan mantenido en secreto la ciudad que finalmente lo acoger\u00eda. Incluso hab\u00eda algunos reportes que indicaban que ser\u00eda en Canc\u00fan.<\/p>\n<p>El mi\u00e9rcoles, en conferencia de prensa, se confirm\u00f3 que ser\u00e1 en la capital y contar\u00e1 con un r\u00e9cord de 130 pa\u00edses participantes. En noviembre del a\u00f1o pasado, cuando El Salvador fue la sede, acudieron 84 pa\u00edses.<\/p>\n<blockquote><p>Nunca antes hab\u00edamos visto una representaci\u00f3n como \u00e9sta, y variada, de tantas naciones, lo que subraya el crecimiento y la relevancia global de Miss Universe Organization\u201d, dijo el presidente de Miss Universe, Raul Rocha Cant\u00fa.<\/p><\/blockquote>\n<p>Miss Universo Sheynnis Palacios estuvo presente en la conferencia junto con Cant\u00fa y Mario Bucaro, vicepresidente de relaciones internacionales de Miss Universe, as\u00ed como con el asesor Miss Universe Osmel Sousa, la abogada y presentadora de televisi\u00f3n Daniela Cordero Arenas y Arturo Morell Barrag\u00e1n, coordinador general de asesores y asuntos internacionales de la Ciudad de M\u00e9xico.<\/p>\n<blockquote><p>La Ciudad de M\u00e9xico se prepara para ser el epicentro de la belleza, el talento y la cultura internacional\u201d, se\u00f1al\u00f3 Cant\u00fa.<\/p><\/blockquote>\n<p>Las concursantes comenzar\u00e1n a llegar a M\u00e9xico el 29 de octubre. El 1 de noviembre celebrar\u00e1n La Gala de las Catrinas, un evento filantr\u00f3pico en el Centro Hist\u00f3rico de la ciudad que coincide con el D\u00eda de Muertos en M\u00e9xico y que busca ayudar a mujeres y ni\u00f1as en situaci\u00f3n de vulnerabilidad.<\/p>\n<p>Las concursantes participar\u00e1n en diversas actividades y eventos culturales. Tambi\u00e9n se espera que visiten diferentes estados del pa\u00eds, para conocer m\u00e1s de la cultura y belleza de M\u00e9xico.<\/p>\n<p>El 14 de noviembre comenzar\u00e1 la competencia preliminar incluyendo los desfiles en traje de ba\u00f1o, la presentaci\u00f3n de los trajes nacionales. Dos d\u00edas despu\u00e9s ser\u00e1 la gran final en la Arena Ciudad de M\u00e9xico, un recinto con capacidad para 22.000 espectadores. Se montar\u00e1 un gran escenario inspirado en el infinito, \u201cun s\u00edmbolo de la ilimitada capacidad y el poder de la mujer\u201d, dijo Cant\u00fa.<\/p>\n<p>Emilio Estefan crear\u00e1 la canci\u00f3n oficial de la edici\u00f3n 73 de Miss Universo que se transmitir\u00e1 en vivo por Telemundo en Estados Unidos, Centro y Sudam\u00e9rica. En M\u00e9xico se podr\u00e1 ver por TV Azteca y en el servicio de streaming Roku.<\/p>\n<p>El formato del certamen cambiar\u00e1 y ahora tendr\u00e1 finalistas elegidas desde la competencia preliminar. El nuevo proceso tiene siete etapas de selecci\u00f3n: de las primeras saldr\u00e1n cuatro candidatas regionales (Am\u00e9rica Latina y el Caribe, Europa, \u00c1frica, Asia y Ocean\u00eda). Tambi\u00e9n habr\u00e1 una candidata designada por voto popular.<\/p>\n<p>El primer grupo de seleccionadas, que incluye a las concursantes elegidas en las etapas preliminares, contar\u00e1 con 30 candidatas que participar\u00e1n en la final en busca de una mayor diversidad y representaci\u00f3n. La siguiente ronda tendr\u00e1 12 finalistas y la \u00faltima ronda tendr\u00e1 cinco concursantes, de entre las cuales ser\u00e1 elegida la nueva Miss Universo 2024.<\/p>\n","protected":false},"excerpt":{"rendered":"<p>CIUDAD DE M\u00c9XICO.- La 73\u00aa edici\u00f3n de Miss Universo tiene fecha y sede establecida: se celebrar\u00e1 el 16<\/p>\n","protected":false},"author":1,"featured_media":4930,"comment_status":"closed","ping_status":"closed","sticky":false,"template":"","format":"standard","meta":{"_crdt_document":"","_jetpack_memberships_contains_paid_content":false,"footnotes":"","jetpack_publicize_message":"","jetpack_publicize_feature_enabled":true,"jetpack_social_post_already_shared":true,"jetpack_social_options":{"image_generator_settings":{"template":"highway","default_image_id":0,"font":"","enabled":false},"version":2},"_wpas_customize_per_network":false},"categories":[9],"tags":[],"class_list":["post-4929","post","type-post","status-publish","format-standard","has-post-thumbnail","hentry","category-el-mundo"],"magazineBlocksPostFeaturedMedia":{"thumbnail":"https:\/\/pornuestrolaredo.com\/wp-content\/uploads\/2024\/09\/107FM-20240905-1-150x150.jpg","medium":"https:\/\/pornuestrolaredo.com\/wp-content\/uploads\/2024\/09\/107FM-20240905-1-300x180.jpg","medium_large":"https:\/\/pornuestrolaredo.com\/wp-content\/uploads\/2024\/09\/107FM-20240905-1-768x461.jpg","large":"https:\/\/pornuestrolaredo.com\/wp-content\/uploads\/2024\/09\/107FM-20240905-1-1000x601.jpg","1536x1536":"https:\/\/pornuestrolaredo.com\/wp-content\/uploads\/2024\/09\/107FM-20240905-1.jpg","2048x2048":"https:\/\/pornuestrolaredo.com\/wp-content\/uploads\/2024\/09\/107FM-20240905-1.jpg","morenews-large":"https:\/\/pornuestrolaredo.com\/wp-content\/uploads\/2024\/09\/107FM-20240905-1.jpg","morenews-medium":"https:\/\/pornuestrolaredo.com\/wp-content\/uploads\/2024\/09\/107FM-20240905-1.jpg"},"magazineBlocksPostAuthor":{"name":"Redactor","avatar":"https:\/\/pornuestrolaredo.com\/wp-content\/litespeed\/avatar\/dca1d7ec750c399f025f23b0b314f4cf.jpg?ver=1777612120"},"magazineBlocksPostCommentsNumber":false,"magazineBlocksPostExcerpt":"CIUDAD DE M\u00c9XICO.- La 73\u00aa edici\u00f3n de Miss Universo tiene fecha y sede establecida: se celebrar\u00e1 el 16","magazineBlocksPostCategories":["El Mundo"],"magazineBlocksPostViewCount":119,"magazineBlocksPostReadTime":3,"magazine_blocks_featured_image_url":{"full":["https:\/\/pornuestrolaredo.com\/wp-content\/uploads\/2024\/09\/107FM-20240905-1.jpg",1440,865,false],"medium":["https:\/\/pornuestrolaredo.com\/wp-content\/uploads\/2024\/09\/107FM-20240905-1-300x180.jpg",300,180,true],"thumbnail":["https:\/\/pornuestrolaredo.com\/wp-content\/uploads\/2024\/09\/107FM-20240905-1-150x150.jpg",150,150,true]},"magazine_blocks_author":{"display_name":"Redactor","author_link":"https:\/\/pornuestrolaredo.com\/?author=1"},"magazine_blocks_comment":0,"magazine_blocks_author_image":"https:\/\/pornuestrolaredo.com\/wp-content\/litespeed\/avatar\/dca1d7ec750c399f025f23b0b314f4cf.jpg?ver=1777612120","magazine_blocks_category":"<a href=\"#\" class=\"category-link category-link-9\">El Mundo<\/a>","jetpack_publicize_connections":[],"featured_image_urls":{"full":["https:\/\/pornuestrolaredo.com\/wp-content\/uploads\/2024\/09\/107FM-20240905-1.jpg",1440,865,false],"thumbnail":["https:\/\/pornuestrolaredo.com\/wp-content\/uploads\/2024\/09\/107FM-20240905-1-150x150.jpg",150,150,true],"medium":["https:\/\/pornuestrolaredo.com\/wp-content\/uploads\/2024\/09\/107FM-20240905-1-300x180.jpg",300,180,true],"medium_large":["https:\/\/pornuestrolaredo.com\/wp-content\/uploads\/2024\/09\/107FM-20240905-1-768x461.jpg",640,384,true],"large":["https:\/\/pornuestrolaredo.com\/wp-content\/uploads\/2024\/09\/107FM-20240905-1-1000x601.jpg",640,385,true],"1536x1536":["https:\/\/pornuestrolaredo.com\/wp-content\/uploads\/2024\/09\/107FM-20240905-1.jpg",1440,865,false],"2048x2048":["https:\/\/pornuestrolaredo.com\/wp-content\/uploads\/2024\/09\/107FM-20240905-1.jpg",1440,865,false],"morenews-large":["https:\/\/pornuestrolaredo.com\/wp-content\/uploads\/2024\/09\/107FM-20240905-1.jpg",825,496,false],"morenews-medium":["https:\/\/pornuestrolaredo.com\/wp-content\/uploads\/2024\/09\/107FM-20240905-1.jpg",590,354,false]},"author_info":{"info":["Redactor"]},"category_info":"<a href=\"https:\/\/pornuestrolaredo.com\/?cat=9\" rel=\"category\">El Mundo<\/a>","tag_info":"El Mundo","comment_count":"0","jetpack_featured_media_url":"https:\/\/pornuestrolaredo.com\/wp-content\/uploads\/2024\/09\/107FM-20240905-1.jpg","jetpack_sharing_enabled":true,"_links":{"self":[{"href":"https:\/\/pornuestrolaredo.com\/index.php?rest_route=\/wp\/v2\/posts\/4929","targetHints":{"allow":["GET"]}}],"collection":[{"href":"https:\/\/pornuestrolaredo.com\/index.php?rest_route=\/wp\/v2\/posts"}],"about":[{"href":"https:\/\/pornuestrolaredo.com\/index.php?rest_route=\/wp\/v2\/types\/post"}],"author":[{"embeddable":true,"href":"https:\/\/pornuestrolaredo.com\/index.php?rest_route=\/wp\/v2\/users\/1"}],"replies":[{"embeddable":true,"href":"https:\/\/pornuestrolaredo.com\/index.php?rest_route=%2Fwp%2Fv2%2Fcomments&post=4929"}],"version-history":[{"count":1,"href":"https:\/\/pornuestrolaredo.com\/index.php?rest_route=\/wp\/v2\/posts\/4929\/revisions"}],"predecessor-version":[{"id":4931,"href":"https:\/\/pornuestrolaredo.com\/index.php?rest_route=\/wp\/v2\/posts\/4929\/revisions\/4931"}],"wp:featuredmedia":[{"embeddable":true,"href":"https:\/\/pornuestrolaredo.com\/index.php?rest_route=\/wp\/v2\/media\/4930"}],"wp:attachment":[{"href":"https:\/\/pornuestrolaredo.com\/index.php?rest_route=%2Fwp%2Fv2%2Fmedia&parent=4929"}],"wp:term":[{"taxonomy":"category","embeddable":true,"href":"https:\/\/pornuestrolaredo.com\/index.php?rest_route=%2Fwp%2Fv2%2Fcategories&post=4929"},{"taxonomy":"post_tag","embeddable":true,"href":"https:\/\/pornuestrolaredo.com\/index.php?rest_route=%2Fwp%2Fv2%2Ftags&post=4929"}],"curies":[{"name":"wp","href":"https:\/\/api.w.org\/{rel}","templated":true}]}}