{"id":4932,"date":"2024-09-05T19:02:50","date_gmt":"2024-09-05T19:02:50","guid":{"rendered":"https:\/\/pornuestrolaredo.com\/?p=4932"},"modified":"2024-09-05T19:02:50","modified_gmt":"2024-09-05T19:02:50","slug":"exige-fiscal-reactivar-juicio-contra-el-actor-alec-baldwin","status":"publish","type":"post","link":"https:\/\/pornuestrolaredo.com\/?p=4932","title":{"rendered":"Exige fiscal reactivar juicio contra el actor Alec Baldwin"},"content":{"rendered":"<p><strong><em>SANTA FE, Nuevo M\u00e9xico.-<\/em><\/strong>  Una fiscal pidi\u00f3 a una jueza de Nuevo M\u00e9xico que reconsidere la decisi\u00f3n de desestimar una acusaci\u00f3n de homicidio involuntario contra Alec Baldwin por la muerte por disparo de la directora de fotograf\u00eda en el set de una pel\u00edcula del Oeste, seg\u00fan documentos presentados ante la corte y divulgados el mi\u00e9rcoles.<\/p>\n<p>La fiscal especial Kari Morrissey dijo que no existen datos suficientes para apoyar la decisi\u00f3n tomada en el tribunal estatal de distrito y que no se viola el derecho de Baldwin a un debido proceso.<\/p>\n<p>La jueza Mary Marlowe Sommer desestim\u00f3 el caso contra Baldwin en julio \u2014a la mitad del juicio\u2014 con base en la retenci\u00f3n de pruebas por parte de la polic\u00eda y la fiscal\u00eda en la muerte por herida de arma de fuego de la directora de fotograf\u00eda Halyna Hutchins en el set de la pel\u00edcula \u201cRust\u201d.<\/p>\n<p>La acusaci\u00f3n contra Baldwin fue desestimada con sobreseimiento libre, lo que significa que no se puede reactivar una vez que se agoten las apelaciones a la decisi\u00f3n.<\/p>\n<p>Baldwin, actor principal y coproductor de \u201cRust\u201d, apuntaba con una pistola a la directora de fotograf\u00eda Halyna Hutchins durante un ensayo cuando el arma se dispar\u00f3, provocando la muerte de la cinefot\u00f3grafa e hiriendo al director Joel Souza. Baldwin dijo que retrajo el percutor, pero no tir\u00f3 del gatillo, y que el rev\u00f3lver se dispar\u00f3.<\/p>\n","protected":false},"excerpt":{"rendered":"<p>Est\u00e1 acusado por la muerte por disparo de la directora de fotograf\u00eda en el set de una pel\u00edcula del Oeste<\/p>\n","protected":false},"author":1,"featured_media":4933,"comment_status":"closed","ping_status":"closed","sticky":false,"template":"","format":"standard","meta":{"_crdt_document":"","_jetpack_memberships_contains_paid_content":false,"footnotes":"","jetpack_publicize_message":"","jetpack_publicize_feature_enabled":true,"jetpack_social_post_already_shared":true,"jetpack_social_options":{"image_generator_settings":{"template":"highway","default_image_id":0,"font":"","enabled":false},"version":2},"_wpas_customize_per_network":false},"categories":[34],"tags":[],"class_list":["post-4932","post","type-post","status-publish","format-standard","has-post-thumbnail","hentry","category-farandula"],"magazineBlocksPostFeaturedMedia":{"thumbnail":"https:\/\/pornuestrolaredo.com\/wp-content\/uploads\/2024\/09\/107FM-20240905-2-150x150.jpg","medium":"https:\/\/pornuestrolaredo.com\/wp-content\/uploads\/2024\/09\/107FM-20240905-2-300x178.jpg","medium_large":"https:\/\/pornuestrolaredo.com\/wp-content\/uploads\/2024\/09\/107FM-20240905-2-768x454.jpg","large":"https:\/\/pornuestrolaredo.com\/wp-content\/uploads\/2024\/09\/107FM-20240905-2.jpg","1536x1536":"https:\/\/pornuestrolaredo.com\/wp-content\/uploads\/2024\/09\/107FM-20240905-2.jpg","2048x2048":"https:\/\/pornuestrolaredo.com\/wp-content\/uploads\/2024\/09\/107FM-20240905-2.jpg","morenews-large":"https:\/\/pornuestrolaredo.com\/wp-content\/uploads\/2024\/09\/107FM-20240905-2.jpg","morenews-medium":"https:\/\/pornuestrolaredo.com\/wp-content\/uploads\/2024\/09\/107FM-20240905-2.jpg"},"magazineBlocksPostAuthor":{"name":"Redactor","avatar":"https:\/\/pornuestrolaredo.com\/wp-content\/litespeed\/avatar\/dca1d7ec750c399f025f23b0b314f4cf.jpg?ver=1777612120"},"magazineBlocksPostCommentsNumber":false,"magazineBlocksPostExcerpt":"Est\u00e1 acusado por la muerte por disparo de la directora de fotograf\u00eda en el set de una pel\u00edcula del Oeste","magazineBlocksPostCategories":["Far\u00e1ndula"],"magazineBlocksPostViewCount":131,"magazineBlocksPostReadTime":2,"magazine_blocks_featured_image_url":{"full":["https:\/\/pornuestrolaredo.com\/wp-content\/uploads\/2024\/09\/107FM-20240905-2.jpg",850,503,false],"medium":["https:\/\/pornuestrolaredo.com\/wp-content\/uploads\/2024\/09\/107FM-20240905-2-300x178.jpg",300,178,true],"thumbnail":["https:\/\/pornuestrolaredo.com\/wp-content\/uploads\/2024\/09\/107FM-20240905-2-150x150.jpg",150,150,true]},"magazine_blocks_author":{"display_name":"Redactor","author_link":"https:\/\/pornuestrolaredo.com\/?author=1"},"magazine_blocks_comment":0,"magazine_blocks_author_image":"https:\/\/pornuestrolaredo.com\/wp-content\/litespeed\/avatar\/dca1d7ec750c399f025f23b0b314f4cf.jpg?ver=1777612120","magazine_blocks_category":"<a href=\"#\" class=\"category-link category-link-34\">Far\u00e1ndula<\/a>","jetpack_publicize_connections":[],"featured_image_urls":{"full":["https:\/\/pornuestrolaredo.com\/wp-content\/uploads\/2024\/09\/107FM-20240905-2.jpg",850,503,false],"thumbnail":["https:\/\/pornuestrolaredo.com\/wp-content\/uploads\/2024\/09\/107FM-20240905-2-150x150.jpg",150,150,true],"medium":["https:\/\/pornuestrolaredo.com\/wp-content\/uploads\/2024\/09\/107FM-20240905-2-300x178.jpg",300,178,true],"medium_large":["https:\/\/pornuestrolaredo.com\/wp-content\/uploads\/2024\/09\/107FM-20240905-2-768x454.jpg",640,378,true],"large":["https:\/\/pornuestrolaredo.com\/wp-content\/uploads\/2024\/09\/107FM-20240905-2.jpg",640,379,false],"1536x1536":["https:\/\/pornuestrolaredo.com\/wp-content\/uploads\/2024\/09\/107FM-20240905-2.jpg",850,503,false],"2048x2048":["https:\/\/pornuestrolaredo.com\/wp-content\/uploads\/2024\/09\/107FM-20240905-2.jpg",850,503,false],"morenews-large":["https:\/\/pornuestrolaredo.com\/wp-content\/uploads\/2024\/09\/107FM-20240905-2.jpg",825,488,false],"morenews-medium":["https:\/\/pornuestrolaredo.com\/wp-content\/uploads\/2024\/09\/107FM-20240905-2.jpg",590,349,false]},"author_info":{"info":["Redactor"]},"category_info":"<a href=\"https:\/\/pornuestrolaredo.com\/?cat=34\" rel=\"category\">Far\u00e1ndula<\/a>","tag_info":"Far\u00e1ndula","comment_count":"0","jetpack_featured_media_url":"https:\/\/pornuestrolaredo.com\/wp-content\/uploads\/2024\/09\/107FM-20240905-2.jpg","jetpack_sharing_enabled":true,"_links":{"self":[{"href":"https:\/\/pornuestrolaredo.com\/index.php?rest_route=\/wp\/v2\/posts\/4932","targetHints":{"allow":["GET"]}}],"collection":[{"href":"https:\/\/pornuestrolaredo.com\/index.php?rest_route=\/wp\/v2\/posts"}],"about":[{"href":"https:\/\/pornuestrolaredo.com\/index.php?rest_route=\/wp\/v2\/types\/post"}],"author":[{"embeddable":true,"href":"https:\/\/pornuestrolaredo.com\/index.php?rest_route=\/wp\/v2\/users\/1"}],"replies":[{"embeddable":true,"href":"https:\/\/pornuestrolaredo.com\/index.php?rest_route=%2Fwp%2Fv2%2Fcomments&post=4932"}],"version-history":[{"count":1,"href":"https:\/\/pornuestrolaredo.com\/index.php?rest_route=\/wp\/v2\/posts\/4932\/revisions"}],"predecessor-version":[{"id":4934,"href":"https:\/\/pornuestrolaredo.com\/index.php?rest_route=\/wp\/v2\/posts\/4932\/revisions\/4934"}],"wp:featuredmedia":[{"embeddable":true,"href":"https:\/\/pornuestrolaredo.com\/index.php?rest_route=\/wp\/v2\/media\/4933"}],"wp:attachment":[{"href":"https:\/\/pornuestrolaredo.com\/index.php?rest_route=%2Fwp%2Fv2%2Fmedia&parent=4932"}],"wp:term":[{"taxonomy":"category","embeddable":true,"href":"https:\/\/pornuestrolaredo.com\/index.php?rest_route=%2Fwp%2Fv2%2Fcategories&post=4932"},{"taxonomy":"post_tag","embeddable":true,"href":"https:\/\/pornuestrolaredo.com\/index.php?rest_route=%2Fwp%2Fv2%2Ftags&post=4932"}],"curies":[{"name":"wp","href":"https:\/\/api.w.org\/{rel}","templated":true}]}}