{"id":4938,"date":"2024-09-06T18:35:21","date_gmt":"2024-09-06T18:35:21","guid":{"rendered":"https:\/\/pornuestrolaredo.com\/?p=4938"},"modified":"2024-09-06T18:35:21","modified_gmt":"2024-09-06T18:35:21","slug":"ya-nacionalizo-su-carro-solo-queda-este-mes","status":"publish","type":"post","link":"https:\/\/pornuestrolaredo.com\/?p=4938","title":{"rendered":"\u00bfYa nacionaliz\u00f3 su carro? \u00a1S\u00f3lo queda este mes!"},"content":{"rendered":"<p><strong><em>NUEVO LAREDO.-<\/em><\/strong> El 30 de septiembre es el \u00faltimo d\u00eda para sacar de ilegalidad su auto chocolate. S\u00f3lo hay que hacer el tr\u00e1mite por internet a y luego acudir con el veh\u00edculo al m\u00f3dulo del REPUVE.<\/p>\n<p>El Gobierno Municipal hace un llamado a la poblaci\u00f3n para que aproveche los \u00faltimos d\u00edas del Programa de Regularizaci\u00f3n de Veh\u00edculos Usados de Procedencia Extranjera (REPUVE).<\/p>\n<p>La alcaldesa Carmen Lilia Canturosas Villarreal inform\u00f3 que de acuerdo al decreto del Gobierno Federal, la poblaci\u00f3n tiene solo este mes para nacionalizar su patrimonio vehicular.<\/p>\n<blockquote><p>Invitamos a nuestros ciudadanos para que acudan a regularizar su veh\u00edculo,  es un programa que ha tenido una aceptaci\u00f3n muy positiva, pero que adem\u00e1s ha dejado un gran beneficio para la ciudad \u201d, dijo Canturosas Villarreal.<\/p><\/blockquote>\n<p>La presidenta municipal explic\u00f3 que gracias al recurso obtenido a trav\u00e9s del m\u00f3dulo municipal de REPUVE, se han obtenido  212 millones de pesos que fueron destinados a obras de pavimentaci\u00f3n, repavimentaci\u00f3n y recarpeteo.<\/p>\n<p>Tambi\u00e9n que s\u00f3lo en el m\u00f3dulo municipal se han logrado nacionalizar 72 mil 970 veh\u00edculos. <\/p>\n<p>Este m\u00f3dulo municipal est\u00e1 ubicado en Arteaga 3900 (Antigua Aduana) en un horario de lunes a viernes de 8:00 de la ma\u00f1ana a 4:00 de la tarde. Adem\u00e1s cuenta con 24 carriles para que la atenci\u00f3n y el tr\u00e1mite sea m\u00e1s \u00e1gil.<\/p>\n<p>Recordar que la cita se realiza previamente en https:\/\/regularizaauto.sspc.gob.mx\/ y los interesados deber\u00e1n tener el CURP, el n\u00famero de identificaci\u00f3n vehicular (NIV), c\u00f3digo postal, un correo electr\u00f3nico y un n\u00famero de tel\u00e9fono.<\/p>\n","protected":false},"excerpt":{"rendered":"<p>El 30 de septiembre termina el plazo para poder regularizar su auto chocolate con el pago de 2 mil 500 pesos<\/p>\n","protected":false},"author":1,"featured_media":4939,"comment_status":"closed","ping_status":"closed","sticky":false,"template":"","format":"standard","meta":{"_crdt_document":"","_jetpack_memberships_contains_paid_content":false,"footnotes":"","jetpack_publicize_message":"","jetpack_publicize_feature_enabled":true,"jetpack_social_post_already_shared":true,"jetpack_social_options":{"image_generator_settings":{"template":"highway","default_image_id":0,"font":"","enabled":false},"version":2},"_wpas_customize_per_network":false},"categories":[4],"tags":[],"class_list":["post-4938","post","type-post","status-publish","format-standard","has-post-thumbnail","hentry","category-los-dos-laredos"],"magazineBlocksPostFeaturedMedia":{"thumbnail":"https:\/\/pornuestrolaredo.com\/wp-content\/uploads\/2024\/09\/Stereo91-20240906-2-150x150.jpg","medium":"https:\/\/pornuestrolaredo.com\/wp-content\/uploads\/2024\/09\/Stereo91-20240906-2-300x175.jpg","medium_large":"https:\/\/pornuestrolaredo.com\/wp-content\/uploads\/2024\/09\/Stereo91-20240906-2-768x447.jpg","large":"https:\/\/pornuestrolaredo.com\/wp-content\/uploads\/2024\/09\/Stereo91-20240906-2.jpg","1536x1536":"https:\/\/pornuestrolaredo.com\/wp-content\/uploads\/2024\/09\/Stereo91-20240906-2.jpg","2048x2048":"https:\/\/pornuestrolaredo.com\/wp-content\/uploads\/2024\/09\/Stereo91-20240906-2.jpg","morenews-large":"https:\/\/pornuestrolaredo.com\/wp-content\/uploads\/2024\/09\/Stereo91-20240906-2.jpg","morenews-medium":"https:\/\/pornuestrolaredo.com\/wp-content\/uploads\/2024\/09\/Stereo91-20240906-2.jpg"},"magazineBlocksPostAuthor":{"name":"Redactor","avatar":"https:\/\/pornuestrolaredo.com\/wp-content\/litespeed\/avatar\/dca1d7ec750c399f025f23b0b314f4cf.jpg?ver=1777612120"},"magazineBlocksPostCommentsNumber":false,"magazineBlocksPostExcerpt":"El 30 de septiembre termina el plazo para poder regularizar su auto chocolate con el pago de 2 mil 500 pesos","magazineBlocksPostCategories":["Los dos Laredos"],"magazineBlocksPostViewCount":130,"magazineBlocksPostReadTime":2,"magazine_blocks_featured_image_url":{"full":["https:\/\/pornuestrolaredo.com\/wp-content\/uploads\/2024\/09\/Stereo91-20240906-2.jpg",850,495,false],"medium":["https:\/\/pornuestrolaredo.com\/wp-content\/uploads\/2024\/09\/Stereo91-20240906-2-300x175.jpg",300,175,true],"thumbnail":["https:\/\/pornuestrolaredo.com\/wp-content\/uploads\/2024\/09\/Stereo91-20240906-2-150x150.jpg",150,150,true]},"magazine_blocks_author":{"display_name":"Redactor","author_link":"https:\/\/pornuestrolaredo.com\/?author=1"},"magazine_blocks_comment":0,"magazine_blocks_author_image":"https:\/\/pornuestrolaredo.com\/wp-content\/litespeed\/avatar\/dca1d7ec750c399f025f23b0b314f4cf.jpg?ver=1777612120","magazine_blocks_category":"<a href=\"#\" class=\"category-link category-link-4\">Los dos Laredos<\/a>","jetpack_publicize_connections":[],"featured_image_urls":{"full":["https:\/\/pornuestrolaredo.com\/wp-content\/uploads\/2024\/09\/Stereo91-20240906-2.jpg",850,495,false],"thumbnail":["https:\/\/pornuestrolaredo.com\/wp-content\/uploads\/2024\/09\/Stereo91-20240906-2-150x150.jpg",150,150,true],"medium":["https:\/\/pornuestrolaredo.com\/wp-content\/uploads\/2024\/09\/Stereo91-20240906-2-300x175.jpg",300,175,true],"medium_large":["https:\/\/pornuestrolaredo.com\/wp-content\/uploads\/2024\/09\/Stereo91-20240906-2-768x447.jpg",640,373,true],"large":["https:\/\/pornuestrolaredo.com\/wp-content\/uploads\/2024\/09\/Stereo91-20240906-2.jpg",640,373,false],"1536x1536":["https:\/\/pornuestrolaredo.com\/wp-content\/uploads\/2024\/09\/Stereo91-20240906-2.jpg",850,495,false],"2048x2048":["https:\/\/pornuestrolaredo.com\/wp-content\/uploads\/2024\/09\/Stereo91-20240906-2.jpg",850,495,false],"morenews-large":["https:\/\/pornuestrolaredo.com\/wp-content\/uploads\/2024\/09\/Stereo91-20240906-2.jpg",825,480,false],"morenews-medium":["https:\/\/pornuestrolaredo.com\/wp-content\/uploads\/2024\/09\/Stereo91-20240906-2.jpg",590,344,false]},"author_info":{"info":["Redactor"]},"category_info":"<a href=\"https:\/\/pornuestrolaredo.com\/?cat=4\" rel=\"category\">Los dos Laredos<\/a>","tag_info":"Los dos Laredos","comment_count":"0","jetpack_featured_media_url":"https:\/\/pornuestrolaredo.com\/wp-content\/uploads\/2024\/09\/Stereo91-20240906-2.jpg","jetpack_sharing_enabled":true,"_links":{"self":[{"href":"https:\/\/pornuestrolaredo.com\/index.php?rest_route=\/wp\/v2\/posts\/4938","targetHints":{"allow":["GET"]}}],"collection":[{"href":"https:\/\/pornuestrolaredo.com\/index.php?rest_route=\/wp\/v2\/posts"}],"about":[{"href":"https:\/\/pornuestrolaredo.com\/index.php?rest_route=\/wp\/v2\/types\/post"}],"author":[{"embeddable":true,"href":"https:\/\/pornuestrolaredo.com\/index.php?rest_route=\/wp\/v2\/users\/1"}],"replies":[{"embeddable":true,"href":"https:\/\/pornuestrolaredo.com\/index.php?rest_route=%2Fwp%2Fv2%2Fcomments&post=4938"}],"version-history":[{"count":1,"href":"https:\/\/pornuestrolaredo.com\/index.php?rest_route=\/wp\/v2\/posts\/4938\/revisions"}],"predecessor-version":[{"id":4940,"href":"https:\/\/pornuestrolaredo.com\/index.php?rest_route=\/wp\/v2\/posts\/4938\/revisions\/4940"}],"wp:featuredmedia":[{"embeddable":true,"href":"https:\/\/pornuestrolaredo.com\/index.php?rest_route=\/wp\/v2\/media\/4939"}],"wp:attachment":[{"href":"https:\/\/pornuestrolaredo.com\/index.php?rest_route=%2Fwp%2Fv2%2Fmedia&parent=4938"}],"wp:term":[{"taxonomy":"category","embeddable":true,"href":"https:\/\/pornuestrolaredo.com\/index.php?rest_route=%2Fwp%2Fv2%2Fcategories&post=4938"},{"taxonomy":"post_tag","embeddable":true,"href":"https:\/\/pornuestrolaredo.com\/index.php?rest_route=%2Fwp%2Fv2%2Ftags&post=4938"}],"curies":[{"name":"wp","href":"https:\/\/api.w.org\/{rel}","templated":true}]}}