{"id":4957,"date":"2024-09-10T17:57:57","date_gmt":"2024-09-10T17:57:57","guid":{"rendered":"https:\/\/pornuestrolaredo.com\/?p=4957"},"modified":"2024-09-10T17:57:57","modified_gmt":"2024-09-10T17:57:57","slug":"aprende-a-tocar-un-instrumento-musical-gratis","status":"publish","type":"post","link":"https:\/\/pornuestrolaredo.com\/?p=4957","title":{"rendered":"Aprende a tocar un instrumento musical \u00a1gratis!"},"content":{"rendered":"<p>NUEVO LAREDO.- \u00bfEsa guitarra que compraste hace tiempo sigue en el rinc\u00f3n? \u00bfNo son suficientes los videos de Youtube para aprender a tocar la flauta que te regalaron? \u00bfNo quieres gastar para aprender a tocar un instrumento? Todo tiene soluci\u00f3n, s\u00f3lo hay que aprovechar las oportunidades que ofrece la Escuela de M\u00fasica del Sistema DIF.<\/p>\n<p>En esta escuela se puede aprender a tocar una gran variedad de instrumentos y mejorar tus habilidades musicales.<\/p>\n<p>Est\u00e1n disponibles espacios para clases de guitarra, percusi\u00f3n, ukelele, bater\u00eda y saxof\u00f3n, as\u00ed como para estudiar\u00a0 canto y flauta moderna. Tambi\u00e9n se ofrecen cursos para trompeta, bugle, corno franc\u00e9s, bar\u00edtono, tromb\u00f3n y tuba.<\/p>\n<p>Adem\u00e1s, la escuela invita a estudiantes con discapacidad a inscribirse en sus clases de m\u00fasica especializadas.<\/p>\n<p>El ciclo de clases concluir\u00e1 en diciembre y esta es la \u00faltima semana para integrarse a los grupos de aprendizaje, ya que el resto de los grupos han cerrado inscripciones.<\/p>\n<p>Los interesados en inscribirse pueden acudir a la Escuela de M\u00fasica en el horario de 9:00 a.m. a 2:00 p.m. y de 3:00 p.m. a 6:00 p.m. a\u00a0 Eva S\u00e1mano 1511, colonia La Fe.<\/p>\n<p>Para la inscripci\u00f3n, se requieren los siguientes documentos:<\/p>\n<p>Copia del acta de nacimiento.<\/p>\n<p>Copia del CURP.<\/p>\n<p>Copia del comprobante de domicilio.<\/p>\n<p>Copia de la credencial INE (de padre, madre o tutor, si el estudiante es menor de edad)<\/p>\n<p>Dos fotograf\u00edas tama\u00f1o infantil. Contar con instrumento propio.<\/p>\n","protected":false},"excerpt":{"rendered":"<p>Hay espacios en las clases de de guitarra, percusi\u00f3n, ukelele, bater\u00eda, saxof\u00f3n, flauta moderna y para estudiar canto<\/p>\n","protected":false},"author":1,"featured_media":4958,"comment_status":"closed","ping_status":"closed","sticky":false,"template":"","format":"standard","meta":{"_crdt_document":"","_jetpack_memberships_contains_paid_content":false,"footnotes":"","jetpack_publicize_message":"","jetpack_publicize_feature_enabled":true,"jetpack_social_post_already_shared":true,"jetpack_social_options":{"image_generator_settings":{"template":"highway","default_image_id":0,"font":"","enabled":false},"version":2},"_wpas_customize_per_network":false},"categories":[4],"tags":[],"class_list":["post-4957","post","type-post","status-publish","format-standard","has-post-thumbnail","hentry","category-los-dos-laredos"],"magazineBlocksPostFeaturedMedia":{"thumbnail":"https:\/\/pornuestrolaredo.com\/wp-content\/uploads\/2024\/09\/PNL-20240910-1-150x150.jpg","medium":"https:\/\/pornuestrolaredo.com\/wp-content\/uploads\/2024\/09\/PNL-20240910-1-300x180.jpg","medium_large":"https:\/\/pornuestrolaredo.com\/wp-content\/uploads\/2024\/09\/PNL-20240910-1-768x460.jpg","large":"https:\/\/pornuestrolaredo.com\/wp-content\/uploads\/2024\/09\/PNL-20240910-1.jpg","1536x1536":"https:\/\/pornuestrolaredo.com\/wp-content\/uploads\/2024\/09\/PNL-20240910-1.jpg","2048x2048":"https:\/\/pornuestrolaredo.com\/wp-content\/uploads\/2024\/09\/PNL-20240910-1.jpg","morenews-large":"https:\/\/pornuestrolaredo.com\/wp-content\/uploads\/2024\/09\/PNL-20240910-1.jpg","morenews-medium":"https:\/\/pornuestrolaredo.com\/wp-content\/uploads\/2024\/09\/PNL-20240910-1.jpg"},"magazineBlocksPostAuthor":{"name":"Redactor","avatar":"https:\/\/pornuestrolaredo.com\/wp-content\/litespeed\/avatar\/dca1d7ec750c399f025f23b0b314f4cf.jpg?ver=1777612120"},"magazineBlocksPostCommentsNumber":false,"magazineBlocksPostExcerpt":"Hay espacios en las clases de de guitarra, percusi\u00f3n, ukelele, bater\u00eda, saxof\u00f3n, flauta moderna y para estudiar canto","magazineBlocksPostCategories":["Los dos Laredos"],"magazineBlocksPostViewCount":131,"magazineBlocksPostReadTime":2,"magazine_blocks_featured_image_url":{"full":["https:\/\/pornuestrolaredo.com\/wp-content\/uploads\/2024\/09\/PNL-20240910-1.jpg",850,509,false],"medium":["https:\/\/pornuestrolaredo.com\/wp-content\/uploads\/2024\/09\/PNL-20240910-1-300x180.jpg",300,180,true],"thumbnail":["https:\/\/pornuestrolaredo.com\/wp-content\/uploads\/2024\/09\/PNL-20240910-1-150x150.jpg",150,150,true]},"magazine_blocks_author":{"display_name":"Redactor","author_link":"https:\/\/pornuestrolaredo.com\/?author=1"},"magazine_blocks_comment":0,"magazine_blocks_author_image":"https:\/\/pornuestrolaredo.com\/wp-content\/litespeed\/avatar\/dca1d7ec750c399f025f23b0b314f4cf.jpg?ver=1777612120","magazine_blocks_category":"<a href=\"#\" class=\"category-link category-link-4\">Los dos Laredos<\/a>","jetpack_publicize_connections":[],"featured_image_urls":{"full":["https:\/\/pornuestrolaredo.com\/wp-content\/uploads\/2024\/09\/PNL-20240910-1.jpg",850,509,false],"thumbnail":["https:\/\/pornuestrolaredo.com\/wp-content\/uploads\/2024\/09\/PNL-20240910-1-150x150.jpg",150,150,true],"medium":["https:\/\/pornuestrolaredo.com\/wp-content\/uploads\/2024\/09\/PNL-20240910-1-300x180.jpg",300,180,true],"medium_large":["https:\/\/pornuestrolaredo.com\/wp-content\/uploads\/2024\/09\/PNL-20240910-1-768x460.jpg",640,383,true],"large":["https:\/\/pornuestrolaredo.com\/wp-content\/uploads\/2024\/09\/PNL-20240910-1.jpg",640,383,false],"1536x1536":["https:\/\/pornuestrolaredo.com\/wp-content\/uploads\/2024\/09\/PNL-20240910-1.jpg",850,509,false],"2048x2048":["https:\/\/pornuestrolaredo.com\/wp-content\/uploads\/2024\/09\/PNL-20240910-1.jpg",850,509,false],"morenews-large":["https:\/\/pornuestrolaredo.com\/wp-content\/uploads\/2024\/09\/PNL-20240910-1.jpg",825,494,false],"morenews-medium":["https:\/\/pornuestrolaredo.com\/wp-content\/uploads\/2024\/09\/PNL-20240910-1.jpg",590,353,false]},"author_info":{"info":["Redactor"]},"category_info":"<a href=\"https:\/\/pornuestrolaredo.com\/?cat=4\" rel=\"category\">Los dos Laredos<\/a>","tag_info":"Los dos Laredos","comment_count":"0","jetpack_featured_media_url":"https:\/\/pornuestrolaredo.com\/wp-content\/uploads\/2024\/09\/PNL-20240910-1.jpg","jetpack_sharing_enabled":true,"_links":{"self":[{"href":"https:\/\/pornuestrolaredo.com\/index.php?rest_route=\/wp\/v2\/posts\/4957","targetHints":{"allow":["GET"]}}],"collection":[{"href":"https:\/\/pornuestrolaredo.com\/index.php?rest_route=\/wp\/v2\/posts"}],"about":[{"href":"https:\/\/pornuestrolaredo.com\/index.php?rest_route=\/wp\/v2\/types\/post"}],"author":[{"embeddable":true,"href":"https:\/\/pornuestrolaredo.com\/index.php?rest_route=\/wp\/v2\/users\/1"}],"replies":[{"embeddable":true,"href":"https:\/\/pornuestrolaredo.com\/index.php?rest_route=%2Fwp%2Fv2%2Fcomments&post=4957"}],"version-history":[{"count":1,"href":"https:\/\/pornuestrolaredo.com\/index.php?rest_route=\/wp\/v2\/posts\/4957\/revisions"}],"predecessor-version":[{"id":4959,"href":"https:\/\/pornuestrolaredo.com\/index.php?rest_route=\/wp\/v2\/posts\/4957\/revisions\/4959"}],"wp:featuredmedia":[{"embeddable":true,"href":"https:\/\/pornuestrolaredo.com\/index.php?rest_route=\/wp\/v2\/media\/4958"}],"wp:attachment":[{"href":"https:\/\/pornuestrolaredo.com\/index.php?rest_route=%2Fwp%2Fv2%2Fmedia&parent=4957"}],"wp:term":[{"taxonomy":"category","embeddable":true,"href":"https:\/\/pornuestrolaredo.com\/index.php?rest_route=%2Fwp%2Fv2%2Fcategories&post=4957"},{"taxonomy":"post_tag","embeddable":true,"href":"https:\/\/pornuestrolaredo.com\/index.php?rest_route=%2Fwp%2Fv2%2Ftags&post=4957"}],"curies":[{"name":"wp","href":"https:\/\/api.w.org\/{rel}","templated":true}]}}