{"id":4969,"date":"2024-09-10T19:01:29","date_gmt":"2024-09-10T19:01:29","guid":{"rendered":"https:\/\/pornuestrolaredo.com\/?p=4969"},"modified":"2024-09-10T19:01:36","modified_gmt":"2024-09-10T19:01:36","slug":"van-kamala-harris-y-donald-trump-hoy-a-debate","status":"publish","type":"post","link":"https:\/\/pornuestrolaredo.com\/?p=4969","title":{"rendered":"Van Kamala Harris y Donald Trump hoy a debate"},"content":{"rendered":"<p><strong><em>WASHINGTON.-<\/em><\/strong> Kamala Harris y Donald Trump se enfrentar\u00e1n por primera vez cara a cara la noche del martes en el que podr\u00eda ser su \u00fanico debate, una oportunidad de alta presi\u00f3n para mostrar sus visiones marcadamente distintas para el pa\u00eds tras un tumultuoso verano de campa\u00f1a.<\/p>\n<p>El evento, que comenzar\u00e1 a las 9 de la noche hora del este en Filadelfia, dar\u00e1 a los estadounidenses la m\u00e1s detallada visi\u00f3n de una campa\u00f1a que cambi\u00f3 dr\u00e1sticamente desde el \u00faltimo debate en junio. En un breve periodo, el presidente Joe Biden se retir\u00f3 de la contienda tras su desastroso desempe\u00f1o en el debate, Trump sobrevivi\u00f3 a un intento de asesinato, y ambas partes eligieron a sus compa\u00f1eros de f\u00f3rmula .<\/p>\n<p>Harris est\u00e1 decidida a demostrar que puede presentar los argumentos dem\u00f3cratas contra Trump mejor de lo que lo hizo Biden. Por su parte, Trump intenta presentar a la vicepresidenta como una liberal desconectada de la realidad, mientras trata de ganarse a los votantes esc\u00e9pticos de que deba volver a la Casa Blanca.<\/p>\n<p>Trump, de 78 a\u00f1os, ha tenido dificultades para adaptarse a Harris, de 59, que es la primera mujer y la primera persona de ascendencia negra y surasi\u00e1tica en ocupar la vicepresidencia. El expresidente republicano ha recurrido en ocasiones a invocar estereotipos raciales y de g\u00e9nero, frustrando a los aliados que desean que Trump se centre en las diferencias pol\u00edticas con Harris.<\/p>\n<p>Por su parte, la vicepresidenta tratar\u00e1 de reclamar parte del cr\u00e9dito de los logros del gobierno de Biden, al tiempo que aborda sus momentos m\u00e1s bajos y explica su alejamiento de las posturas m\u00e1s liberales que asumi\u00f3 en el pasado.<\/p>\n<p>El debate sujetar\u00e1 a Harris, que s\u00f3lo ha tenido una entrevista formal en los \u00faltimos seis meses, a un infrecuente momento de cuestionamiento sostenido.<\/p>\n<blockquote><p>Si tiene un gran desempe\u00f1o, ser\u00e1 una agradable sorpresa para los dem\u00f3cratas, y estos se regocijar\u00e1n\u201d, dijo Ari Fleischer, estratega de comunicaciones republicano y ex secretario de prensa del presidente George W. Bush. \u201cSi fracasa, como lo hizo Joe Biden, ello podr\u00eda abrir esta contienda de par en par. As\u00ed que hay m\u00e1s en juego\u201d.<\/p><\/blockquote>\n","protected":false},"excerpt":{"rendered":"<p>Podr\u00eda ser la \u00fanica oportunidad de alta presi\u00f3n para mostrar sus visiones marcadamente distintas para el pa\u00eds<\/p>\n","protected":false},"author":1,"featured_media":4970,"comment_status":"closed","ping_status":"closed","sticky":false,"template":"","format":"standard","meta":{"_crdt_document":"","_jetpack_memberships_contains_paid_content":false,"footnotes":"","jetpack_publicize_message":"","jetpack_publicize_feature_enabled":true,"jetpack_social_post_already_shared":true,"jetpack_social_options":{"image_generator_settings":{"template":"highway","default_image_id":0,"font":"","enabled":false},"version":2},"_wpas_customize_per_network":false},"categories":[9],"tags":[],"class_list":["post-4969","post","type-post","status-publish","format-standard","has-post-thumbnail","hentry","category-el-mundo"],"magazineBlocksPostFeaturedMedia":{"thumbnail":"https:\/\/pornuestrolaredo.com\/wp-content\/uploads\/2024\/09\/Stereo91-20240910-4-150x150.jpg","medium":"https:\/\/pornuestrolaredo.com\/wp-content\/uploads\/2024\/09\/Stereo91-20240910-4-300x175.jpg","medium_large":"https:\/\/pornuestrolaredo.com\/wp-content\/uploads\/2024\/09\/Stereo91-20240910-4-768x449.jpg","large":"https:\/\/pornuestrolaredo.com\/wp-content\/uploads\/2024\/09\/Stereo91-20240910-4.jpg","1536x1536":"https:\/\/pornuestrolaredo.com\/wp-content\/uploads\/2024\/09\/Stereo91-20240910-4.jpg","2048x2048":"https:\/\/pornuestrolaredo.com\/wp-content\/uploads\/2024\/09\/Stereo91-20240910-4.jpg","morenews-large":"https:\/\/pornuestrolaredo.com\/wp-content\/uploads\/2024\/09\/Stereo91-20240910-4.jpg","morenews-medium":"https:\/\/pornuestrolaredo.com\/wp-content\/uploads\/2024\/09\/Stereo91-20240910-4.jpg"},"magazineBlocksPostAuthor":{"name":"Redactor","avatar":"https:\/\/pornuestrolaredo.com\/wp-content\/litespeed\/avatar\/dca1d7ec750c399f025f23b0b314f4cf.jpg?ver=1777612120"},"magazineBlocksPostCommentsNumber":false,"magazineBlocksPostExcerpt":"Podr\u00eda ser la \u00fanica oportunidad de alta presi\u00f3n para mostrar sus visiones marcadamente distintas para el pa\u00eds","magazineBlocksPostCategories":["El Mundo"],"magazineBlocksPostViewCount":132,"magazineBlocksPostReadTime":2,"magazine_blocks_featured_image_url":{"full":["https:\/\/pornuestrolaredo.com\/wp-content\/uploads\/2024\/09\/Stereo91-20240910-4.jpg",980,573,false],"medium":["https:\/\/pornuestrolaredo.com\/wp-content\/uploads\/2024\/09\/Stereo91-20240910-4-300x175.jpg",300,175,true],"thumbnail":["https:\/\/pornuestrolaredo.com\/wp-content\/uploads\/2024\/09\/Stereo91-20240910-4-150x150.jpg",150,150,true]},"magazine_blocks_author":{"display_name":"Redactor","author_link":"https:\/\/pornuestrolaredo.com\/?author=1"},"magazine_blocks_comment":0,"magazine_blocks_author_image":"https:\/\/pornuestrolaredo.com\/wp-content\/litespeed\/avatar\/dca1d7ec750c399f025f23b0b314f4cf.jpg?ver=1777612120","magazine_blocks_category":"<a href=\"#\" class=\"category-link category-link-9\">El Mundo<\/a>","jetpack_publicize_connections":[],"featured_image_urls":{"full":["https:\/\/pornuestrolaredo.com\/wp-content\/uploads\/2024\/09\/Stereo91-20240910-4.jpg",980,573,false],"thumbnail":["https:\/\/pornuestrolaredo.com\/wp-content\/uploads\/2024\/09\/Stereo91-20240910-4-150x150.jpg",150,150,true],"medium":["https:\/\/pornuestrolaredo.com\/wp-content\/uploads\/2024\/09\/Stereo91-20240910-4-300x175.jpg",300,175,true],"medium_large":["https:\/\/pornuestrolaredo.com\/wp-content\/uploads\/2024\/09\/Stereo91-20240910-4-768x449.jpg",640,374,true],"large":["https:\/\/pornuestrolaredo.com\/wp-content\/uploads\/2024\/09\/Stereo91-20240910-4.jpg",640,374,false],"1536x1536":["https:\/\/pornuestrolaredo.com\/wp-content\/uploads\/2024\/09\/Stereo91-20240910-4.jpg",980,573,false],"2048x2048":["https:\/\/pornuestrolaredo.com\/wp-content\/uploads\/2024\/09\/Stereo91-20240910-4.jpg",980,573,false],"morenews-large":["https:\/\/pornuestrolaredo.com\/wp-content\/uploads\/2024\/09\/Stereo91-20240910-4.jpg",825,482,false],"morenews-medium":["https:\/\/pornuestrolaredo.com\/wp-content\/uploads\/2024\/09\/Stereo91-20240910-4.jpg",590,345,false]},"author_info":{"info":["Redactor"]},"category_info":"<a href=\"https:\/\/pornuestrolaredo.com\/?cat=9\" rel=\"category\">El Mundo<\/a>","tag_info":"El Mundo","comment_count":"0","jetpack_featured_media_url":"https:\/\/pornuestrolaredo.com\/wp-content\/uploads\/2024\/09\/Stereo91-20240910-4.jpg","jetpack_sharing_enabled":true,"_links":{"self":[{"href":"https:\/\/pornuestrolaredo.com\/index.php?rest_route=\/wp\/v2\/posts\/4969","targetHints":{"allow":["GET"]}}],"collection":[{"href":"https:\/\/pornuestrolaredo.com\/index.php?rest_route=\/wp\/v2\/posts"}],"about":[{"href":"https:\/\/pornuestrolaredo.com\/index.php?rest_route=\/wp\/v2\/types\/post"}],"author":[{"embeddable":true,"href":"https:\/\/pornuestrolaredo.com\/index.php?rest_route=\/wp\/v2\/users\/1"}],"replies":[{"embeddable":true,"href":"https:\/\/pornuestrolaredo.com\/index.php?rest_route=%2Fwp%2Fv2%2Fcomments&post=4969"}],"version-history":[{"count":1,"href":"https:\/\/pornuestrolaredo.com\/index.php?rest_route=\/wp\/v2\/posts\/4969\/revisions"}],"predecessor-version":[{"id":4971,"href":"https:\/\/pornuestrolaredo.com\/index.php?rest_route=\/wp\/v2\/posts\/4969\/revisions\/4971"}],"wp:featuredmedia":[{"embeddable":true,"href":"https:\/\/pornuestrolaredo.com\/index.php?rest_route=\/wp\/v2\/media\/4970"}],"wp:attachment":[{"href":"https:\/\/pornuestrolaredo.com\/index.php?rest_route=%2Fwp%2Fv2%2Fmedia&parent=4969"}],"wp:term":[{"taxonomy":"category","embeddable":true,"href":"https:\/\/pornuestrolaredo.com\/index.php?rest_route=%2Fwp%2Fv2%2Fcategories&post=4969"},{"taxonomy":"post_tag","embeddable":true,"href":"https:\/\/pornuestrolaredo.com\/index.php?rest_route=%2Fwp%2Fv2%2Ftags&post=4969"}],"curies":[{"name":"wp","href":"https:\/\/api.w.org\/{rel}","templated":true}]}}