{"id":4975,"date":"2024-09-11T05:53:21","date_gmt":"2024-09-11T05:53:21","guid":{"rendered":"https:\/\/pornuestrolaredo.com\/?p=4975"},"modified":"2024-09-11T05:53:21","modified_gmt":"2024-09-11T05:53:21","slug":"asoman-unas-elecciones-mas-competitivas-en-estados-unidos","status":"publish","type":"post","link":"https:\/\/pornuestrolaredo.com\/?p=4975","title":{"rendered":"Asoman unas elecciones m\u00e1s competitivas en Estados Unidos"},"content":{"rendered":"<p><strong><em>WASHINGTON<\/em><\/strong>.- Kamala Harris y Donald Trump presentaron el martes sus contrastantes visiones para Estados Unidos en cuestiones como el aborto, la inmigraci\u00f3n y la democracia durante su primer, y quiz\u00e1s \u00fanico, debate antes de los comicios presidenciales de noviembre.<\/p>\n<p>La vicepresidenta dem\u00f3crata trat\u00f3 varias veces de provocar al expresidente republicano, record\u00e1ndole en varias ocasiones la derrota electoral que \u00e9l a\u00fan niega, y burl\u00e1ndose de algunas otras de sus afirmaciones falsas. Esto provoc\u00f3 que Trump lanzara la clase de ataques personales de los que sus asesores y simpatizantes han tratado de alejarlo.<\/p>\n<p>Despu\u00e9s de turbulentos meses de campa\u00f1a, el enfrentamiento le brind\u00f3 a los estadounidenses el vistazo m\u00e1s detallado hasta el momento a una campa\u00f1a que ha cambiado dr\u00e1sticamente a s\u00f3lo una hora de que se distribuyan las primeras papeletas para los votos adelantados.<\/p>\n<p>Harris present\u00f3 los argumentos dem\u00f3cratas de una mejor manera de lo que lo hizo Biden durante su debate de junio, lo que presagia una contienda mucho m\u00e1s competitiva ahora que Harris es quien se enfrenta a Trump.<\/p>\n<p>Ambos candidatos detallaron sus visiones contrastantes sobre el estado de la naci\u00f3n y hacia d\u00f3nde pretenden dirigirla en caso de llegar a la presidencia. Harris prometi\u00f3 recortes fiscales para la clase media y se\u00f1al\u00f3 que buscar\u00eda restaurar los derechos al aborto a nivel federal, los cuales fueron anulados por la Corte Suprema hace dos a\u00f1os. Trump, por su parte, se\u00f1al\u00f3 que sus propuestas arancelarias ayudar\u00edan a que los aliados de Estados Unidos dejen de aprovecharse del pa\u00eds en cuestiones comerciales, y a\u00f1adi\u00f3 que trabajar\u00e1 con prontitud para poner fin a la guerra entre Rusia y Ucrania, incluso si eso significaba que Ucrania no consiguiera una victoria en el campo de batalla.<\/p>\n<p>Por momentos, Harris sacudi\u00f3 la cabeza de forma burlona mientras Trump hablaba, en ocasiones mir\u00e1ndolo fijamente con la mano en la barbilla, mientras que Trump parec\u00eda que trataba de evitar ver a la dem\u00f3crata. Trump se apeg\u00f3 a los puntos que toca en sus actos de campa\u00f1a y a sus ataques que son populares entre su base de simpatizantes, pero que a sus asesores les preocupa que no sean atractivos entre un sector m\u00e1s amplio de votantes.<\/p>\n<p>En cierto punto, Harris se volte\u00f3 a ver a Trump y dijo que, como vicepresidenta, ha hablado con dignatarios extranjeros \u201cy dicen que usted es una verg\u00fcenza\u201d.<\/p>\n<p>Trump volvi\u00f3 a negar su derrota ante el presidente Joe Biden de hace cuatro a\u00f1os, cuando sus intentos por revertir el resultado dieron lugar a la insurrecci\u00f3n del 6 de enero de 2021 en el Capitolio federal.<\/p>\n<blockquote><p>Donald Trump fue despedido por 81 millones de personas\u201d, dijo Harris. \u201cAs\u00ed que dejemos eso en claro. Y evidentemente le cuesta mucho trabajo procesar eso\u201d.<\/p><\/blockquote>\n<p>Trump, en cambio, trat\u00f3 de relacionar a Harris con Biden, pregunt\u00e1ndole por qu\u00e9 no hab\u00eda tomado acciones sobre sus propuestas mientras se desempe\u00f1aba como vicepresidenta, y centr\u00f3 sus ataques contra Harris en la asignaci\u00f3n que le encarg\u00f3 Biden de lidiar con las causas de ra\u00edz de la migraci\u00f3n ilegal.<\/p>\n<p>El republicano prometi\u00f3 nuevamente deportar a millones de personas que se encuentran sin autorizaci\u00f3n en Estados Unidos y advirti\u00f3 que Harris era \u201cpeor que Biden\u201d y que sus pol\u00edticas convertir\u00edan a Estados Unidos en Venezuela.<\/p>\n<p>En varias ocasiones se refiri\u00f3 a ella y a Biden como personas d\u00e9biles, y mencion\u00f3 los elogios del primer ministro de Hungr\u00eda, Viktor Orb\u00e1n, para demostrar que es sumamente respetado por dignatarios de todo el mundo, asegurando que Orb\u00e1n lo llama \u201cla persona m\u00e1s temida\u201d.<\/p>\n","protected":false},"excerpt":{"rendered":"<p>Kamala Harris y Donald Trump presentan en el debate una visi\u00f3n m\u00e1s clara de sus contrastantes visiones<\/p>\n","protected":false},"author":1,"featured_media":4976,"comment_status":"closed","ping_status":"closed","sticky":false,"template":"","format":"standard","meta":{"_crdt_document":"","_jetpack_memberships_contains_paid_content":false,"footnotes":"","jetpack_publicize_message":"","jetpack_publicize_feature_enabled":true,"jetpack_social_post_already_shared":true,"jetpack_social_options":{"image_generator_settings":{"template":"highway","default_image_id":0,"font":"","enabled":false},"version":2},"_wpas_customize_per_network":false},"categories":[9],"tags":[],"class_list":["post-4975","post","type-post","status-publish","format-standard","has-post-thumbnail","hentry","category-el-mundo"],"magazineBlocksPostFeaturedMedia":{"thumbnail":"https:\/\/pornuestrolaredo.com\/wp-content\/uploads\/2024\/09\/Stereo91-20240910-6-150x150.jpg","medium":"https:\/\/pornuestrolaredo.com\/wp-content\/uploads\/2024\/09\/Stereo91-20240910-6-300x173.jpg","medium_large":"https:\/\/pornuestrolaredo.com\/wp-content\/uploads\/2024\/09\/Stereo91-20240910-6-768x443.jpg","large":"https:\/\/pornuestrolaredo.com\/wp-content\/uploads\/2024\/09\/Stereo91-20240910-6-1000x577.jpg","1536x1536":"https:\/\/pornuestrolaredo.com\/wp-content\/uploads\/2024\/09\/Stereo91-20240910-6.jpg","2048x2048":"https:\/\/pornuestrolaredo.com\/wp-content\/uploads\/2024\/09\/Stereo91-20240910-6.jpg","morenews-large":"https:\/\/pornuestrolaredo.com\/wp-content\/uploads\/2024\/09\/Stereo91-20240910-6.jpg","morenews-medium":"https:\/\/pornuestrolaredo.com\/wp-content\/uploads\/2024\/09\/Stereo91-20240910-6.jpg"},"magazineBlocksPostAuthor":{"name":"Redactor","avatar":"https:\/\/pornuestrolaredo.com\/wp-content\/litespeed\/avatar\/dca1d7ec750c399f025f23b0b314f4cf.jpg?ver=1777612120"},"magazineBlocksPostCommentsNumber":false,"magazineBlocksPostExcerpt":"Kamala Harris y Donald Trump presentan en el debate una visi\u00f3n m\u00e1s clara de sus contrastantes visiones","magazineBlocksPostCategories":["El Mundo"],"magazineBlocksPostViewCount":128,"magazineBlocksPostReadTime":4,"magazine_blocks_featured_image_url":{"full":["https:\/\/pornuestrolaredo.com\/wp-content\/uploads\/2024\/09\/Stereo91-20240910-6.jpg",1440,831,false],"medium":["https:\/\/pornuestrolaredo.com\/wp-content\/uploads\/2024\/09\/Stereo91-20240910-6-300x173.jpg",300,173,true],"thumbnail":["https:\/\/pornuestrolaredo.com\/wp-content\/uploads\/2024\/09\/Stereo91-20240910-6-150x150.jpg",150,150,true]},"magazine_blocks_author":{"display_name":"Redactor","author_link":"https:\/\/pornuestrolaredo.com\/?author=1"},"magazine_blocks_comment":0,"magazine_blocks_author_image":"https:\/\/pornuestrolaredo.com\/wp-content\/litespeed\/avatar\/dca1d7ec750c399f025f23b0b314f4cf.jpg?ver=1777612120","magazine_blocks_category":"<a href=\"#\" class=\"category-link category-link-9\">El Mundo<\/a>","jetpack_publicize_connections":[],"featured_image_urls":{"full":["https:\/\/pornuestrolaredo.com\/wp-content\/uploads\/2024\/09\/Stereo91-20240910-6.jpg",1440,831,false],"thumbnail":["https:\/\/pornuestrolaredo.com\/wp-content\/uploads\/2024\/09\/Stereo91-20240910-6-150x150.jpg",150,150,true],"medium":["https:\/\/pornuestrolaredo.com\/wp-content\/uploads\/2024\/09\/Stereo91-20240910-6-300x173.jpg",300,173,true],"medium_large":["https:\/\/pornuestrolaredo.com\/wp-content\/uploads\/2024\/09\/Stereo91-20240910-6-768x443.jpg",640,369,true],"large":["https:\/\/pornuestrolaredo.com\/wp-content\/uploads\/2024\/09\/Stereo91-20240910-6-1000x577.jpg",640,369,true],"1536x1536":["https:\/\/pornuestrolaredo.com\/wp-content\/uploads\/2024\/09\/Stereo91-20240910-6.jpg",1440,831,false],"2048x2048":["https:\/\/pornuestrolaredo.com\/wp-content\/uploads\/2024\/09\/Stereo91-20240910-6.jpg",1440,831,false],"morenews-large":["https:\/\/pornuestrolaredo.com\/wp-content\/uploads\/2024\/09\/Stereo91-20240910-6.jpg",825,476,false],"morenews-medium":["https:\/\/pornuestrolaredo.com\/wp-content\/uploads\/2024\/09\/Stereo91-20240910-6.jpg",590,340,false]},"author_info":{"info":["Redactor"]},"category_info":"<a href=\"https:\/\/pornuestrolaredo.com\/?cat=9\" rel=\"category\">El Mundo<\/a>","tag_info":"El Mundo","comment_count":"0","jetpack_featured_media_url":"https:\/\/pornuestrolaredo.com\/wp-content\/uploads\/2024\/09\/Stereo91-20240910-6.jpg","jetpack_sharing_enabled":true,"_links":{"self":[{"href":"https:\/\/pornuestrolaredo.com\/index.php?rest_route=\/wp\/v2\/posts\/4975","targetHints":{"allow":["GET"]}}],"collection":[{"href":"https:\/\/pornuestrolaredo.com\/index.php?rest_route=\/wp\/v2\/posts"}],"about":[{"href":"https:\/\/pornuestrolaredo.com\/index.php?rest_route=\/wp\/v2\/types\/post"}],"author":[{"embeddable":true,"href":"https:\/\/pornuestrolaredo.com\/index.php?rest_route=\/wp\/v2\/users\/1"}],"replies":[{"embeddable":true,"href":"https:\/\/pornuestrolaredo.com\/index.php?rest_route=%2Fwp%2Fv2%2Fcomments&post=4975"}],"version-history":[{"count":1,"href":"https:\/\/pornuestrolaredo.com\/index.php?rest_route=\/wp\/v2\/posts\/4975\/revisions"}],"predecessor-version":[{"id":4977,"href":"https:\/\/pornuestrolaredo.com\/index.php?rest_route=\/wp\/v2\/posts\/4975\/revisions\/4977"}],"wp:featuredmedia":[{"embeddable":true,"href":"https:\/\/pornuestrolaredo.com\/index.php?rest_route=\/wp\/v2\/media\/4976"}],"wp:attachment":[{"href":"https:\/\/pornuestrolaredo.com\/index.php?rest_route=%2Fwp%2Fv2%2Fmedia&parent=4975"}],"wp:term":[{"taxonomy":"category","embeddable":true,"href":"https:\/\/pornuestrolaredo.com\/index.php?rest_route=%2Fwp%2Fv2%2Fcategories&post=4975"},{"taxonomy":"post_tag","embeddable":true,"href":"https:\/\/pornuestrolaredo.com\/index.php?rest_route=%2Fwp%2Fv2%2Ftags&post=4975"}],"curies":[{"name":"wp","href":"https:\/\/api.w.org\/{rel}","templated":true}]}}