{"id":4978,"date":"2024-09-11T06:09:47","date_gmt":"2024-09-11T06:09:47","guid":{"rendered":"https:\/\/pornuestrolaredo.com\/?p=4978"},"modified":"2024-09-11T06:09:47","modified_gmt":"2024-09-11T06:09:47","slug":"alistan-primer-paseo-espacial-privado-de-la-historia","status":"publish","type":"post","link":"https:\/\/pornuestrolaredo.com\/?p=4978","title":{"rendered":"Alistan primer paseo espacial privado de la historia"},"content":{"rendered":"<p><strong>FLORIDA.-<\/strong> Un multimillonario, un piloto y dos empleadas de Space X despegaron hoy de Florida, en una misi\u00f3n que deber\u00eda marcar una nueva etapa en la exploraci\u00f3n comercial del espacio, con el primer paseo espacial privado de la historia.<\/p>\n<p>Un cohete Falcon 9 despeg\u00f3 a primera hora de la ma\u00f1ana desde el Centro Espacial Kennedy, poniendo en \u00f3rbita la c\u00e1psula Dragon que transportar\u00e1 a los pasajeros de esta misi\u00f3n, bautizada Polaris Dawn.<\/p>\n<blockquote><p>Felicidades a los equipos de Space X y a la tripulaci\u00f3n del programa Polaris&#8221;, exclam\u00f3 Elon Musk, m\u00e1ximo responsable de la compa\u00f1\u00eda espacial, en la red social X, tambi\u00e9n de su propiedad.<\/p><\/blockquote>\n<p>El comandante de esta misi\u00f3n, prevista para durar cinco d\u00edas, es el multimillonario estadounidense Jared Isaacman, que lleva varios a\u00f1os trabajando con la empresa de Musk y financia parte del viaje, cuyo costo no se ha revelado.<\/p>\n<p>Uno de los principales objetivos es probar los primeros trajes espaciales de la empresa, blancos y de aspecto futurista, durante una breve salida fuera de la c\u00e1psula.<\/p>\n<p>La nave tambi\u00e9n se propone alcanzar los mil 400 km de altitud, la mayor distancia recorrida por una tripulaci\u00f3n desde las misiones lunares Apolo, hace m\u00e1s de medio siglo.<\/p>\n<p>A m\u00e1s del triple de altitud que la Estaci\u00f3n Espacial Internacional, el entorno es completamente diferente en t\u00e9rminos de radiaci\u00f3n y micrometeoritos, explic\u00f3 Isaacman en una rueda de prensa el mes pasado.<\/p>\n<blockquote><p>Estaremos all\u00ed el menor tiempo posible, el suficiente para recoger los datos que queremos&#8221;, incluido el efecto sobre el cuerpo humano y la nave espacial, dijo.<\/p><\/blockquote>\n<p>El paseo espacial, el primero realizado por astronautas no profesionales, se intentar\u00e1 en las primeras horas del jueves desde una \u00f3rbita m\u00e1s baja, seg\u00fan Space X. Se prev\u00e9 que se retransmita en directo.<\/p>\n<p><strong>ENTRENAMIENTO INTENSIVO<br \/>\n<\/strong><br \/>\nEs la primera vez que empleados de SpaceX viajan al espacio. Junto a Isaacman, completan el equipo: Sarah Gillis, ingeniera y encargada de la formaci\u00f3n de astronautas de la empresa; Anna Menon, quien trabaj\u00f3 para la NASA antes de incorporarse a SpaceX y tambi\u00e9n es ingeniera l\u00edder de operaciones especiales; y Scott Poteet, un teniente coronel retirado de la Fuerza A\u00e9rea estadounidense y amigo de Isaacman.<\/p>\n<p>Los cuatro llevan m\u00e1s de dos a\u00f1os de entrenamiento intensivo que incluy\u00f3 cientos de horas en simuladores, as\u00ed como paracaidismo, buceo y pr\u00e1cticas en la cumbre de un volc\u00e1n en Ecuador.<\/p>\n<p>Como la nave Dragon de SpaceX no est\u00e1 equipada con una esclusa de aire, toda la tripulaci\u00f3n quedar\u00e1 expuesta al vac\u00edo del espacio cuando se abra la escotilla.<\/p>\n<p>Dos pasajeros permanecer\u00e1n a bordo, mientras que otros dos se aventurar\u00e1n fuera por turnos, durante unos 15 minutos cada uno.<\/p>\n<p>Sujetos a la c\u00e1psula, realizar\u00e1n movimientos para probar los nuevos trajes, desarrollados para soportar temperaturas extremas y equipados con una c\u00e1mara. &#8220;Daremos la impresi\u00f3n de estar bailando&#8221;, advirti\u00f3 Isaacman.<\/p>\n<blockquote><p>Imagino que alg\u00fan d\u00eda muchas personas o incluso familias enteras saltar\u00e1n por la superficie lunar con sus trajes de SpaceX&#8221;, dijo Isaacman. &#8220;Es un tremendo honor tener la oportunidad de probarlos en este vuelo&#8221;.<\/p>\n<p>Tambi\u00e9n est\u00e1n previstos una treintena de experimentos a bordo, entre ellos la prueba de lentes de contacto que miden los cambios en la presi\u00f3n intraocular y la comunicaci\u00f3n por l\u00e1ser entre la nave y los sat\u00e9lites Starlink de SpaceX.<\/p>\n<p>Isaacman, propietario de la empresa financiera Shift4, ya viaj\u00f3 al espacio en 2021 a bordo de otra misi\u00f3n orbital de SpaceX que coste\u00f3, Inspiration4, la primera sin astronautas profesionales.<\/p>\n<p>Polaris Dawn inaugura el programa Polaris, anunciado con bombo y platillo hace dos a\u00f1os y medio.<\/p>\n<p>Despu\u00e9s de una segunda misi\u00f3n similar, la tercera deber\u00eda ser el primer vuelo tripulado del megacohete Starship de SpaceX, actualmente en desarrollo y destinado a viajes a la Luna y Marte.<\/p>\n","protected":false},"excerpt":{"rendered":"<p>Lanza Space X una misi\u00f3n que deber\u00eda marcar una nueva etapa en la exploraci\u00f3n comercial del espacio<\/p>\n","protected":false},"author":1,"featured_media":4979,"comment_status":"closed","ping_status":"closed","sticky":false,"template":"","format":"standard","meta":{"_crdt_document":"","_jetpack_memberships_contains_paid_content":false,"footnotes":"","jetpack_publicize_message":"","jetpack_publicize_feature_enabled":true,"jetpack_social_post_already_shared":true,"jetpack_social_options":{"image_generator_settings":{"template":"highway","default_image_id":0,"font":"","enabled":false},"version":2},"_wpas_customize_per_network":false},"categories":[9],"tags":[],"class_list":["post-4978","post","type-post","status-publish","format-standard","has-post-thumbnail","hentry","category-el-mundo"],"magazineBlocksPostFeaturedMedia":{"thumbnail":"https:\/\/pornuestrolaredo.com\/wp-content\/uploads\/2024\/09\/107FM-20240910-7-150x150.jpg","medium":"https:\/\/pornuestrolaredo.com\/wp-content\/uploads\/2024\/09\/107FM-20240910-7-300x181.jpg","medium_large":"https:\/\/pornuestrolaredo.com\/wp-content\/uploads\/2024\/09\/107FM-20240910-7-768x463.jpg","large":"https:\/\/pornuestrolaredo.com\/wp-content\/uploads\/2024\/09\/107FM-20240910-7.jpg","1536x1536":"https:\/\/pornuestrolaredo.com\/wp-content\/uploads\/2024\/09\/107FM-20240910-7.jpg","2048x2048":"https:\/\/pornuestrolaredo.com\/wp-content\/uploads\/2024\/09\/107FM-20240910-7.jpg","morenews-large":"https:\/\/pornuestrolaredo.com\/wp-content\/uploads\/2024\/09\/107FM-20240910-7.jpg","morenews-medium":"https:\/\/pornuestrolaredo.com\/wp-content\/uploads\/2024\/09\/107FM-20240910-7.jpg"},"magazineBlocksPostAuthor":{"name":"Redactor","avatar":"https:\/\/pornuestrolaredo.com\/wp-content\/litespeed\/avatar\/dca1d7ec750c399f025f23b0b314f4cf.jpg?ver=1777612120"},"magazineBlocksPostCommentsNumber":false,"magazineBlocksPostExcerpt":"Lanza Space X una misi\u00f3n que deber\u00eda marcar una nueva etapa en la exploraci\u00f3n comercial del espacio","magazineBlocksPostCategories":["El Mundo"],"magazineBlocksPostViewCount":122,"magazineBlocksPostReadTime":4,"magazine_blocks_featured_image_url":{"full":["https:\/\/pornuestrolaredo.com\/wp-content\/uploads\/2024\/09\/107FM-20240910-7.jpg",850,512,false],"medium":["https:\/\/pornuestrolaredo.com\/wp-content\/uploads\/2024\/09\/107FM-20240910-7-300x181.jpg",300,181,true],"thumbnail":["https:\/\/pornuestrolaredo.com\/wp-content\/uploads\/2024\/09\/107FM-20240910-7-150x150.jpg",150,150,true]},"magazine_blocks_author":{"display_name":"Redactor","author_link":"https:\/\/pornuestrolaredo.com\/?author=1"},"magazine_blocks_comment":0,"magazine_blocks_author_image":"https:\/\/pornuestrolaredo.com\/wp-content\/litespeed\/avatar\/dca1d7ec750c399f025f23b0b314f4cf.jpg?ver=1777612120","magazine_blocks_category":"<a href=\"#\" class=\"category-link category-link-9\">El Mundo<\/a>","jetpack_publicize_connections":[],"featured_image_urls":{"full":["https:\/\/pornuestrolaredo.com\/wp-content\/uploads\/2024\/09\/107FM-20240910-7.jpg",850,512,false],"thumbnail":["https:\/\/pornuestrolaredo.com\/wp-content\/uploads\/2024\/09\/107FM-20240910-7-150x150.jpg",150,150,true],"medium":["https:\/\/pornuestrolaredo.com\/wp-content\/uploads\/2024\/09\/107FM-20240910-7-300x181.jpg",300,181,true],"medium_large":["https:\/\/pornuestrolaredo.com\/wp-content\/uploads\/2024\/09\/107FM-20240910-7-768x463.jpg",640,386,true],"large":["https:\/\/pornuestrolaredo.com\/wp-content\/uploads\/2024\/09\/107FM-20240910-7.jpg",640,386,false],"1536x1536":["https:\/\/pornuestrolaredo.com\/wp-content\/uploads\/2024\/09\/107FM-20240910-7.jpg",850,512,false],"2048x2048":["https:\/\/pornuestrolaredo.com\/wp-content\/uploads\/2024\/09\/107FM-20240910-7.jpg",850,512,false],"morenews-large":["https:\/\/pornuestrolaredo.com\/wp-content\/uploads\/2024\/09\/107FM-20240910-7.jpg",825,497,false],"morenews-medium":["https:\/\/pornuestrolaredo.com\/wp-content\/uploads\/2024\/09\/107FM-20240910-7.jpg",590,355,false]},"author_info":{"info":["Redactor"]},"category_info":"<a href=\"https:\/\/pornuestrolaredo.com\/?cat=9\" rel=\"category\">El Mundo<\/a>","tag_info":"El Mundo","comment_count":"0","jetpack_featured_media_url":"https:\/\/pornuestrolaredo.com\/wp-content\/uploads\/2024\/09\/107FM-20240910-7.jpg","jetpack_sharing_enabled":true,"_links":{"self":[{"href":"https:\/\/pornuestrolaredo.com\/index.php?rest_route=\/wp\/v2\/posts\/4978","targetHints":{"allow":["GET"]}}],"collection":[{"href":"https:\/\/pornuestrolaredo.com\/index.php?rest_route=\/wp\/v2\/posts"}],"about":[{"href":"https:\/\/pornuestrolaredo.com\/index.php?rest_route=\/wp\/v2\/types\/post"}],"author":[{"embeddable":true,"href":"https:\/\/pornuestrolaredo.com\/index.php?rest_route=\/wp\/v2\/users\/1"}],"replies":[{"embeddable":true,"href":"https:\/\/pornuestrolaredo.com\/index.php?rest_route=%2Fwp%2Fv2%2Fcomments&post=4978"}],"version-history":[{"count":1,"href":"https:\/\/pornuestrolaredo.com\/index.php?rest_route=\/wp\/v2\/posts\/4978\/revisions"}],"predecessor-version":[{"id":4980,"href":"https:\/\/pornuestrolaredo.com\/index.php?rest_route=\/wp\/v2\/posts\/4978\/revisions\/4980"}],"wp:featuredmedia":[{"embeddable":true,"href":"https:\/\/pornuestrolaredo.com\/index.php?rest_route=\/wp\/v2\/media\/4979"}],"wp:attachment":[{"href":"https:\/\/pornuestrolaredo.com\/index.php?rest_route=%2Fwp%2Fv2%2Fmedia&parent=4978"}],"wp:term":[{"taxonomy":"category","embeddable":true,"href":"https:\/\/pornuestrolaredo.com\/index.php?rest_route=%2Fwp%2Fv2%2Fcategories&post=4978"},{"taxonomy":"post_tag","embeddable":true,"href":"https:\/\/pornuestrolaredo.com\/index.php?rest_route=%2Fwp%2Fv2%2Ftags&post=4978"}],"curies":[{"name":"wp","href":"https:\/\/api.w.org\/{rel}","templated":true}]}}