{"id":4984,"date":"2024-09-11T17:42:50","date_gmt":"2024-09-11T17:42:50","guid":{"rendered":"https:\/\/pornuestrolaredo.com\/?p=4984"},"modified":"2024-09-11T17:42:50","modified_gmt":"2024-09-11T17:42:50","slug":"aprueba-el-senado-la-reforma-al-poder-judicial","status":"publish","type":"post","link":"https:\/\/pornuestrolaredo.com\/?p=4984","title":{"rendered":"Aprueba el Senado la reforma al Poder Judicial"},"content":{"rendered":"<p><strong><em>CIUDAD DE M\u00c9XICO.-<\/em> <\/strong>La pol\u00e9mica reforma constitucional que restructurar\u00e1 el Poder Judicial mexicano y har\u00e1 que todos los jueces sean elegidos en comicios, un cambio que sus cr\u00edticos temen que politice la justicia y ponga en peligro la democracia, fue aprobada el mi\u00e9rcoles de madrugada por el Senado en una convulsa sesi\u00f3n y horas despu\u00e9s comenz\u00f3 su ratificaci\u00f3n por los primeros estados.<\/p>\n<p>La votaci\u00f3n en el Senado, el lugar donde m\u00e1s f\u00e1cilmente se podr\u00eda haber trabado la iniciativa aprobada la semana pasada en la C\u00e1mara de Diputados, se hizo en dos lugares distintos. Los senadores tuvieron que trasladarse a otra sede cuando cientos de manifestantes contrarios a la reforma irrumpieron en la sesi\u00f3n despu\u00e9s de que Morena \u2014el partido del presidente Andr\u00e9s Manuel L\u00f3pez Obrador\u2014 y sus aliados ya parec\u00edan haber logrado el voto que les faltaba para cambiar la Constituci\u00f3n.<\/p>\n<p>Pese a las fuertes protestas, tanto dentro como fuera de la c\u00e1mara, la propuesta logr\u00f3 el voto a favor de 86 senadores, incluido uno de la oposici\u00f3n, frente a 41 en contra.<\/p>\n<p>Eran las cuatro de la madrugada cuando la c\u00e1mara alta estall\u00f3 en v\u00edtores y c\u00e1nticos de \u201cS\u00ed se pudo\u201d por parte del oficialismo. Acababa una sesi\u00f3n marat\u00f3nica, llena de gritos, acusaciones cruzadas, denuncias de los partidos de oposici\u00f3n de presiones y juego sucio.<\/p>\n<p>Una vez aprobados por las dos c\u00e1maras del Congreso, los cambios constitucionales necesitan la ratificaci\u00f3n de 17 de los 32 congresos estatales y la del primero lleg\u00f3 s\u00f3lo un par de horas despu\u00e9s.<\/p>\n<p>En torno a las 6 de la ma\u00f1ana, el sure\u00f1o estado de Oaxaca se convirti\u00f3 en el primero en avalarla de forma un\u00e1nime, con 41 votos a favor, incluidos los de los diputados del Partido de Acci\u00f3n Nacional (PAN) y del Partido Revolucionario Institucional (PRI) que se opusieron en el Senado. <\/p>\n<p>Poco despu\u00e9s, sin presencia de la oposici\u00f3n, el Congreso de Tamaulipas, de mayor\u00eda morenista, tambi\u00e9n aprob\u00f3 la reforma judicial.<\/p>\n<p>Todo apunta a que el resto de los estados donde gobierna Morena o sus aliados se pronunciar\u00e1n con la misma rapidez con lo que la reforma podr\u00eda entrar en vigor antes del fin de la presidencia de L\u00f3pez Obrador el 30 de septiembre, pese a los recursos judiciales que hay en su contra.<\/p>\n<blockquote><p>No hay fundamento legal para detener la reforma\u201d, sentenci\u00f3 en su conferencia matutina L\u00f3pez Obrador tras mostrar su felicidad por el resultado del voto.<\/p><\/blockquote>\n<p>La presidenta electa Claudia Sheinbaum felicit\u00f3 a los senadores por lo logrado en su cuenta oficial de X, antes Twitter, y dijo que \u201ccon la elecci\u00f3n de jueces, magistrados y ministros se fortalecer\u00e1 la impartici\u00f3n de justicia\u201d y \u201cel r\u00e9gimen de corrupci\u00f3n y privilegios se queda cada d\u00eda m\u00e1s en el pasado\u201d.<\/p>\n<p>La batalla en el Senado se gan\u00f3 gracias al voto del senador Miguel \u00c1ngel Yunes M\u00e1rquez del opositor PAN, que antes se hab\u00eda posicionado en contra, hijo del exgobernador de Veracruz.<\/p>\n<p>L\u00f3pez Obrador, que en el pasado tach\u00f3 de corruptos a esos pol\u00edticos, neg\u00f3 el mi\u00e9rcoles haber negociado con los Yunes cualquier tipo de beneficios, por ejemplo impunidad ante eventuales procesos legales, pero mostr\u00f3 su satisfacci\u00f3n por haber logrado los votos suficientes.<\/p>\n<blockquote><p>Hace falta esta reforma\u201d, dijo. \u201cSiempre en la pol\u00edtica hay que optar entre inconvenientes y es buscar el equilibrio entre la eficacia y los principios\u201d.<\/p><\/blockquote>\n<p>Seg\u00fan el presidente, Yunes M\u00e1rquez \u201cconsider\u00f3 que era conveniente actuar de esa manera y no necesariamente estaba a cambio una cantidad de dinero o una amenaza, \u00e9l es fuerte, yo lo he enfrentado, y no es de los que se deja amedrentar\u201d.<\/p>\n<p>Agreg\u00f3 que \u201cen la vida hay quienes cambian de opini\u00f3n\u201d.<\/p>\n<p>La aprobaci\u00f3n de la reforma tuvo lugar pese a que el martes por la noche manifestantes con tuber\u00edas y cadenas irrumpieron en la c\u00e1mara con la intenci\u00f3n de bloquear la votaci\u00f3n. Al menos una persona se desmay\u00f3.<\/p>\n<p>Los inconformes dijeron que los legisladores no estaban escuchando sus demandas. Ingresaron ondeando banderas de M\u00e9xico y pancartas en contra de la reforma, y algunos senadores de la oposici\u00f3n se les sumaron mientras gritaban consignas dentro del Senado. Afuera del recinto, otros estallaron en j\u00fabilo cuando los noticieros anunciaron que el Senado tomar\u00eda un receso.<\/p>\n<p>Entre ellos se encontraba Alejandro Navarrete, un empleado del poder judicial de 30 a\u00f1os de edad, quien dijo que personas como \u00e9l que trabajan en los tribunales acudieron para exigir al Senado que rechace la propuesta \u201csabiendo el peligro que presenta la reforma\u201d.<\/p>\n<blockquote><p>Decidieron traicionar a su naci\u00f3n y venderse por cualquier capital pol\u00edtico que les ofrecieron, nos sentimos obligados a entrar al Senado\u201d, dijo mientras ondeaba una bandera de M\u00e9xico. \u201cNuestra intenci\u00f3n no es violentar, no pretendemos lastimarlos. Pero pretendemos dejar establecido que la sociedad mexicana no va a permitir que nos lleven rumbo a una dictadura\u201d.<\/p><\/blockquote>\n<p>Pero poco despu\u00e9s, el Senado volvi\u00f3 a reunirse en otro lugar y retom\u00f3 el debate sobre la propuesta. La primera votaci\u00f3n a favor del texto en general lleg\u00f3 poco despu\u00e9s de la medianoche. Despu\u00e9s fue la del articulado.<\/p>\n<p>Empleados judiciales y estudiantes de derechos han protestado contra el proyecto durante semanas.<\/p>\n<p>Detractores y analistas afirman que la medida, la cual har\u00eda que los jueces sean elegidos por voto popular, pone en riesgo la independencia judicial y representa un duro golpe para el sistema de contrapesos del gobierno.<\/p>\n<p>L\u00f3pez Obrador \u2014un populista que ha tenido marcadas diferencias desde hace tiempo con los organismos reguladores independientes, que ha ignorado fallos judiciales y lanzado fuertes cr\u00edticas contra jueces\u2014 asegura que su plan acabar\u00eda con la corrupci\u00f3n al facilitar sancionar a los magistrados.<\/p>\n<p>Sus detractores afirman que la medida perjudicar\u00e1 al poder judicial, llenar\u00e1 las cortes con jueces afines al partido en la presidencia y permitir\u00e1 que cualquier persona con un t\u00edtulo en derecho se convierta en juez, e incluso facilitar\u00eda que pol\u00edticos y delincuentes puedan influir en los fallos del tribunal.<\/p>\n<p>La propuesta ha generado preocupaci\u00f3n entre los inversionistas e incluso el embajador de Estados Unidos en M\u00e9xico, Ken Salazar, se refiri\u00f3 al plan como un \u201criesgo\u201d para la democracia y una amenaza econ\u00f3mica.<\/p>\n","protected":false},"excerpt":{"rendered":"<p>S\u00f3lo un par de horas despu\u00e9s, el Congreso de Oaxaca le dio el visto bueno y m\u00e1s tarde, Tamaulipas sigui\u00f3 el mismo camino<\/p>\n","protected":false},"author":1,"featured_media":4985,"comment_status":"closed","ping_status":"closed","sticky":false,"template":"","format":"standard","meta":{"_crdt_document":"","_jetpack_memberships_contains_paid_content":false,"footnotes":"","jetpack_publicize_message":"","jetpack_publicize_feature_enabled":true,"jetpack_social_post_already_shared":true,"jetpack_social_options":{"image_generator_settings":{"template":"highway","default_image_id":0,"font":"","enabled":false},"version":2},"_wpas_customize_per_network":false},"categories":[33],"tags":[],"class_list":["post-4984","post","type-post","status-publish","format-standard","has-post-thumbnail","hentry","category-mexico"],"magazineBlocksPostFeaturedMedia":{"thumbnail":"https:\/\/pornuestrolaredo.com\/wp-content\/uploads\/2024\/09\/Stereo91-20240911-2-150x150.jpg","medium":"https:\/\/pornuestrolaredo.com\/wp-content\/uploads\/2024\/09\/Stereo91-20240911-2-300x186.jpg","medium_large":"https:\/\/pornuestrolaredo.com\/wp-content\/uploads\/2024\/09\/Stereo91-20240911-2-768x477.jpg","large":"https:\/\/pornuestrolaredo.com\/wp-content\/uploads\/2024\/09\/Stereo91-20240911-2-1000x621.jpg","1536x1536":"https:\/\/pornuestrolaredo.com\/wp-content\/uploads\/2024\/09\/Stereo91-20240911-2.jpg","2048x2048":"https:\/\/pornuestrolaredo.com\/wp-content\/uploads\/2024\/09\/Stereo91-20240911-2.jpg","morenews-large":"https:\/\/pornuestrolaredo.com\/wp-content\/uploads\/2024\/09\/Stereo91-20240911-2.jpg","morenews-medium":"https:\/\/pornuestrolaredo.com\/wp-content\/uploads\/2024\/09\/Stereo91-20240911-2.jpg"},"magazineBlocksPostAuthor":{"name":"Redactor","avatar":"https:\/\/pornuestrolaredo.com\/wp-content\/litespeed\/avatar\/dca1d7ec750c399f025f23b0b314f4cf.jpg?ver=1777612120"},"magazineBlocksPostCommentsNumber":false,"magazineBlocksPostExcerpt":"S\u00f3lo un par de horas despu\u00e9s, el Congreso de Oaxaca le dio el visto bueno y m\u00e1s tarde, Tamaulipas sigui\u00f3 el mismo camino","magazineBlocksPostCategories":["Mexico"],"magazineBlocksPostViewCount":132,"magazineBlocksPostReadTime":6,"magazine_blocks_featured_image_url":{"full":["https:\/\/pornuestrolaredo.com\/wp-content\/uploads\/2024\/09\/Stereo91-20240911-2.jpg",1440,894,false],"medium":["https:\/\/pornuestrolaredo.com\/wp-content\/uploads\/2024\/09\/Stereo91-20240911-2-300x186.jpg",300,186,true],"thumbnail":["https:\/\/pornuestrolaredo.com\/wp-content\/uploads\/2024\/09\/Stereo91-20240911-2-150x150.jpg",150,150,true]},"magazine_blocks_author":{"display_name":"Redactor","author_link":"https:\/\/pornuestrolaredo.com\/?author=1"},"magazine_blocks_comment":0,"magazine_blocks_author_image":"https:\/\/pornuestrolaredo.com\/wp-content\/litespeed\/avatar\/dca1d7ec750c399f025f23b0b314f4cf.jpg?ver=1777612120","magazine_blocks_category":"<a href=\"#\" class=\"category-link category-link-33\">Mexico<\/a>","jetpack_publicize_connections":[],"featured_image_urls":{"full":["https:\/\/pornuestrolaredo.com\/wp-content\/uploads\/2024\/09\/Stereo91-20240911-2.jpg",1440,894,false],"thumbnail":["https:\/\/pornuestrolaredo.com\/wp-content\/uploads\/2024\/09\/Stereo91-20240911-2-150x150.jpg",150,150,true],"medium":["https:\/\/pornuestrolaredo.com\/wp-content\/uploads\/2024\/09\/Stereo91-20240911-2-300x186.jpg",300,186,true],"medium_large":["https:\/\/pornuestrolaredo.com\/wp-content\/uploads\/2024\/09\/Stereo91-20240911-2-768x477.jpg",640,398,true],"large":["https:\/\/pornuestrolaredo.com\/wp-content\/uploads\/2024\/09\/Stereo91-20240911-2-1000x621.jpg",640,397,true],"1536x1536":["https:\/\/pornuestrolaredo.com\/wp-content\/uploads\/2024\/09\/Stereo91-20240911-2.jpg",1440,894,false],"2048x2048":["https:\/\/pornuestrolaredo.com\/wp-content\/uploads\/2024\/09\/Stereo91-20240911-2.jpg",1440,894,false],"morenews-large":["https:\/\/pornuestrolaredo.com\/wp-content\/uploads\/2024\/09\/Stereo91-20240911-2.jpg",825,512,false],"morenews-medium":["https:\/\/pornuestrolaredo.com\/wp-content\/uploads\/2024\/09\/Stereo91-20240911-2.jpg",590,366,false]},"author_info":{"info":["Redactor"]},"category_info":"<a href=\"https:\/\/pornuestrolaredo.com\/?cat=33\" rel=\"category\">Mexico<\/a>","tag_info":"Mexico","comment_count":"0","jetpack_featured_media_url":"https:\/\/pornuestrolaredo.com\/wp-content\/uploads\/2024\/09\/Stereo91-20240911-2.jpg","jetpack_sharing_enabled":true,"_links":{"self":[{"href":"https:\/\/pornuestrolaredo.com\/index.php?rest_route=\/wp\/v2\/posts\/4984","targetHints":{"allow":["GET"]}}],"collection":[{"href":"https:\/\/pornuestrolaredo.com\/index.php?rest_route=\/wp\/v2\/posts"}],"about":[{"href":"https:\/\/pornuestrolaredo.com\/index.php?rest_route=\/wp\/v2\/types\/post"}],"author":[{"embeddable":true,"href":"https:\/\/pornuestrolaredo.com\/index.php?rest_route=\/wp\/v2\/users\/1"}],"replies":[{"embeddable":true,"href":"https:\/\/pornuestrolaredo.com\/index.php?rest_route=%2Fwp%2Fv2%2Fcomments&post=4984"}],"version-history":[{"count":1,"href":"https:\/\/pornuestrolaredo.com\/index.php?rest_route=\/wp\/v2\/posts\/4984\/revisions"}],"predecessor-version":[{"id":4986,"href":"https:\/\/pornuestrolaredo.com\/index.php?rest_route=\/wp\/v2\/posts\/4984\/revisions\/4986"}],"wp:featuredmedia":[{"embeddable":true,"href":"https:\/\/pornuestrolaredo.com\/index.php?rest_route=\/wp\/v2\/media\/4985"}],"wp:attachment":[{"href":"https:\/\/pornuestrolaredo.com\/index.php?rest_route=%2Fwp%2Fv2%2Fmedia&parent=4984"}],"wp:term":[{"taxonomy":"category","embeddable":true,"href":"https:\/\/pornuestrolaredo.com\/index.php?rest_route=%2Fwp%2Fv2%2Fcategories&post=4984"},{"taxonomy":"post_tag","embeddable":true,"href":"https:\/\/pornuestrolaredo.com\/index.php?rest_route=%2Fwp%2Fv2%2Ftags&post=4984"}],"curies":[{"name":"wp","href":"https:\/\/api.w.org\/{rel}","templated":true}]}}