{"id":4994,"date":"2024-09-12T16:42:32","date_gmt":"2024-09-12T16:42:32","guid":{"rendered":"https:\/\/pornuestrolaredo.com\/?p=4994"},"modified":"2024-09-12T16:42:53","modified_gmt":"2024-09-12T16:42:53","slug":"estremece-sismo-a-los-angeles","status":"publish","type":"post","link":"https:\/\/pornuestrolaredo.com\/?p=4994","title":{"rendered":"Estremece sismo a Los \u00c1ngeles"},"content":{"rendered":"<p>LOS \u00c1NGELES.-  Un sismo estremeci\u00f3 la zona de Los \u00c1ngeles el jueves en la ma\u00f1ana.<\/p>\n<p>El Servicio Geol\u00f3gico de Estados Unidos report\u00f3 que el sismo tuvo una magnitud preliminar de 4.7 y estaba centrado a 7 kil\u00f3metros (4 millas) al norte de Malibu, con profundidad de unos 11 kil\u00f3metros (7 millas).<\/p>\n<p>El sismo se sinti\u00f3 tan lejos como a 72 kil\u00f3metros (42 millas) de distancia, en el condado Orange.<\/p>\n<p>La alcaldesa de Los \u00c1ngeles Karen Bass dijo que los bomberos est\u00e1n evaluando la ciudad. No hubo reportes inmediatos de heridas.<\/p>\n<p>El departamento de emergencias del despacho del gobernador de California dijo que estaba monitoreando el sismo y evaluando si hubo da\u00f1os.<\/p>\n<p>La zona ha sido afectada por varios sismos este a\u00f1o. Uno de magnitud 4.4 en agosto se sinti\u00f3 desde Los \u00c1ngeles hasta San Diego, meciendo edificios, sacudiendo platos y detonando alarmas de autom\u00f3viles.<\/p>\n<p>Rene Vasquez, gerente del restaurante The Country Kitchen en Malibu, dijo que el temblor dur\u00f3 unos minutos y que el personal de la cocina sali\u00f3 afuera como precauci\u00f3n, pero que no hubo da\u00f1os.<\/p>\n<blockquote><p>No fue tan grave\u201d, relat\u00f3 Vasquez. \u201cGracias a Dios nada se cay\u00f3\u201d.<\/p><\/blockquote>\n<p>En las redes sociales, varias personas \u2013 incluyendo celebridades \u2013 contaron que el temblor les despert\u00f3.<\/p>\n<p>Paris Hilton escribi\u00f3 en X: \u201cEse #sismo me asust\u00f3\u201d.<\/p>\n<p>Escribi\u00f3 Khloe Kardashian: \u201cDios ese fue uno grande\u201d.<\/p>\n<p>El sismo ocurre en momentos en que la regi\u00f3n sufre tres grandes incendios forestales al este de Los \u00c1ngeles que quemaron decenas de casas y obligaron a la evacuaci\u00f3n de miles de personas. Los incendios ocurren en medio de una sofocante ola de calor que apenas empieza a amainar.<\/p>\n","protected":false},"excerpt":{"rendered":"<p>De acuerdo con el Servicio Geol\u00f3gico de Estados Unidos la magnitud preliminar fue de 4.7<\/p>\n","protected":false},"author":1,"featured_media":4996,"comment_status":"closed","ping_status":"closed","sticky":false,"template":"","format":"standard","meta":{"_crdt_document":"","_jetpack_memberships_contains_paid_content":false,"footnotes":"","jetpack_publicize_message":"","jetpack_publicize_feature_enabled":true,"jetpack_social_post_already_shared":true,"jetpack_social_options":{"image_generator_settings":{"template":"highway","default_image_id":0,"font":"","enabled":false},"version":2},"_wpas_customize_per_network":false},"categories":[9],"tags":[],"class_list":["post-4994","post","type-post","status-publish","format-standard","has-post-thumbnail","hentry","category-el-mundo"],"magazineBlocksPostFeaturedMedia":{"thumbnail":"https:\/\/pornuestrolaredo.com\/wp-content\/uploads\/2024\/09\/PNL-20240912-2-150x150.jpg","medium":"https:\/\/pornuestrolaredo.com\/wp-content\/uploads\/2024\/09\/PNL-20240912-2-300x200.jpg","medium_large":"https:\/\/pornuestrolaredo.com\/wp-content\/uploads\/2024\/09\/PNL-20240912-2-768x512.jpg","large":"https:\/\/pornuestrolaredo.com\/wp-content\/uploads\/2024\/09\/PNL-20240912-2.jpg","1536x1536":"https:\/\/pornuestrolaredo.com\/wp-content\/uploads\/2024\/09\/PNL-20240912-2.jpg","2048x2048":"https:\/\/pornuestrolaredo.com\/wp-content\/uploads\/2024\/09\/PNL-20240912-2.jpg","morenews-large":"https:\/\/pornuestrolaredo.com\/wp-content\/uploads\/2024\/09\/PNL-20240912-2.jpg","morenews-medium":"https:\/\/pornuestrolaredo.com\/wp-content\/uploads\/2024\/09\/PNL-20240912-2.jpg"},"magazineBlocksPostAuthor":{"name":"Redactor","avatar":"https:\/\/pornuestrolaredo.com\/wp-content\/litespeed\/avatar\/dca1d7ec750c399f025f23b0b314f4cf.jpg?ver=1777612120"},"magazineBlocksPostCommentsNumber":false,"magazineBlocksPostExcerpt":"De acuerdo con el Servicio Geol\u00f3gico de Estados Unidos la magnitud preliminar fue de 4.7","magazineBlocksPostCategories":["El Mundo"],"magazineBlocksPostViewCount":124,"magazineBlocksPostReadTime":2,"magazine_blocks_featured_image_url":{"full":["https:\/\/pornuestrolaredo.com\/wp-content\/uploads\/2024\/09\/PNL-20240912-2.jpg",980,653,false],"medium":["https:\/\/pornuestrolaredo.com\/wp-content\/uploads\/2024\/09\/PNL-20240912-2-300x200.jpg",300,200,true],"thumbnail":["https:\/\/pornuestrolaredo.com\/wp-content\/uploads\/2024\/09\/PNL-20240912-2-150x150.jpg",150,150,true]},"magazine_blocks_author":{"display_name":"Redactor","author_link":"https:\/\/pornuestrolaredo.com\/?author=1"},"magazine_blocks_comment":0,"magazine_blocks_author_image":"https:\/\/pornuestrolaredo.com\/wp-content\/litespeed\/avatar\/dca1d7ec750c399f025f23b0b314f4cf.jpg?ver=1777612120","magazine_blocks_category":"<a href=\"#\" class=\"category-link category-link-9\">El Mundo<\/a>","jetpack_publicize_connections":[],"featured_image_urls":{"full":["https:\/\/pornuestrolaredo.com\/wp-content\/uploads\/2024\/09\/PNL-20240912-2.jpg",980,653,false],"thumbnail":["https:\/\/pornuestrolaredo.com\/wp-content\/uploads\/2024\/09\/PNL-20240912-2-150x150.jpg",150,150,true],"medium":["https:\/\/pornuestrolaredo.com\/wp-content\/uploads\/2024\/09\/PNL-20240912-2-300x200.jpg",300,200,true],"medium_large":["https:\/\/pornuestrolaredo.com\/wp-content\/uploads\/2024\/09\/PNL-20240912-2-768x512.jpg",640,427,true],"large":["https:\/\/pornuestrolaredo.com\/wp-content\/uploads\/2024\/09\/PNL-20240912-2.jpg",640,426,false],"1536x1536":["https:\/\/pornuestrolaredo.com\/wp-content\/uploads\/2024\/09\/PNL-20240912-2.jpg",980,653,false],"2048x2048":["https:\/\/pornuestrolaredo.com\/wp-content\/uploads\/2024\/09\/PNL-20240912-2.jpg",980,653,false],"morenews-large":["https:\/\/pornuestrolaredo.com\/wp-content\/uploads\/2024\/09\/PNL-20240912-2.jpg",825,550,false],"morenews-medium":["https:\/\/pornuestrolaredo.com\/wp-content\/uploads\/2024\/09\/PNL-20240912-2.jpg",590,393,false]},"author_info":{"info":["Redactor"]},"category_info":"<a href=\"https:\/\/pornuestrolaredo.com\/?cat=9\" rel=\"category\">El Mundo<\/a>","tag_info":"El Mundo","comment_count":"0","jetpack_featured_media_url":"https:\/\/pornuestrolaredo.com\/wp-content\/uploads\/2024\/09\/PNL-20240912-2.jpg","jetpack_sharing_enabled":true,"_links":{"self":[{"href":"https:\/\/pornuestrolaredo.com\/index.php?rest_route=\/wp\/v2\/posts\/4994","targetHints":{"allow":["GET"]}}],"collection":[{"href":"https:\/\/pornuestrolaredo.com\/index.php?rest_route=\/wp\/v2\/posts"}],"about":[{"href":"https:\/\/pornuestrolaredo.com\/index.php?rest_route=\/wp\/v2\/types\/post"}],"author":[{"embeddable":true,"href":"https:\/\/pornuestrolaredo.com\/index.php?rest_route=\/wp\/v2\/users\/1"}],"replies":[{"embeddable":true,"href":"https:\/\/pornuestrolaredo.com\/index.php?rest_route=%2Fwp%2Fv2%2Fcomments&post=4994"}],"version-history":[{"count":1,"href":"https:\/\/pornuestrolaredo.com\/index.php?rest_route=\/wp\/v2\/posts\/4994\/revisions"}],"predecessor-version":[{"id":4995,"href":"https:\/\/pornuestrolaredo.com\/index.php?rest_route=\/wp\/v2\/posts\/4994\/revisions\/4995"}],"wp:featuredmedia":[{"embeddable":true,"href":"https:\/\/pornuestrolaredo.com\/index.php?rest_route=\/wp\/v2\/media\/4996"}],"wp:attachment":[{"href":"https:\/\/pornuestrolaredo.com\/index.php?rest_route=%2Fwp%2Fv2%2Fmedia&parent=4994"}],"wp:term":[{"taxonomy":"category","embeddable":true,"href":"https:\/\/pornuestrolaredo.com\/index.php?rest_route=%2Fwp%2Fv2%2Fcategories&post=4994"},{"taxonomy":"post_tag","embeddable":true,"href":"https:\/\/pornuestrolaredo.com\/index.php?rest_route=%2Fwp%2Fv2%2Ftags&post=4994"}],"curies":[{"name":"wp","href":"https:\/\/api.w.org\/{rel}","templated":true}]}}