{"id":500,"date":"2022-10-05T18:43:33","date_gmt":"2022-10-05T18:43:33","guid":{"rendered":"https:\/\/pornuestrolaredo.com\/?p=500"},"modified":"2022-10-05T18:43:33","modified_gmt":"2022-10-05T18:43:33","slug":"%ef%bf%bcmatan-a-mexicano-en-centro-de-detencion-de-texas","status":"publish","type":"post","link":"https:\/\/pornuestrolaredo.com\/?p=500","title":{"rendered":"\ufffcMatan a mexicano en centro de detenci\u00f3n de Texas"},"content":{"rendered":"\n<p class=\"wp-block-paragraph\"><strong><em>EL PASO, Texas.-<\/em><\/strong> Un mexicano muri\u00f3 en un hospital despu\u00e9s de recibir un disparo en una estaci\u00f3n de la Patrulla Fronteriza en Texas, informaron las autoridades.<\/p>\n\n\n\n<p class=\"wp-block-paragraph\">El hombre estaba el martes bajo custodia en la estaci\u00f3n de Ysleta, en El Paso, cuando le dispararon, inform\u00f3 en un comunicado la Oficina de Aduanas y Protecci\u00f3n Fronteriza de Estados Unidos. Fue llevado a un hospital donde fue declarado muerto, de acuerdo con el FBI.<\/p>\n\n\n\n<p class=\"wp-block-paragraph\">La Patrulla Fronteriza dijo que sus agentes estuvieron involucrados en el tiroteo, pero no se dieron a conocer detalles sobre lo que lo pas\u00f3 previamente.<\/p>\n\n\n\n<p class=\"wp-block-paragraph\">El consulado de M\u00e9xico en El Paso inform\u00f3 que el hombre que muri\u00f3 era un ciudadano mexicano que estaba siendo procesado en la estaci\u00f3n cuando se descubrieron cargos penales en su contra. El FBI encabeza la investigaci\u00f3n del tiroteo.<\/p>\n\n\n\n<p class=\"wp-block-paragraph\">Hace unos d\u00edas, dos inmigrantes fueron baleados, uno de ellos fatalmente, mientras buscaban agua en el condado rural de Hudspeth, a unos 145 kil\u00f3metros (90 millas) al este de la ciudad fronteriza de El Paso, en Texas. En ese caso, dos hermanos de Texas \u2014incluido uno que fue jefe en un centro de detenci\u00f3n para migrantes\u2014 fueron arrestados y acusados de homicidio no premeditado. El hombre que muri\u00f3 y la mujer que result\u00f3 herida en el condado de Hudspeth eran ambos de M\u00e9xico, dijo el consulado el martes<\/p>\n","protected":false},"excerpt":{"rendered":"<p>EL PASO, Texas.- Un mexicano muri\u00f3 en un hospital despu\u00e9s de recibir un disparo en una estaci\u00f3n de<\/p>\n","protected":false},"author":1,"featured_media":501,"comment_status":"open","ping_status":"open","sticky":false,"template":"","format":"standard","meta":{"_crdt_document":"","_jetpack_memberships_contains_paid_content":false,"footnotes":"","jetpack_publicize_message":"El hombre estaba el martes bajo custodia en la estaci\u00f3n de Ysleta, en El Paso, cuando le dispararon","jetpack_publicize_feature_enabled":true,"jetpack_social_post_already_shared":true,"jetpack_social_options":{"image_generator_settings":{"template":"highway","default_image_id":0,"font":"","enabled":false},"version":2},"_wpas_customize_per_network":false},"categories":[9],"tags":[],"class_list":["post-500","post","type-post","status-publish","format-standard","has-post-thumbnail","hentry","category-el-mundo"],"magazineBlocksPostFeaturedMedia":{"thumbnail":"https:\/\/pornuestrolaredo.com\/wp-content\/uploads\/2022\/10\/Stereo91-20221005-2-150x150.jpg","medium":"https:\/\/pornuestrolaredo.com\/wp-content\/uploads\/2022\/10\/Stereo91-20221005-2-300x169.jpg","medium_large":"https:\/\/pornuestrolaredo.com\/wp-content\/uploads\/2022\/10\/Stereo91-20221005-2-768x432.jpg","large":"https:\/\/pornuestrolaredo.com\/wp-content\/uploads\/2022\/10\/Stereo91-20221005-2.jpg","1536x1536":"https:\/\/pornuestrolaredo.com\/wp-content\/uploads\/2022\/10\/Stereo91-20221005-2.jpg","2048x2048":"https:\/\/pornuestrolaredo.com\/wp-content\/uploads\/2022\/10\/Stereo91-20221005-2.jpg","morenews-large":"https:\/\/pornuestrolaredo.com\/wp-content\/uploads\/2022\/10\/Stereo91-20221005-2.jpg","morenews-medium":"https:\/\/pornuestrolaredo.com\/wp-content\/uploads\/2022\/10\/Stereo91-20221005-2.jpg"},"magazineBlocksPostAuthor":{"name":"Redactor","avatar":"https:\/\/pornuestrolaredo.com\/wp-content\/litespeed\/avatar\/dca1d7ec750c399f025f23b0b314f4cf.jpg?ver=1777007253"},"magazineBlocksPostCommentsNumber":false,"magazineBlocksPostExcerpt":"EL PASO, Texas.- Un mexicano muri\u00f3 en un hospital despu\u00e9s de recibir un disparo en una estaci\u00f3n de","magazineBlocksPostCategories":["El Mundo"],"magazineBlocksPostViewCount":139,"magazineBlocksPostReadTime":2,"magazine_blocks_featured_image_url":{"full":["https:\/\/pornuestrolaredo.com\/wp-content\/uploads\/2022\/10\/Stereo91-20221005-2.jpg",1024,576,false],"medium":["https:\/\/pornuestrolaredo.com\/wp-content\/uploads\/2022\/10\/Stereo91-20221005-2-300x169.jpg",300,169,true],"thumbnail":["https:\/\/pornuestrolaredo.com\/wp-content\/uploads\/2022\/10\/Stereo91-20221005-2-150x150.jpg",150,150,true]},"magazine_blocks_author":{"display_name":"Redactor","author_link":"https:\/\/pornuestrolaredo.com\/?author=1"},"magazine_blocks_comment":0,"magazine_blocks_author_image":"https:\/\/pornuestrolaredo.com\/wp-content\/litespeed\/avatar\/dca1d7ec750c399f025f23b0b314f4cf.jpg?ver=1777007253","magazine_blocks_category":"<a href=\"#\" class=\"category-link category-link-9\">El Mundo<\/a>","jetpack_publicize_connections":[],"featured_image_urls":{"full":["https:\/\/pornuestrolaredo.com\/wp-content\/uploads\/2022\/10\/Stereo91-20221005-2.jpg",1024,576,false],"thumbnail":["https:\/\/pornuestrolaredo.com\/wp-content\/uploads\/2022\/10\/Stereo91-20221005-2-150x150.jpg",150,150,true],"medium":["https:\/\/pornuestrolaredo.com\/wp-content\/uploads\/2022\/10\/Stereo91-20221005-2-300x169.jpg",300,169,true],"medium_large":["https:\/\/pornuestrolaredo.com\/wp-content\/uploads\/2022\/10\/Stereo91-20221005-2-768x432.jpg",640,360,true],"large":["https:\/\/pornuestrolaredo.com\/wp-content\/uploads\/2022\/10\/Stereo91-20221005-2.jpg",640,360,false],"1536x1536":["https:\/\/pornuestrolaredo.com\/wp-content\/uploads\/2022\/10\/Stereo91-20221005-2.jpg",1024,576,false],"2048x2048":["https:\/\/pornuestrolaredo.com\/wp-content\/uploads\/2022\/10\/Stereo91-20221005-2.jpg",1024,576,false],"morenews-large":["https:\/\/pornuestrolaredo.com\/wp-content\/uploads\/2022\/10\/Stereo91-20221005-2.jpg",825,464,false],"morenews-medium":["https:\/\/pornuestrolaredo.com\/wp-content\/uploads\/2022\/10\/Stereo91-20221005-2.jpg",590,332,false]},"author_info":{"info":["Redactor"]},"category_info":"<a href=\"https:\/\/pornuestrolaredo.com\/?cat=9\" rel=\"category\">El Mundo<\/a>","tag_info":"El Mundo","comment_count":"0","jetpack_featured_media_url":"https:\/\/pornuestrolaredo.com\/wp-content\/uploads\/2022\/10\/Stereo91-20221005-2.jpg","jetpack_sharing_enabled":true,"_links":{"self":[{"href":"https:\/\/pornuestrolaredo.com\/index.php?rest_route=\/wp\/v2\/posts\/500","targetHints":{"allow":["GET"]}}],"collection":[{"href":"https:\/\/pornuestrolaredo.com\/index.php?rest_route=\/wp\/v2\/posts"}],"about":[{"href":"https:\/\/pornuestrolaredo.com\/index.php?rest_route=\/wp\/v2\/types\/post"}],"author":[{"embeddable":true,"href":"https:\/\/pornuestrolaredo.com\/index.php?rest_route=\/wp\/v2\/users\/1"}],"replies":[{"embeddable":true,"href":"https:\/\/pornuestrolaredo.com\/index.php?rest_route=%2Fwp%2Fv2%2Fcomments&post=500"}],"version-history":[{"count":1,"href":"https:\/\/pornuestrolaredo.com\/index.php?rest_route=\/wp\/v2\/posts\/500\/revisions"}],"predecessor-version":[{"id":502,"href":"https:\/\/pornuestrolaredo.com\/index.php?rest_route=\/wp\/v2\/posts\/500\/revisions\/502"}],"wp:featuredmedia":[{"embeddable":true,"href":"https:\/\/pornuestrolaredo.com\/index.php?rest_route=\/wp\/v2\/media\/501"}],"wp:attachment":[{"href":"https:\/\/pornuestrolaredo.com\/index.php?rest_route=%2Fwp%2Fv2%2Fmedia&parent=500"}],"wp:term":[{"taxonomy":"category","embeddable":true,"href":"https:\/\/pornuestrolaredo.com\/index.php?rest_route=%2Fwp%2Fv2%2Fcategories&post=500"},{"taxonomy":"post_tag","embeddable":true,"href":"https:\/\/pornuestrolaredo.com\/index.php?rest_route=%2Fwp%2Fv2%2Ftags&post=500"}],"curies":[{"name":"wp","href":"https:\/\/api.w.org\/{rel}","templated":true}]}}