{"id":5005,"date":"2024-09-13T17:27:26","date_gmt":"2024-09-13T17:27:26","guid":{"rendered":"https:\/\/pornuestrolaredo.com\/?p=5005"},"modified":"2024-09-13T17:27:26","modified_gmt":"2024-09-13T17:27:26","slug":"se-forma-tormenta-tropical-va-hacia-baja-california","status":"publish","type":"post","link":"https:\/\/pornuestrolaredo.com\/?p=5005","title":{"rendered":"Se forma tormenta tropical; va hacia Baja California"},"content":{"rendered":"<p><strong><em>MIAMI.<\/em>&#8211;<\/strong> La tormenta tropical Ileana se form\u00f3 el jueves en el Pac\u00edfico mexicano, inform\u00f3 el Centro Nacional de Huracanes de Estados Unidos.<\/p>\n<p>Ileana se ubicaba a unos 385 kil\u00f3metros (240 millas) al sur-sureste de Cabo San Lucas, se\u00f1al\u00f3 en un aviso el NHC (siglas en ingl\u00e9s del centro).<\/p>\n<p>Hab\u00eda una alerta de tormenta tropical en vigor para partes de la pen\u00ednsula de Baja California.<\/p>\n<p>El NHC dijo que se pronostica que Ileana pase encima del estado de Baja California Sur la noche de este viernes y avance al golfo de California para el s\u00e1bado en la madrugada.<\/p>\n","protected":false},"excerpt":{"rendered":"<p>Se espera que Ileana pase por encima de la pen\u00ednsula la noche de este viernes <\/p>\n","protected":false},"author":1,"featured_media":5006,"comment_status":"closed","ping_status":"closed","sticky":false,"template":"","format":"standard","meta":{"_crdt_document":"","_jetpack_memberships_contains_paid_content":false,"footnotes":"","jetpack_publicize_message":"","jetpack_publicize_feature_enabled":true,"jetpack_social_post_already_shared":true,"jetpack_social_options":{"image_generator_settings":{"template":"highway","default_image_id":0,"font":"","enabled":false},"version":2},"_wpas_customize_per_network":false},"categories":[33],"tags":[],"class_list":["post-5005","post","type-post","status-publish","format-standard","has-post-thumbnail","hentry","category-mexico"],"magazineBlocksPostFeaturedMedia":{"thumbnail":"https:\/\/pornuestrolaredo.com\/wp-content\/uploads\/2024\/09\/Stereo91-20240913-1-150x150.jpg","medium":"https:\/\/pornuestrolaredo.com\/wp-content\/uploads\/2024\/09\/Stereo91-20240913-1-300x161.jpg","medium_large":"https:\/\/pornuestrolaredo.com\/wp-content\/uploads\/2024\/09\/Stereo91-20240913-1-768x411.jpg","large":"https:\/\/pornuestrolaredo.com\/wp-content\/uploads\/2024\/09\/Stereo91-20240913-1-1000x536.jpg","1536x1536":"https:\/\/pornuestrolaredo.com\/wp-content\/uploads\/2024\/09\/Stereo91-20240913-1-1536x823.jpg","2048x2048":"https:\/\/pornuestrolaredo.com\/wp-content\/uploads\/2024\/09\/Stereo91-20240913-1.jpg","morenews-large":"https:\/\/pornuestrolaredo.com\/wp-content\/uploads\/2024\/09\/Stereo91-20240913-1.jpg","morenews-medium":"https:\/\/pornuestrolaredo.com\/wp-content\/uploads\/2024\/09\/Stereo91-20240913-1.jpg"},"magazineBlocksPostAuthor":{"name":"Redactor","avatar":"https:\/\/pornuestrolaredo.com\/wp-content\/litespeed\/avatar\/dca1d7ec750c399f025f23b0b314f4cf.jpg?ver=1777612120"},"magazineBlocksPostCommentsNumber":false,"magazineBlocksPostExcerpt":"Se espera que Ileana pase por encima de la pen\u00ednsula la noche de este viernes ","magazineBlocksPostCategories":["Mexico"],"magazineBlocksPostViewCount":122,"magazineBlocksPostReadTime":1,"magazine_blocks_featured_image_url":{"full":["https:\/\/pornuestrolaredo.com\/wp-content\/uploads\/2024\/09\/Stereo91-20240913-1.jpg",1701,911,false],"medium":["https:\/\/pornuestrolaredo.com\/wp-content\/uploads\/2024\/09\/Stereo91-20240913-1-300x161.jpg",300,161,true],"thumbnail":["https:\/\/pornuestrolaredo.com\/wp-content\/uploads\/2024\/09\/Stereo91-20240913-1-150x150.jpg",150,150,true]},"magazine_blocks_author":{"display_name":"Redactor","author_link":"https:\/\/pornuestrolaredo.com\/?author=1"},"magazine_blocks_comment":0,"magazine_blocks_author_image":"https:\/\/pornuestrolaredo.com\/wp-content\/litespeed\/avatar\/dca1d7ec750c399f025f23b0b314f4cf.jpg?ver=1777612120","magazine_blocks_category":"<a href=\"#\" class=\"category-link category-link-33\">Mexico<\/a>","jetpack_publicize_connections":[],"featured_image_urls":{"full":["https:\/\/pornuestrolaredo.com\/wp-content\/uploads\/2024\/09\/Stereo91-20240913-1.jpg",1701,911,false],"thumbnail":["https:\/\/pornuestrolaredo.com\/wp-content\/uploads\/2024\/09\/Stereo91-20240913-1-150x150.jpg",150,150,true],"medium":["https:\/\/pornuestrolaredo.com\/wp-content\/uploads\/2024\/09\/Stereo91-20240913-1-300x161.jpg",300,161,true],"medium_large":["https:\/\/pornuestrolaredo.com\/wp-content\/uploads\/2024\/09\/Stereo91-20240913-1-768x411.jpg",640,343,true],"large":["https:\/\/pornuestrolaredo.com\/wp-content\/uploads\/2024\/09\/Stereo91-20240913-1-1000x536.jpg",640,343,true],"1536x1536":["https:\/\/pornuestrolaredo.com\/wp-content\/uploads\/2024\/09\/Stereo91-20240913-1-1536x823.jpg",1536,823,true],"2048x2048":["https:\/\/pornuestrolaredo.com\/wp-content\/uploads\/2024\/09\/Stereo91-20240913-1.jpg",1701,911,false],"morenews-large":["https:\/\/pornuestrolaredo.com\/wp-content\/uploads\/2024\/09\/Stereo91-20240913-1.jpg",825,442,false],"morenews-medium":["https:\/\/pornuestrolaredo.com\/wp-content\/uploads\/2024\/09\/Stereo91-20240913-1.jpg",590,316,false]},"author_info":{"info":["Redactor"]},"category_info":"<a href=\"https:\/\/pornuestrolaredo.com\/?cat=33\" rel=\"category\">Mexico<\/a>","tag_info":"Mexico","comment_count":"0","jetpack_featured_media_url":"https:\/\/pornuestrolaredo.com\/wp-content\/uploads\/2024\/09\/Stereo91-20240913-1.jpg","jetpack_sharing_enabled":true,"_links":{"self":[{"href":"https:\/\/pornuestrolaredo.com\/index.php?rest_route=\/wp\/v2\/posts\/5005","targetHints":{"allow":["GET"]}}],"collection":[{"href":"https:\/\/pornuestrolaredo.com\/index.php?rest_route=\/wp\/v2\/posts"}],"about":[{"href":"https:\/\/pornuestrolaredo.com\/index.php?rest_route=\/wp\/v2\/types\/post"}],"author":[{"embeddable":true,"href":"https:\/\/pornuestrolaredo.com\/index.php?rest_route=\/wp\/v2\/users\/1"}],"replies":[{"embeddable":true,"href":"https:\/\/pornuestrolaredo.com\/index.php?rest_route=%2Fwp%2Fv2%2Fcomments&post=5005"}],"version-history":[{"count":1,"href":"https:\/\/pornuestrolaredo.com\/index.php?rest_route=\/wp\/v2\/posts\/5005\/revisions"}],"predecessor-version":[{"id":5007,"href":"https:\/\/pornuestrolaredo.com\/index.php?rest_route=\/wp\/v2\/posts\/5005\/revisions\/5007"}],"wp:featuredmedia":[{"embeddable":true,"href":"https:\/\/pornuestrolaredo.com\/index.php?rest_route=\/wp\/v2\/media\/5006"}],"wp:attachment":[{"href":"https:\/\/pornuestrolaredo.com\/index.php?rest_route=%2Fwp%2Fv2%2Fmedia&parent=5005"}],"wp:term":[{"taxonomy":"category","embeddable":true,"href":"https:\/\/pornuestrolaredo.com\/index.php?rest_route=%2Fwp%2Fv2%2Fcategories&post=5005"},{"taxonomy":"post_tag","embeddable":true,"href":"https:\/\/pornuestrolaredo.com\/index.php?rest_route=%2Fwp%2Fv2%2Ftags&post=5005"}],"curies":[{"name":"wp","href":"https:\/\/api.w.org\/{rel}","templated":true}]}}