{"id":5015,"date":"2024-09-13T17:59:49","date_gmt":"2024-09-13T17:59:49","guid":{"rendered":"https:\/\/pornuestrolaredo.com\/?p=5015"},"modified":"2024-09-13T17:59:49","modified_gmt":"2024-09-13T17:59:49","slug":"fallece-el-actor-chad-mcqueen-hijo-de-steve-mcqueen","status":"publish","type":"post","link":"https:\/\/pornuestrolaredo.com\/?p=5015","title":{"rendered":"Fallece el actor Chad McQueen, hijo de Steve McQueen"},"content":{"rendered":"<p><strong><em>LOS \u00c1NGELES.-<\/em><\/strong> Chad McQueen, un actor conocido por sus interpretaciones en las pel\u00edculas de \u201cKarate Kid\u201d e hijo del fallecido actor y piloto de carreras Steve McQueen, ha muerto. Ten\u00eda 63 a\u00f1os.<\/p>\n<p>El abogado y amigo de McQueen, Arthur H. Barens, confirm\u00f3 a The Associated Press que muri\u00f3 el mi\u00e9rcoles. La causa no fue revelada. Su esposa Jeanie y sus hijos Chase y Madison compartieron un comunicado en Instagram el jueves por la tarde desde la cuenta verificada de McQueen, anunciando la noticia de su muerte con \u201cgran pesar\u201d.<\/p>\n<blockquote><p>Su extraordinario viaje como un padre amoroso para nosotros, junto con su compromiso inquebrantable con nuestra madre, realmente ejemplific\u00f3 una vida llena de amor y dedicaci\u00f3n. Su pasi\u00f3n por las carreras no s\u00f3lo destac\u00f3 su talento excepcional, sino que tambi\u00e9n sirvi\u00f3 como una forma de honrar el legado de su padre, un testimonio de los valores que le inculcaron\u201d, se lee en el comunicado.<\/p><\/blockquote>\n<blockquote><p>Nos transmiti\u00f3 su pasi\u00f3n, conocimiento y dedicaci\u00f3n y continuaremos no s\u00f3lo su legado, sino tambi\u00e9n el de nuestros abuelos\u201d, continu\u00f3 el comunicado.<\/p><\/blockquote>\n<p>La familia pidi\u00f3 respeto a su privacidad mientras \u201crecuerdan y celebran su extraordinaria vida\u201d.<\/p>\n<p>McQueen sigui\u00f3 los pasos de su padre, dedic\u00e1ndose tanto a la actuaci\u00f3n como a la conducci\u00f3n de coches de carreras. Se hizo conocido por su papel de Dutch, el antagonista en \u201cThe Karate Kid\u201d de 1984, y su secuela dos a\u00f1os despu\u00e9s.<\/p>\n<p>Si bien protagoniz\u00f3 varias pel\u00edculas despu\u00e9s de la exitosa franquicia de acci\u00f3n, incluidas \u201cNew York Cop\u201d, \u201cSquanderers\u201d y \u201cRed Line\u201d, finalmente se dedic\u00f3 m\u00e1s a las carreras que a la actuaci\u00f3n, y fund\u00f3 McQueen Racing, una compa\u00f1\u00eda que crea autos, motocicletas y accesorios personalizados. Su hijo Chase, que tambi\u00e9n compite, y su hija Madison ahora dirigen la compa\u00f1\u00eda.<\/p>\n<blockquote><p>Ya no me divert\u00eda actuar\u201d, dijo McQueen a The Associated Press en una entrevista en 2005. \u201cAs\u00ed que decid\u00ed dedicarme a las carreras\u201d.<\/p><\/blockquote>\n<p>McQueen corri\u00f3 profesionalmente durante a\u00f1os, compitiendo en las famosas 24 Horas de Le Mans y las 24 Horas de Daytona antes de sufrir una serie de lesiones al volante.<\/p>\n<p>Su trabajo con McQueen Racing, fue dise\u00f1ado para preservar y continuar el legado de su padre. McQueen tambi\u00e9n produjo los documentales sobre su progenitor: \u201cI Am Steve McQueen\u201d y \u201cSteve McQueen: The Man &#038; Le Mans\u201d.<\/p>\n<p>McQueen era el \u00fanico hijo de su padre y su madre, Neile Toffel. Ten\u00eda una hermana, Terry, que muri\u00f3 de insuficiencia respiratoria a los 38 a\u00f1os en 1998. Le sobreviven su esposa Jeanie y sus tres hijos, Chase, Madison y Steven, quien es un actor conocido por su participaci\u00f3n en \u201cThe Vampire Diaries\u201d.<\/p>\n","protected":false},"excerpt":{"rendered":"<p>Era conocido por sus interpretaciones en las pel\u00edculas de \u201cKarate Kid\u201d y ten\u00eda 63 a\u00f1os de edad<\/p>\n","protected":false},"author":1,"featured_media":5016,"comment_status":"closed","ping_status":"closed","sticky":false,"template":"","format":"standard","meta":{"_crdt_document":"","_jetpack_memberships_contains_paid_content":false,"footnotes":"","jetpack_publicize_message":"","jetpack_publicize_feature_enabled":true,"jetpack_social_post_already_shared":true,"jetpack_social_options":{"image_generator_settings":{"template":"highway","default_image_id":0,"font":"","enabled":false},"version":2},"_wpas_customize_per_network":false},"categories":[34],"tags":[],"class_list":["post-5015","post","type-post","status-publish","format-standard","has-post-thumbnail","hentry","category-farandula"],"magazineBlocksPostFeaturedMedia":{"thumbnail":"https:\/\/pornuestrolaredo.com\/wp-content\/uploads\/2024\/09\/107FM-20240913-3-150x150.jpg","medium":"https:\/\/pornuestrolaredo.com\/wp-content\/uploads\/2024\/09\/107FM-20240913-3-300x156.jpg","medium_large":"https:\/\/pornuestrolaredo.com\/wp-content\/uploads\/2024\/09\/107FM-20240913-3-768x400.jpg","large":"https:\/\/pornuestrolaredo.com\/wp-content\/uploads\/2024\/09\/107FM-20240913-3.jpg","1536x1536":"https:\/\/pornuestrolaredo.com\/wp-content\/uploads\/2024\/09\/107FM-20240913-3.jpg","2048x2048":"https:\/\/pornuestrolaredo.com\/wp-content\/uploads\/2024\/09\/107FM-20240913-3.jpg","morenews-large":"https:\/\/pornuestrolaredo.com\/wp-content\/uploads\/2024\/09\/107FM-20240913-3.jpg","morenews-medium":"https:\/\/pornuestrolaredo.com\/wp-content\/uploads\/2024\/09\/107FM-20240913-3.jpg"},"magazineBlocksPostAuthor":{"name":"Redactor","avatar":"https:\/\/pornuestrolaredo.com\/wp-content\/litespeed\/avatar\/dca1d7ec750c399f025f23b0b314f4cf.jpg?ver=1777612120"},"magazineBlocksPostCommentsNumber":false,"magazineBlocksPostExcerpt":"Era conocido por sus interpretaciones en las pel\u00edculas de \u201cKarate Kid\u201d y ten\u00eda 63 a\u00f1os de edad","magazineBlocksPostCategories":["Far\u00e1ndula"],"magazineBlocksPostViewCount":135,"magazineBlocksPostReadTime":3,"magazine_blocks_featured_image_url":{"full":["https:\/\/pornuestrolaredo.com\/wp-content\/uploads\/2024\/09\/107FM-20240913-3.jpg",850,443,false],"medium":["https:\/\/pornuestrolaredo.com\/wp-content\/uploads\/2024\/09\/107FM-20240913-3-300x156.jpg",300,156,true],"thumbnail":["https:\/\/pornuestrolaredo.com\/wp-content\/uploads\/2024\/09\/107FM-20240913-3-150x150.jpg",150,150,true]},"magazine_blocks_author":{"display_name":"Redactor","author_link":"https:\/\/pornuestrolaredo.com\/?author=1"},"magazine_blocks_comment":0,"magazine_blocks_author_image":"https:\/\/pornuestrolaredo.com\/wp-content\/litespeed\/avatar\/dca1d7ec750c399f025f23b0b314f4cf.jpg?ver=1777612120","magazine_blocks_category":"<a href=\"#\" class=\"category-link category-link-34\">Far\u00e1ndula<\/a>","jetpack_publicize_connections":[],"featured_image_urls":{"full":["https:\/\/pornuestrolaredo.com\/wp-content\/uploads\/2024\/09\/107FM-20240913-3.jpg",850,443,false],"thumbnail":["https:\/\/pornuestrolaredo.com\/wp-content\/uploads\/2024\/09\/107FM-20240913-3-150x150.jpg",150,150,true],"medium":["https:\/\/pornuestrolaredo.com\/wp-content\/uploads\/2024\/09\/107FM-20240913-3-300x156.jpg",300,156,true],"medium_large":["https:\/\/pornuestrolaredo.com\/wp-content\/uploads\/2024\/09\/107FM-20240913-3-768x400.jpg",640,333,true],"large":["https:\/\/pornuestrolaredo.com\/wp-content\/uploads\/2024\/09\/107FM-20240913-3.jpg",640,334,false],"1536x1536":["https:\/\/pornuestrolaredo.com\/wp-content\/uploads\/2024\/09\/107FM-20240913-3.jpg",850,443,false],"2048x2048":["https:\/\/pornuestrolaredo.com\/wp-content\/uploads\/2024\/09\/107FM-20240913-3.jpg",850,443,false],"morenews-large":["https:\/\/pornuestrolaredo.com\/wp-content\/uploads\/2024\/09\/107FM-20240913-3.jpg",825,430,false],"morenews-medium":["https:\/\/pornuestrolaredo.com\/wp-content\/uploads\/2024\/09\/107FM-20240913-3.jpg",590,307,false]},"author_info":{"info":["Redactor"]},"category_info":"<a href=\"https:\/\/pornuestrolaredo.com\/?cat=34\" rel=\"category\">Far\u00e1ndula<\/a>","tag_info":"Far\u00e1ndula","comment_count":"0","jetpack_featured_media_url":"https:\/\/pornuestrolaredo.com\/wp-content\/uploads\/2024\/09\/107FM-20240913-3.jpg","jetpack_sharing_enabled":true,"_links":{"self":[{"href":"https:\/\/pornuestrolaredo.com\/index.php?rest_route=\/wp\/v2\/posts\/5015","targetHints":{"allow":["GET"]}}],"collection":[{"href":"https:\/\/pornuestrolaredo.com\/index.php?rest_route=\/wp\/v2\/posts"}],"about":[{"href":"https:\/\/pornuestrolaredo.com\/index.php?rest_route=\/wp\/v2\/types\/post"}],"author":[{"embeddable":true,"href":"https:\/\/pornuestrolaredo.com\/index.php?rest_route=\/wp\/v2\/users\/1"}],"replies":[{"embeddable":true,"href":"https:\/\/pornuestrolaredo.com\/index.php?rest_route=%2Fwp%2Fv2%2Fcomments&post=5015"}],"version-history":[{"count":1,"href":"https:\/\/pornuestrolaredo.com\/index.php?rest_route=\/wp\/v2\/posts\/5015\/revisions"}],"predecessor-version":[{"id":5017,"href":"https:\/\/pornuestrolaredo.com\/index.php?rest_route=\/wp\/v2\/posts\/5015\/revisions\/5017"}],"wp:featuredmedia":[{"embeddable":true,"href":"https:\/\/pornuestrolaredo.com\/index.php?rest_route=\/wp\/v2\/media\/5016"}],"wp:attachment":[{"href":"https:\/\/pornuestrolaredo.com\/index.php?rest_route=%2Fwp%2Fv2%2Fmedia&parent=5015"}],"wp:term":[{"taxonomy":"category","embeddable":true,"href":"https:\/\/pornuestrolaredo.com\/index.php?rest_route=%2Fwp%2Fv2%2Fcategories&post=5015"},{"taxonomy":"post_tag","embeddable":true,"href":"https:\/\/pornuestrolaredo.com\/index.php?rest_route=%2Fwp%2Fv2%2Ftags&post=5015"}],"curies":[{"name":"wp","href":"https:\/\/api.w.org\/{rel}","templated":true}]}}