{"id":5025,"date":"2024-09-16T19:20:42","date_gmt":"2024-09-16T19:20:42","guid":{"rendered":"https:\/\/pornuestrolaredo.com\/?p=5025"},"modified":"2024-09-16T19:20:42","modified_gmt":"2024-09-16T19:20:42","slug":"embiste-multitud-con-camioneta-mata-a-adolescente","status":"publish","type":"post","link":"https:\/\/pornuestrolaredo.com\/?p=5025","title":{"rendered":"Embiste multitud con camioneta; mata a adolescente"},"content":{"rendered":"<p><strong><em>MINNEAPOLIS.- <\/em><\/strong>Una mujer de Minnesota que se vio implicada en una pelea en el centro de Minneapolis se subi\u00f3 a una camioneta SUV y se abri\u00f3 paso entre la multitud, matando a una chica de 16 a\u00f1os e hiriendo a otras cinco personas.<\/p>\n<p>El jefe de la polic\u00eda de Minneapolis, Brian O\u2019Hara, dijo que la mujer, de 22 a\u00f1os, fue detenida como sospechosa de asesinato poco despu\u00e9s de los hechos ocurridos a primera hora del s\u00e1bado. Dijo que \u201cno hay duda\u201d de que la automovilista pretend\u00eda atravesar a la multitud. No estaba claro de inmediato si el alcohol jug\u00f3 alg\u00fan papel, dijo la polic\u00eda.<\/p>\n<blockquote><p>El video es absolutamente horrible. No hay palabras para describir lo tr\u00e1gico y absurdo que es perder a una joven de 16 a\u00f1os por algo as\u00ed\u201d, afirm\u00f3 O\u2019Hara. \u201cSin embargo, estamos agradecidos porque est\u00e1 claro que podr\u00edamos haber tenido m\u00e1s v\u00edctimas mortales y m\u00e1s heridos\u201d.<\/p><\/blockquote>\n<p>La chica de 16 a\u00f1os fue trasladada a un hospital, donde falleci\u00f3. Seg\u00fan la polic\u00eda, una mujer de 29 a\u00f1os sufri\u00f3 heridas que pusieron en peligro su vida, y dos ni\u00f1as de 14 a\u00f1os y dos hombres de 24 y 28 fueron atendidos por heridas leves.<\/p>\n<p>Testigos siguieron a la mujer mientras se alejaba en el mismo momento en que se denunci\u00f3 el atropello a la polic\u00eda, a las 12.23 horas del s\u00e1bado. Agentes de varios departamentos la interceptaron y fue detenida.<\/p>\n<p>Los registros judiciales muestran que la mujer tiene condenas anteriores por conducir con una licencia suspendida el a\u00f1o pasado y por agredir a su hermana de 14 a\u00f1os en 2022. De momento no ha quedado claro si su licencia sigue suspendida.<\/p>\n","protected":false},"excerpt":{"rendered":"<p>La Polic\u00eda de Minneapolis logr\u00f3 detener a una mujer que se hab\u00eda visto involucrada en una pelea<\/p>\n","protected":false},"author":1,"featured_media":5026,"comment_status":"closed","ping_status":"closed","sticky":false,"template":"","format":"standard","meta":{"_crdt_document":"","_jetpack_memberships_contains_paid_content":false,"footnotes":"","jetpack_publicize_message":"","jetpack_publicize_feature_enabled":true,"jetpack_social_post_already_shared":true,"jetpack_social_options":{"image_generator_settings":{"template":"highway","default_image_id":0,"font":"","enabled":false},"version":2},"_wpas_customize_per_network":false},"categories":[9],"tags":[],"class_list":["post-5025","post","type-post","status-publish","format-standard","has-post-thumbnail","hentry","category-el-mundo"],"magazineBlocksPostFeaturedMedia":{"thumbnail":"https:\/\/pornuestrolaredo.com\/wp-content\/uploads\/2024\/09\/Stereo91-20240916-4-150x150.jpg","medium":"https:\/\/pornuestrolaredo.com\/wp-content\/uploads\/2024\/09\/Stereo91-20240916-4-300x169.jpg","medium_large":"https:\/\/pornuestrolaredo.com\/wp-content\/uploads\/2024\/09\/Stereo91-20240916-4-768x431.jpg","large":"https:\/\/pornuestrolaredo.com\/wp-content\/uploads\/2024\/09\/Stereo91-20240916-4-1000x562.jpg","1536x1536":"https:\/\/pornuestrolaredo.com\/wp-content\/uploads\/2024\/09\/Stereo91-20240916-4.jpg","2048x2048":"https:\/\/pornuestrolaredo.com\/wp-content\/uploads\/2024\/09\/Stereo91-20240916-4.jpg","morenews-large":"https:\/\/pornuestrolaredo.com\/wp-content\/uploads\/2024\/09\/Stereo91-20240916-4.jpg","morenews-medium":"https:\/\/pornuestrolaredo.com\/wp-content\/uploads\/2024\/09\/Stereo91-20240916-4.jpg"},"magazineBlocksPostAuthor":{"name":"Redactor","avatar":"https:\/\/pornuestrolaredo.com\/wp-content\/litespeed\/avatar\/dca1d7ec750c399f025f23b0b314f4cf.jpg?ver=1777612120"},"magazineBlocksPostCommentsNumber":false,"magazineBlocksPostExcerpt":"La Polic\u00eda de Minneapolis logr\u00f3 detener a una mujer que se hab\u00eda visto involucrada en una pelea","magazineBlocksPostCategories":["El Mundo"],"magazineBlocksPostViewCount":134,"magazineBlocksPostReadTime":2,"magazine_blocks_featured_image_url":{"full":["https:\/\/pornuestrolaredo.com\/wp-content\/uploads\/2024\/09\/Stereo91-20240916-4.jpg",1440,809,false],"medium":["https:\/\/pornuestrolaredo.com\/wp-content\/uploads\/2024\/09\/Stereo91-20240916-4-300x169.jpg",300,169,true],"thumbnail":["https:\/\/pornuestrolaredo.com\/wp-content\/uploads\/2024\/09\/Stereo91-20240916-4-150x150.jpg",150,150,true]},"magazine_blocks_author":{"display_name":"Redactor","author_link":"https:\/\/pornuestrolaredo.com\/?author=1"},"magazine_blocks_comment":0,"magazine_blocks_author_image":"https:\/\/pornuestrolaredo.com\/wp-content\/litespeed\/avatar\/dca1d7ec750c399f025f23b0b314f4cf.jpg?ver=1777612120","magazine_blocks_category":"<a href=\"#\" class=\"category-link category-link-9\">El Mundo<\/a>","jetpack_publicize_connections":[],"featured_image_urls":{"full":["https:\/\/pornuestrolaredo.com\/wp-content\/uploads\/2024\/09\/Stereo91-20240916-4.jpg",1440,809,false],"thumbnail":["https:\/\/pornuestrolaredo.com\/wp-content\/uploads\/2024\/09\/Stereo91-20240916-4-150x150.jpg",150,150,true],"medium":["https:\/\/pornuestrolaredo.com\/wp-content\/uploads\/2024\/09\/Stereo91-20240916-4-300x169.jpg",300,169,true],"medium_large":["https:\/\/pornuestrolaredo.com\/wp-content\/uploads\/2024\/09\/Stereo91-20240916-4-768x431.jpg",640,359,true],"large":["https:\/\/pornuestrolaredo.com\/wp-content\/uploads\/2024\/09\/Stereo91-20240916-4-1000x562.jpg",640,360,true],"1536x1536":["https:\/\/pornuestrolaredo.com\/wp-content\/uploads\/2024\/09\/Stereo91-20240916-4.jpg",1440,809,false],"2048x2048":["https:\/\/pornuestrolaredo.com\/wp-content\/uploads\/2024\/09\/Stereo91-20240916-4.jpg",1440,809,false],"morenews-large":["https:\/\/pornuestrolaredo.com\/wp-content\/uploads\/2024\/09\/Stereo91-20240916-4.jpg",825,463,false],"morenews-medium":["https:\/\/pornuestrolaredo.com\/wp-content\/uploads\/2024\/09\/Stereo91-20240916-4.jpg",590,331,false]},"author_info":{"info":["Redactor"]},"category_info":"<a href=\"https:\/\/pornuestrolaredo.com\/?cat=9\" rel=\"category\">El Mundo<\/a>","tag_info":"El Mundo","comment_count":"0","jetpack_featured_media_url":"https:\/\/pornuestrolaredo.com\/wp-content\/uploads\/2024\/09\/Stereo91-20240916-4.jpg","jetpack_sharing_enabled":true,"_links":{"self":[{"href":"https:\/\/pornuestrolaredo.com\/index.php?rest_route=\/wp\/v2\/posts\/5025","targetHints":{"allow":["GET"]}}],"collection":[{"href":"https:\/\/pornuestrolaredo.com\/index.php?rest_route=\/wp\/v2\/posts"}],"about":[{"href":"https:\/\/pornuestrolaredo.com\/index.php?rest_route=\/wp\/v2\/types\/post"}],"author":[{"embeddable":true,"href":"https:\/\/pornuestrolaredo.com\/index.php?rest_route=\/wp\/v2\/users\/1"}],"replies":[{"embeddable":true,"href":"https:\/\/pornuestrolaredo.com\/index.php?rest_route=%2Fwp%2Fv2%2Fcomments&post=5025"}],"version-history":[{"count":1,"href":"https:\/\/pornuestrolaredo.com\/index.php?rest_route=\/wp\/v2\/posts\/5025\/revisions"}],"predecessor-version":[{"id":5027,"href":"https:\/\/pornuestrolaredo.com\/index.php?rest_route=\/wp\/v2\/posts\/5025\/revisions\/5027"}],"wp:featuredmedia":[{"embeddable":true,"href":"https:\/\/pornuestrolaredo.com\/index.php?rest_route=\/wp\/v2\/media\/5026"}],"wp:attachment":[{"href":"https:\/\/pornuestrolaredo.com\/index.php?rest_route=%2Fwp%2Fv2%2Fmedia&parent=5025"}],"wp:term":[{"taxonomy":"category","embeddable":true,"href":"https:\/\/pornuestrolaredo.com\/index.php?rest_route=%2Fwp%2Fv2%2Fcategories&post=5025"},{"taxonomy":"post_tag","embeddable":true,"href":"https:\/\/pornuestrolaredo.com\/index.php?rest_route=%2Fwp%2Fv2%2Ftags&post=5025"}],"curies":[{"name":"wp","href":"https:\/\/api.w.org\/{rel}","templated":true}]}}