{"id":5053,"date":"2024-09-19T18:56:48","date_gmt":"2024-09-19T18:56:48","guid":{"rendered":"https:\/\/pornuestrolaredo.com\/?p=5053"},"modified":"2024-09-19T18:56:48","modified_gmt":"2024-09-19T18:56:48","slug":"homenaje-de-amlo-y-claudia-a-victimas-de-sismos","status":"publish","type":"post","link":"https:\/\/pornuestrolaredo.com\/?p=5053","title":{"rendered":"Homenaje de AMLO y Claudia a v\u00edctimas de sismos"},"content":{"rendered":"<p><strong>CIUDAD DE M\u00c9XICO.-<\/strong> El presidente Andr\u00e9s Manuel L\u00f3pez Obrador y la presidenta electa Claudia Sheinbaum encabezaron este jueves el izamiento de bandera a media asta en memoria de las v\u00edctimas de los sismos de 1985 y 2017.<\/p>\n<p>Esta es la primera ocasi\u00f3n en que el Presidente en funciones es acompa\u00f1ado por quien ser\u00e1 su sucesora en el Poder Ejecutivo.<\/p>\n<p>Este mes, la morenista ha participado en otras actos c\u00edvicos c\u00edvicas, como la de los Ni\u00f1os H\u00e9roes, el pasado 13 de septiembre, el Grito y el Desfile de Independencia.<\/p>\n<p>Tambi\u00e9n es la \u00faltima ceremonia encabezada por el Mandatario federal, quien est\u00e1 a 11 d\u00edas de concluir su sexenio.<\/p>\n<p>Tras salir caminando de Palacio Nacional y atravesar parte del Z\u00f3calo en medio de una valla militar, el Presidente activ\u00f3 el mecanismo para izar la bandera monumental.<\/p>\n<p>En la Plaza de la Constituci\u00f3n, se escucho a la banda de guerra ejecutar el toque de silencio.<\/p>\n<p>En el homenaje participaron los titulares de Sedena, Marina, Seguridad P\u00fablica y Gobernaci\u00f3n, as\u00ed como el Jefe de Gobierno de la Ciudad de M\u00e9xico, Mart\u00ed Batres.<\/p>\n<p>Al regresar a Palacio, algunos simpatizantes de L\u00f3pez Obrador gritaron porras y consignas en agradecimiento al tabasque\u00f1o.<\/p>\n<blockquote><p>Es un honor estar con obrador&#8221;, corearon.<\/p><\/blockquote>\n<p>Este mismo jueves, el Presidente y sus funcionarios presentar\u00e1n un informe sobre los avances en la reconstrucci\u00f3n de inmuebles hist\u00f3ricos y edificios p\u00fablicos que fueron da\u00f1ados por los movimientos tel\u00faricos.<\/p>\n<p>A las 11:00 horas, L\u00f3pez Obrador participar\u00e1 en el simulacro organizado por la Coordinaci\u00f3n Nacional de Protecci\u00f3n Civil.<\/p>\n<p>Durante la conferencia ma\u00f1anera, el Gobierno federal present\u00f3 un informe sobre los avances del Programa Nacional de Reconstrucci\u00f3n para atender a inmuebles p\u00fablicos y privados afectados por los sismos.<\/p>\n<p>De acuerdo con el reporte, se han invertido 33 mil 500 millones de pesos en un total de 71 mil 227 acciones de educaci\u00f3n, salud, cultura y vivienda, en 10 estados y 889 municipios, con un total de 34 millones de beneficiarios.<\/p>\n<p>Tras recordar que los estados m\u00e1s afectados fueron Chiapas, Oaxaca, Morelos y Puebla, se dio a conocer que, a solo unos d\u00edas de que termine el sexenio, el 99.7 por ciento de las intervenciones quedaron concluidas y s\u00f3lo restan 217.<\/p>\n<p>Desde el Sal\u00f3n Tesorer\u00eda de Palacio Nacional se realizaron enlaces con los gobernadores de Oaxaca, Tlaxcala, Guerrero, Estado de M\u00e9xico, Puebla, Chiapas, Morelos y el Jefe de Gobierno de la Ciudad de M\u00e9xico.<\/p>\n","protected":false},"excerpt":{"rendered":"<p>Encabezan este izamiento de bandera a media asta; es la primera vez que el presidente en funciones es acompa\u00f1ado por quien ser\u00e1 su sucesora<\/p>\n","protected":false},"author":1,"featured_media":5054,"comment_status":"closed","ping_status":"closed","sticky":false,"template":"","format":"standard","meta":{"_crdt_document":"","_jetpack_memberships_contains_paid_content":false,"footnotes":"","jetpack_publicize_message":"","jetpack_publicize_feature_enabled":true,"jetpack_social_post_already_shared":true,"jetpack_social_options":{"image_generator_settings":{"template":"highway","default_image_id":0,"font":"","enabled":false},"version":2},"_wpas_customize_per_network":false},"categories":[33],"tags":[],"class_list":["post-5053","post","type-post","status-publish","format-standard","has-post-thumbnail","hentry","category-mexico"],"magazineBlocksPostFeaturedMedia":{"thumbnail":"https:\/\/pornuestrolaredo.com\/wp-content\/uploads\/2024\/09\/Stereo91-20240919-2-150x150.jpg","medium":"https:\/\/pornuestrolaredo.com\/wp-content\/uploads\/2024\/09\/Stereo91-20240919-2-300x161.jpg","medium_large":"https:\/\/pornuestrolaredo.com\/wp-content\/uploads\/2024\/09\/Stereo91-20240919-2-768x413.jpg","large":"https:\/\/pornuestrolaredo.com\/wp-content\/uploads\/2024\/09\/Stereo91-20240919-2.jpg","1536x1536":"https:\/\/pornuestrolaredo.com\/wp-content\/uploads\/2024\/09\/Stereo91-20240919-2.jpg","2048x2048":"https:\/\/pornuestrolaredo.com\/wp-content\/uploads\/2024\/09\/Stereo91-20240919-2.jpg","morenews-large":"https:\/\/pornuestrolaredo.com\/wp-content\/uploads\/2024\/09\/Stereo91-20240919-2.jpg","morenews-medium":"https:\/\/pornuestrolaredo.com\/wp-content\/uploads\/2024\/09\/Stereo91-20240919-2.jpg"},"magazineBlocksPostAuthor":{"name":"Redactor","avatar":"https:\/\/pornuestrolaredo.com\/wp-content\/litespeed\/avatar\/dca1d7ec750c399f025f23b0b314f4cf.jpg?ver=1777612120"},"magazineBlocksPostCommentsNumber":false,"magazineBlocksPostExcerpt":"Encabezan este izamiento de bandera a media asta; es la primera vez que el presidente en funciones es acompa\u00f1ado por quien ser\u00e1 su sucesora","magazineBlocksPostCategories":["Mexico"],"magazineBlocksPostViewCount":119,"magazineBlocksPostReadTime":3,"magazine_blocks_featured_image_url":{"full":["https:\/\/pornuestrolaredo.com\/wp-content\/uploads\/2024\/09\/Stereo91-20240919-2.jpg",960,516,false],"medium":["https:\/\/pornuestrolaredo.com\/wp-content\/uploads\/2024\/09\/Stereo91-20240919-2-300x161.jpg",300,161,true],"thumbnail":["https:\/\/pornuestrolaredo.com\/wp-content\/uploads\/2024\/09\/Stereo91-20240919-2-150x150.jpg",150,150,true]},"magazine_blocks_author":{"display_name":"Redactor","author_link":"https:\/\/pornuestrolaredo.com\/?author=1"},"magazine_blocks_comment":0,"magazine_blocks_author_image":"https:\/\/pornuestrolaredo.com\/wp-content\/litespeed\/avatar\/dca1d7ec750c399f025f23b0b314f4cf.jpg?ver=1777612120","magazine_blocks_category":"<a href=\"#\" class=\"category-link category-link-33\">Mexico<\/a>","jetpack_publicize_connections":[],"featured_image_urls":{"full":["https:\/\/pornuestrolaredo.com\/wp-content\/uploads\/2024\/09\/Stereo91-20240919-2.jpg",960,516,false],"thumbnail":["https:\/\/pornuestrolaredo.com\/wp-content\/uploads\/2024\/09\/Stereo91-20240919-2-150x150.jpg",150,150,true],"medium":["https:\/\/pornuestrolaredo.com\/wp-content\/uploads\/2024\/09\/Stereo91-20240919-2-300x161.jpg",300,161,true],"medium_large":["https:\/\/pornuestrolaredo.com\/wp-content\/uploads\/2024\/09\/Stereo91-20240919-2-768x413.jpg",640,344,true],"large":["https:\/\/pornuestrolaredo.com\/wp-content\/uploads\/2024\/09\/Stereo91-20240919-2.jpg",640,344,false],"1536x1536":["https:\/\/pornuestrolaredo.com\/wp-content\/uploads\/2024\/09\/Stereo91-20240919-2.jpg",960,516,false],"2048x2048":["https:\/\/pornuestrolaredo.com\/wp-content\/uploads\/2024\/09\/Stereo91-20240919-2.jpg",960,516,false],"morenews-large":["https:\/\/pornuestrolaredo.com\/wp-content\/uploads\/2024\/09\/Stereo91-20240919-2.jpg",825,443,false],"morenews-medium":["https:\/\/pornuestrolaredo.com\/wp-content\/uploads\/2024\/09\/Stereo91-20240919-2.jpg",590,317,false]},"author_info":{"info":["Redactor"]},"category_info":"<a href=\"https:\/\/pornuestrolaredo.com\/?cat=33\" rel=\"category\">Mexico<\/a>","tag_info":"Mexico","comment_count":"0","jetpack_featured_media_url":"https:\/\/pornuestrolaredo.com\/wp-content\/uploads\/2024\/09\/Stereo91-20240919-2.jpg","jetpack_sharing_enabled":true,"_links":{"self":[{"href":"https:\/\/pornuestrolaredo.com\/index.php?rest_route=\/wp\/v2\/posts\/5053","targetHints":{"allow":["GET"]}}],"collection":[{"href":"https:\/\/pornuestrolaredo.com\/index.php?rest_route=\/wp\/v2\/posts"}],"about":[{"href":"https:\/\/pornuestrolaredo.com\/index.php?rest_route=\/wp\/v2\/types\/post"}],"author":[{"embeddable":true,"href":"https:\/\/pornuestrolaredo.com\/index.php?rest_route=\/wp\/v2\/users\/1"}],"replies":[{"embeddable":true,"href":"https:\/\/pornuestrolaredo.com\/index.php?rest_route=%2Fwp%2Fv2%2Fcomments&post=5053"}],"version-history":[{"count":1,"href":"https:\/\/pornuestrolaredo.com\/index.php?rest_route=\/wp\/v2\/posts\/5053\/revisions"}],"predecessor-version":[{"id":5055,"href":"https:\/\/pornuestrolaredo.com\/index.php?rest_route=\/wp\/v2\/posts\/5053\/revisions\/5055"}],"wp:featuredmedia":[{"embeddable":true,"href":"https:\/\/pornuestrolaredo.com\/index.php?rest_route=\/wp\/v2\/media\/5054"}],"wp:attachment":[{"href":"https:\/\/pornuestrolaredo.com\/index.php?rest_route=%2Fwp%2Fv2%2Fmedia&parent=5053"}],"wp:term":[{"taxonomy":"category","embeddable":true,"href":"https:\/\/pornuestrolaredo.com\/index.php?rest_route=%2Fwp%2Fv2%2Fcategories&post=5053"},{"taxonomy":"post_tag","embeddable":true,"href":"https:\/\/pornuestrolaredo.com\/index.php?rest_route=%2Fwp%2Fv2%2Ftags&post=5053"}],"curies":[{"name":"wp","href":"https:\/\/api.w.org\/{rel}","templated":true}]}}