{"id":5059,"date":"2024-09-19T19:49:50","date_gmt":"2024-09-19T19:49:50","guid":{"rendered":"https:\/\/pornuestrolaredo.com\/?p=5059"},"modified":"2024-09-19T19:49:50","modified_gmt":"2024-09-19T19:49:50","slug":"participa-nld-en-simulacro-nacional-2024","status":"publish","type":"post","link":"https:\/\/pornuestrolaredo.com\/?p=5059","title":{"rendered":"Participa NLD en simulacro nacional 2024"},"content":{"rendered":"<p><strong><em>NUEVO LAREDO.-<\/em> <\/strong>Para estar siempre listos, Nuevo Laredo form\u00f3 parte del Simulacro Nacional de Protecci\u00f3n Civil 2024. Maquiladoras, Protecci\u00f3n Civil, escuelas y personal del Municipio participaron en un simulacro que tiene el objetivo es mejorar la capacidad de respuesta ante emergencias y fomentar la cultura de la autoprotecci\u00f3n.<\/p>\n<p>Humberto Fern\u00e1ndez Diez de Pinos, director de Protecci\u00f3n Civil inform\u00f3 que este evento se realiza en el marco del D\u00eda Nacional de la Protecci\u00f3n Civil que se conmemora cada 19 de septiembre en memoria de las v\u00edctimas de los terremotos de 1985.<\/p>\n<blockquote><p>Estamos dando cumplimiento y ordenamiento a esta liga nacional de simulacros 2024, agradecemos la participaci\u00f3n de todos en este d\u00eda que nos hacen valorar la vida enmarcando que quien est\u00e1 capacitado y preparado sobresale ante cualquier situaci\u00f3n de emergencia y sobrevive\u201d, se\u00f1al\u00f3 el funcionario municipal.<\/p><\/blockquote>\n<p>El simulacro se llev\u00f3 a cabo a las 12:00 del mediod\u00eda, cuando son\u00f3 la sirena de una ambulancia, indicando la evacuaci\u00f3n de diversas \u00e1reas del gobierno municipal que se logr\u00f3 realizar en alrededor de 3 minutos con 26 segundos. <\/p>\n<p>En esta actividad participaron 717 personas, entre trabajadores municipales y ciudadanos, que se encontraban en diversas dependencias, simulando un hipot\u00e9tico incendio.<\/p>\n<p>Adem\u00e1s, hubo una brigada espec\u00edfica para las personas con discapacidad, por lo que existe un plan determinado para movilizarlas.<\/p>\n<p>De manera simult\u00e1nea tambi\u00e9n empresas del sector maquilador, transportistas, agencias aduanales, sector escolar entre otras, realizaron sus propios simulacros.<\/p>\n<p>Como parte de esta conmemoraci\u00f3n, se guard\u00f3 un minuto de silencio en honor a quienes perdieron la vida en los sismos de 1985 y 2017. Durante este momento, los participantes levantaron la mano derecha con el pu\u00f1o cerrado, en se\u00f1al de respeto.<\/p>\n<p>Tras el simulacro se eval\u00faa a las brigadas en acciones como alertamiento, evacuaci\u00f3n, b\u00fasqueda y rescate, uso y manejo de extintores o combate de incendios y primeros auxilios.<\/p>\n<p>Fueron parte de este simulacro la Cruz Roja, voluntarios, alumnos de la Academia de Protecci\u00f3n Civil, Sistema Bomberil de Protecci\u00f3n Civil, Guardia Estatal, Guardia Nacional, Guardia Municipal y Tr\u00e1nsito y Vialidad.<\/p>\n","protected":false},"excerpt":{"rendered":"<p>Rinden homenaje a las v\u00edctimas de los sismos que azotaron M\u00e9xico en septiembre 19 de 1985 y 2017<\/p>\n","protected":false},"author":1,"featured_media":5060,"comment_status":"closed","ping_status":"closed","sticky":false,"template":"","format":"standard","meta":{"_crdt_document":"","_jetpack_memberships_contains_paid_content":false,"footnotes":"","jetpack_publicize_message":"","jetpack_publicize_feature_enabled":true,"jetpack_social_post_already_shared":true,"jetpack_social_options":{"image_generator_settings":{"template":"highway","default_image_id":0,"font":"","enabled":false},"version":2},"_wpas_customize_per_network":false},"categories":[4],"tags":[],"class_list":["post-5059","post","type-post","status-publish","format-standard","has-post-thumbnail","hentry","category-los-dos-laredos"],"magazineBlocksPostFeaturedMedia":{"thumbnail":"https:\/\/pornuestrolaredo.com\/wp-content\/uploads\/2024\/09\/PNL-20240919-4-150x150.jpg","medium":"https:\/\/pornuestrolaredo.com\/wp-content\/uploads\/2024\/09\/PNL-20240919-4-300x172.jpg","medium_large":"https:\/\/pornuestrolaredo.com\/wp-content\/uploads\/2024\/09\/PNL-20240919-4-768x441.jpg","large":"https:\/\/pornuestrolaredo.com\/wp-content\/uploads\/2024\/09\/PNL-20240919-4.jpg","1536x1536":"https:\/\/pornuestrolaredo.com\/wp-content\/uploads\/2024\/09\/PNL-20240919-4.jpg","2048x2048":"https:\/\/pornuestrolaredo.com\/wp-content\/uploads\/2024\/09\/PNL-20240919-4.jpg","morenews-large":"https:\/\/pornuestrolaredo.com\/wp-content\/uploads\/2024\/09\/PNL-20240919-4.jpg","morenews-medium":"https:\/\/pornuestrolaredo.com\/wp-content\/uploads\/2024\/09\/PNL-20240919-4.jpg"},"magazineBlocksPostAuthor":{"name":"Redactor","avatar":"https:\/\/pornuestrolaredo.com\/wp-content\/litespeed\/avatar\/dca1d7ec750c399f025f23b0b314f4cf.jpg?ver=1777612120"},"magazineBlocksPostCommentsNumber":false,"magazineBlocksPostExcerpt":"Rinden homenaje a las v\u00edctimas de los sismos que azotaron M\u00e9xico en septiembre 19 de 1985 y 2017","magazineBlocksPostCategories":["Los dos Laredos"],"magazineBlocksPostViewCount":131,"magazineBlocksPostReadTime":2,"magazine_blocks_featured_image_url":{"full":["https:\/\/pornuestrolaredo.com\/wp-content\/uploads\/2024\/09\/PNL-20240919-4.jpg",850,488,false],"medium":["https:\/\/pornuestrolaredo.com\/wp-content\/uploads\/2024\/09\/PNL-20240919-4-300x172.jpg",300,172,true],"thumbnail":["https:\/\/pornuestrolaredo.com\/wp-content\/uploads\/2024\/09\/PNL-20240919-4-150x150.jpg",150,150,true]},"magazine_blocks_author":{"display_name":"Redactor","author_link":"https:\/\/pornuestrolaredo.com\/?author=1"},"magazine_blocks_comment":0,"magazine_blocks_author_image":"https:\/\/pornuestrolaredo.com\/wp-content\/litespeed\/avatar\/dca1d7ec750c399f025f23b0b314f4cf.jpg?ver=1777612120","magazine_blocks_category":"<a href=\"#\" class=\"category-link category-link-4\">Los dos Laredos<\/a>","jetpack_publicize_connections":[],"featured_image_urls":{"full":["https:\/\/pornuestrolaredo.com\/wp-content\/uploads\/2024\/09\/PNL-20240919-4.jpg",850,488,false],"thumbnail":["https:\/\/pornuestrolaredo.com\/wp-content\/uploads\/2024\/09\/PNL-20240919-4-150x150.jpg",150,150,true],"medium":["https:\/\/pornuestrolaredo.com\/wp-content\/uploads\/2024\/09\/PNL-20240919-4-300x172.jpg",300,172,true],"medium_large":["https:\/\/pornuestrolaredo.com\/wp-content\/uploads\/2024\/09\/PNL-20240919-4-768x441.jpg",640,368,true],"large":["https:\/\/pornuestrolaredo.com\/wp-content\/uploads\/2024\/09\/PNL-20240919-4.jpg",640,367,false],"1536x1536":["https:\/\/pornuestrolaredo.com\/wp-content\/uploads\/2024\/09\/PNL-20240919-4.jpg",850,488,false],"2048x2048":["https:\/\/pornuestrolaredo.com\/wp-content\/uploads\/2024\/09\/PNL-20240919-4.jpg",850,488,false],"morenews-large":["https:\/\/pornuestrolaredo.com\/wp-content\/uploads\/2024\/09\/PNL-20240919-4.jpg",825,474,false],"morenews-medium":["https:\/\/pornuestrolaredo.com\/wp-content\/uploads\/2024\/09\/PNL-20240919-4.jpg",590,339,false]},"author_info":{"info":["Redactor"]},"category_info":"<a href=\"https:\/\/pornuestrolaredo.com\/?cat=4\" rel=\"category\">Los dos Laredos<\/a>","tag_info":"Los dos Laredos","comment_count":"0","jetpack_featured_media_url":"https:\/\/pornuestrolaredo.com\/wp-content\/uploads\/2024\/09\/PNL-20240919-4.jpg","jetpack_sharing_enabled":true,"_links":{"self":[{"href":"https:\/\/pornuestrolaredo.com\/index.php?rest_route=\/wp\/v2\/posts\/5059","targetHints":{"allow":["GET"]}}],"collection":[{"href":"https:\/\/pornuestrolaredo.com\/index.php?rest_route=\/wp\/v2\/posts"}],"about":[{"href":"https:\/\/pornuestrolaredo.com\/index.php?rest_route=\/wp\/v2\/types\/post"}],"author":[{"embeddable":true,"href":"https:\/\/pornuestrolaredo.com\/index.php?rest_route=\/wp\/v2\/users\/1"}],"replies":[{"embeddable":true,"href":"https:\/\/pornuestrolaredo.com\/index.php?rest_route=%2Fwp%2Fv2%2Fcomments&post=5059"}],"version-history":[{"count":1,"href":"https:\/\/pornuestrolaredo.com\/index.php?rest_route=\/wp\/v2\/posts\/5059\/revisions"}],"predecessor-version":[{"id":5061,"href":"https:\/\/pornuestrolaredo.com\/index.php?rest_route=\/wp\/v2\/posts\/5059\/revisions\/5061"}],"wp:featuredmedia":[{"embeddable":true,"href":"https:\/\/pornuestrolaredo.com\/index.php?rest_route=\/wp\/v2\/media\/5060"}],"wp:attachment":[{"href":"https:\/\/pornuestrolaredo.com\/index.php?rest_route=%2Fwp%2Fv2%2Fmedia&parent=5059"}],"wp:term":[{"taxonomy":"category","embeddable":true,"href":"https:\/\/pornuestrolaredo.com\/index.php?rest_route=%2Fwp%2Fv2%2Fcategories&post=5059"},{"taxonomy":"post_tag","embeddable":true,"href":"https:\/\/pornuestrolaredo.com\/index.php?rest_route=%2Fwp%2Fv2%2Ftags&post=5059"}],"curies":[{"name":"wp","href":"https:\/\/api.w.org\/{rel}","templated":true}]}}