{"id":506,"date":"2022-10-06T17:34:46","date_gmt":"2022-10-06T17:34:46","guid":{"rendered":"https:\/\/pornuestrolaredo.com\/?p=506"},"modified":"2022-10-06T17:38:26","modified_gmt":"2022-10-06T17:38:26","slug":"renuncia-tatiana-clouthier-a-la-secretaria-de-economia","status":"publish","type":"post","link":"https:\/\/pornuestrolaredo.com\/?p=506","title":{"rendered":"Renuncia Tatiana Clouthier a la Secretar\u00eda de Econom\u00eda"},"content":{"rendered":"\n<p class=\"wp-block-paragraph\"><strong><em>CIUDAD DE M\u00c9XICO.- <\/em><\/strong>Tatiana Clouthier dijo adi\u00f3s al Gobierno Federal al renunciar, la ma\u00f1ana de este jueves, a la Secretar\u00eda de Econom\u00eda.<\/p>\n\n\n\n<blockquote class=\"wp-block-quote is-layout-flow wp-block-quote-is-layout-flow\"><p>Mi posibilidad de aportar en el Gobierno qued\u00f3 agotada y que me paso a la porra\u201d, dijo durante la Conferencia Ma\u00f1anera.<\/p><\/blockquote>\n\n\n\n<p class=\"wp-block-paragraph\">Clouthier ley\u00f3, con la voz entrecortada, la carta en la que explica los motivos de su dimisi\u00f3n para &#8220;evitar especulaciones&#8221; y agradeci\u00f3 al presidente Andr\u00e9s Manuel L\u00f3pez Obrador la oportunidad de jugar con \u00e9l en la 4T.<\/p>\n\n\n\n<blockquote class=\"wp-block-quote is-layout-flow wp-block-quote-is-layout-flow\"><p>Estimado Presidente, aprovecho esta nota para agradecer la gran oportunidad que me has dado de caminar contigo en favor de la Cuarta Transformaci\u00f3n. Si hago un s\u00edmil con el b\u00e9isbol, me toc\u00f3 ser invitada a jugar en las Ligas Mayores, conocer el pa\u00eds, representarlo, jugar en distintas posiciones, sudando la camiseta al mil y nunca dejando de hacer lo que me correspond\u00eda con tal de meter una carrera a favor de M\u00e9xico\u201d, dijo Clouthier.<\/p><\/blockquote>\n\n\n\n<blockquote class=\"wp-block-quote is-layout-flow wp-block-quote-is-layout-flow\"><p>La misma din\u00e1mica ha sido en las 57 entradas que me toc\u00f3 jugar al lado del liderazgo tuyo desde la campa\u00f1a y ahora como presidente de este hermoso pa\u00eds. No obstante, uno debe saber, como en el juego, cu\u00e1ndo retirarse, estoy segura que no hay posici\u00f3n menos importante que otra, pues hasta en p\u00fablico y la porra uno tiene un papel fundamental para animar siempre a los jugadores. Como lo platicamos desde el 26 de julio y lo reiter\u00e9 el 9 de septiembre, mi oportunidad de sumarle al equipo est\u00e1 agotada&#8221;, dijo entre l\u00e1grimas.<\/p><\/blockquote>\n\n\n\n<p class=\"wp-block-paragraph\">Tatiana Clouthier dijo que, desde la porra, seguir\u00e1 dando \u00e1nimo al equipo de la 4T.<\/p>\n\n\n\n<blockquote class=\"wp-block-quote is-layout-flow wp-block-quote-is-layout-flow\"><p>Desde el espacio com\u00fan, a ser una m\u00e1s que trabaja por la patria, ya que la revoluci\u00f3n de las consciencias no permite dejar de involucrarnos en el quehacer del pa\u00eds, quisiera decir mucho m\u00e1s , sin embargo, lo \u00fanico que sale de mi boca y de mi coraz\u00f3n es gracias, gracias una ocasi\u00f3n m\u00e1s por ense\u00f1arme a apreciar la diferencia como un espacio de respeto, de di\u00e1logo, de crecimiento, y por dejarme poner mis capacidades al servicio de la patria, y sobre todo por mostrarme que cuando de servir se trata no hay cansancio, enfermedad o barrera que no se pueda superar&#8221;.<\/p><\/blockquote>\n\n\n\n<blockquote class=\"wp-block-quote is-layout-flow wp-block-quote-is-layout-flow\"><p>Esta semana me toc\u00f3 levantarme tres d\u00edas a la ma\u00f1anera y y no pod\u00eda y t\u00fa tienes mucho tiempo aqu\u00ed haci\u00e9ndolo. Me voy con la mano tendida, la puerta de mi casa siempre abierta y el coraz\u00f3n m\u00edo, y de &#8216;Yori&#8217;, receptivo, para t\u00ed y para Beatriz, muchas gracias&#8221;, finaliz\u00f3.<\/p><\/blockquote>\n\n\n\n<p class=\"wp-block-paragraph\">Previamente, el L\u00f3pez Obrador dijo respetar la decisi\u00f3n de Clouthier de retirarse del Gobierno.<\/p>\n\n\n\n<blockquote class=\"wp-block-quote is-layout-flow wp-block-quote-is-layout-flow\"><p>Insistimos para que se quedara, pero es una mujer con convicciones, con criterio, y ha tomado est\u00e1 decisi\u00f3n de dejar la Secretar\u00eda de Econom\u00eda.<\/p><\/blockquote>\n\n\n\n<blockquote class=\"wp-block-quote is-layout-flow wp-block-quote-is-layout-flow\"><p>Quisimos hacerlo aqu\u00ed para agradecerle mucho por su contribuci\u00f3n, por su apoyo, no puede ella salir por la puerta de atr\u00e1s, nos ha apoyado y repito, vamos a sentir su ausencia, pero como lo hemos platicado, ella va continuar siempre con sus convicciones, defendiendo la justicia e impulsado el desarrollo pol\u00edtico democr\u00e1tico del pa\u00eds&#8221;.<\/p><\/blockquote>\n\n\n\n<p class=\"wp-block-paragraph\">-\u00bfTatiana se fue por desacuerdo con militarizaci\u00f3n?, se le pregunt\u00f3 m\u00e1s tarde. <\/p>\n\n\n\n<blockquote class=\"wp-block-quote is-layout-flow wp-block-quote-is-layout-flow\"><p>No, no, fue en los mejores t\u00e9rminos, ella habl\u00f3 en julio, lo hemos venido platicando, \u00bfs\u00ed habl\u00f3 de julio no? En la carta, es julio, agosto, septiembre, antes&#8230; a ver c\u00f3mo dice, ya de tiempo atr\u00e1s hemos venido hablando del tema. Ella es muy fuerte tambi\u00e9n. No son ustedes mirones y mironas profesionales, pues a trabajar&#8221;, dijo L\u00f3pez Obrador.<\/p><\/blockquote>\n","protected":false},"excerpt":{"rendered":"<p>CIUDAD DE M\u00c9XICO.- Tatiana Clouthier dijo adi\u00f3s al Gobierno Federal al renunciar, la ma\u00f1ana de este jueves, a<\/p>\n","protected":false},"author":1,"featured_media":507,"comment_status":"open","ping_status":"open","sticky":false,"template":"","format":"standard","meta":{"_crdt_document":"","_jetpack_memberships_contains_paid_content":false,"footnotes":"","jetpack_publicize_message":"Agradece al presidente Andr\u00e9s Manuel L\u00f3pez Obrador la oportunidad de trabajar en el Gobierno Federal","jetpack_publicize_feature_enabled":true,"jetpack_social_post_already_shared":true,"jetpack_social_options":{"image_generator_settings":{"template":"highway","default_image_id":0,"font":"","enabled":false},"version":2},"_wpas_customize_per_network":false},"categories":[9],"tags":[],"class_list":["post-506","post","type-post","status-publish","format-standard","has-post-thumbnail","hentry","category-el-mundo"],"magazineBlocksPostFeaturedMedia":{"thumbnail":"https:\/\/pornuestrolaredo.com\/wp-content\/uploads\/2022\/10\/Stereo91-20221006-1-150x150.jpg","medium":"https:\/\/pornuestrolaredo.com\/wp-content\/uploads\/2022\/10\/Stereo91-20221006-1-300x184.jpg","medium_large":"https:\/\/pornuestrolaredo.com\/wp-content\/uploads\/2022\/10\/Stereo91-20221006-1-768x471.jpg","large":"https:\/\/pornuestrolaredo.com\/wp-content\/uploads\/2022\/10\/Stereo91-20221006-1.jpg","1536x1536":"https:\/\/pornuestrolaredo.com\/wp-content\/uploads\/2022\/10\/Stereo91-20221006-1.jpg","2048x2048":"https:\/\/pornuestrolaredo.com\/wp-content\/uploads\/2022\/10\/Stereo91-20221006-1.jpg","morenews-large":"https:\/\/pornuestrolaredo.com\/wp-content\/uploads\/2022\/10\/Stereo91-20221006-1.jpg","morenews-medium":"https:\/\/pornuestrolaredo.com\/wp-content\/uploads\/2022\/10\/Stereo91-20221006-1.jpg"},"magazineBlocksPostAuthor":{"name":"Redactor","avatar":"https:\/\/pornuestrolaredo.com\/wp-content\/litespeed\/avatar\/dca1d7ec750c399f025f23b0b314f4cf.jpg?ver=1777007253"},"magazineBlocksPostCommentsNumber":false,"magazineBlocksPostExcerpt":"CIUDAD DE M\u00c9XICO.- Tatiana Clouthier dijo adi\u00f3s al Gobierno Federal al renunciar, la ma\u00f1ana de este jueves, a","magazineBlocksPostCategories":["El Mundo"],"magazineBlocksPostViewCount":125,"magazineBlocksPostReadTime":4,"magazine_blocks_featured_image_url":{"full":["https:\/\/pornuestrolaredo.com\/wp-content\/uploads\/2022\/10\/Stereo91-20221006-1.jpg",958,587,false],"medium":["https:\/\/pornuestrolaredo.com\/wp-content\/uploads\/2022\/10\/Stereo91-20221006-1-300x184.jpg",300,184,true],"thumbnail":["https:\/\/pornuestrolaredo.com\/wp-content\/uploads\/2022\/10\/Stereo91-20221006-1-150x150.jpg",150,150,true]},"magazine_blocks_author":{"display_name":"Redactor","author_link":"https:\/\/pornuestrolaredo.com\/?author=1"},"magazine_blocks_comment":0,"magazine_blocks_author_image":"https:\/\/pornuestrolaredo.com\/wp-content\/litespeed\/avatar\/dca1d7ec750c399f025f23b0b314f4cf.jpg?ver=1777007253","magazine_blocks_category":"<a href=\"#\" class=\"category-link category-link-9\">El Mundo<\/a>","jetpack_publicize_connections":[],"featured_image_urls":{"full":["https:\/\/pornuestrolaredo.com\/wp-content\/uploads\/2022\/10\/Stereo91-20221006-1.jpg",958,587,false],"thumbnail":["https:\/\/pornuestrolaredo.com\/wp-content\/uploads\/2022\/10\/Stereo91-20221006-1-150x150.jpg",150,150,true],"medium":["https:\/\/pornuestrolaredo.com\/wp-content\/uploads\/2022\/10\/Stereo91-20221006-1-300x184.jpg",300,184,true],"medium_large":["https:\/\/pornuestrolaredo.com\/wp-content\/uploads\/2022\/10\/Stereo91-20221006-1-768x471.jpg",640,393,true],"large":["https:\/\/pornuestrolaredo.com\/wp-content\/uploads\/2022\/10\/Stereo91-20221006-1.jpg",640,392,false],"1536x1536":["https:\/\/pornuestrolaredo.com\/wp-content\/uploads\/2022\/10\/Stereo91-20221006-1.jpg",958,587,false],"2048x2048":["https:\/\/pornuestrolaredo.com\/wp-content\/uploads\/2022\/10\/Stereo91-20221006-1.jpg",958,587,false],"morenews-large":["https:\/\/pornuestrolaredo.com\/wp-content\/uploads\/2022\/10\/Stereo91-20221006-1.jpg",825,506,false],"morenews-medium":["https:\/\/pornuestrolaredo.com\/wp-content\/uploads\/2022\/10\/Stereo91-20221006-1.jpg",590,362,false]},"author_info":{"info":["Redactor"]},"category_info":"<a href=\"https:\/\/pornuestrolaredo.com\/?cat=9\" rel=\"category\">El Mundo<\/a>","tag_info":"El Mundo","comment_count":"0","jetpack_featured_media_url":"https:\/\/pornuestrolaredo.com\/wp-content\/uploads\/2022\/10\/Stereo91-20221006-1.jpg","jetpack_sharing_enabled":true,"_links":{"self":[{"href":"https:\/\/pornuestrolaredo.com\/index.php?rest_route=\/wp\/v2\/posts\/506","targetHints":{"allow":["GET"]}}],"collection":[{"href":"https:\/\/pornuestrolaredo.com\/index.php?rest_route=\/wp\/v2\/posts"}],"about":[{"href":"https:\/\/pornuestrolaredo.com\/index.php?rest_route=\/wp\/v2\/types\/post"}],"author":[{"embeddable":true,"href":"https:\/\/pornuestrolaredo.com\/index.php?rest_route=\/wp\/v2\/users\/1"}],"replies":[{"embeddable":true,"href":"https:\/\/pornuestrolaredo.com\/index.php?rest_route=%2Fwp%2Fv2%2Fcomments&post=506"}],"version-history":[{"count":2,"href":"https:\/\/pornuestrolaredo.com\/index.php?rest_route=\/wp\/v2\/posts\/506\/revisions"}],"predecessor-version":[{"id":509,"href":"https:\/\/pornuestrolaredo.com\/index.php?rest_route=\/wp\/v2\/posts\/506\/revisions\/509"}],"wp:featuredmedia":[{"embeddable":true,"href":"https:\/\/pornuestrolaredo.com\/index.php?rest_route=\/wp\/v2\/media\/507"}],"wp:attachment":[{"href":"https:\/\/pornuestrolaredo.com\/index.php?rest_route=%2Fwp%2Fv2%2Fmedia&parent=506"}],"wp:term":[{"taxonomy":"category","embeddable":true,"href":"https:\/\/pornuestrolaredo.com\/index.php?rest_route=%2Fwp%2Fv2%2Fcategories&post=506"},{"taxonomy":"post_tag","embeddable":true,"href":"https:\/\/pornuestrolaredo.com\/index.php?rest_route=%2Fwp%2Fv2%2Ftags&post=506"}],"curies":[{"name":"wp","href":"https:\/\/api.w.org\/{rel}","templated":true}]}}